{"id":6914,"date":"2018-09-02T12:50:08","date_gmt":"2018-09-02T11:50:08","guid":{"rendered":"http:\/\/bisbalpenedes.com\/web\/?p=6914"},"modified":"2018-09-08T11:45:39","modified_gmt":"2018-09-08T10:45:39","slug":"el-grup-de-joves-som-festa-ha-celebrat-el-seu-primer-acte-public-i-es-prepara-per-a-la-festa-que-ha-organitzat-per-al-10-de-setembre","status":"publish","type":"post","link":"https:\/\/bisbalpenedes.com\/web\/2018\/09\/02\/el-grup-de-joves-som-festa-ha-celebrat-el-seu-primer-acte-public-i-es-prepara-per-a-la-festa-que-ha-organitzat-per-al-10-de-setembre\/","title":{"rendered":"El grup de joves Som Festa ha celebrat el seu primer acte p\u00fablic aquest dissabte i prepara una gran festa per al 10 de setembre"},"content":{"rendered":"<div class=\"\" data-block=\"true\" data-editor=\"97koo\" data-offset-key=\"cf44n-0-0\">\n<div class=\"_1mf _1mj\" data-offset-key=\"cf44n-0-0\"><span style=\"color: #000000;\"><a style=\"color: #000000;\" href=\"http:\/\/bisbalpenedes.com\/web\/wp-content\/uploads\/2018\/09\/IMG_7573.jpg\"><img loading=\"lazy\" class=\"aligncenter size-large wp-image-6915\" src=\"http:\/\/bisbalpenedes.com\/web\/wp-content\/uploads\/2018\/09\/IMG_7573-1024x682.jpg\" alt=\"FOTO SOM FESTA GRUP\" width=\"630\" height=\"420\" srcset=\"https:\/\/bisbalpenedes.com\/web\/wp-content\/uploads\/2018\/09\/IMG_7573.jpg 1024w, https:\/\/bisbalpenedes.com\/web\/wp-content\/uploads\/2018\/09\/IMG_7573-600x400.jpg 600w, https:\/\/bisbalpenedes.com\/web\/wp-content\/uploads\/2018\/09\/IMG_7573-300x200.jpg 300w, https:\/\/bisbalpenedes.com\/web\/wp-content\/uploads\/2018\/09\/IMG_7573-768x512.jpg 768w\" sizes=\"(max-width: 630px) 100vw, 630px\" \/><\/a><\/span><\/div>\n<\/div>\n<div class=\"\" data-block=\"true\" data-editor=\"97koo\" data-offset-key=\"97mkm-0-0\">\n<div class=\"_1mf _1mj\" data-offset-key=\"97mkm-0-0\"><span style=\"color: #000000;\"><span data-offset-key=\"97mkm-0-0\"><span data-text=\"true\">Els <\/span><\/span><span class=\"_247o\" spellcheck=\"false\" data-offset-key=\"97mkm-1-0\"><span data-offset-key=\"97mkm-1-0\"><span data-text=\"true\">Esventats Bisbal<\/span><\/span><\/span><span data-offset-key=\"97mkm-2-0\"><span data-text=\"true\"> i tres col\u00b7lectius m\u00e9s de joves de la comarca han creat &#8216;Som Festa&#8217;, un col\u00b7lectiu de joves que tirar\u00e0 endavant diversos actes adre\u00e7ats a tots els p\u00fablics i, en especial, als joves de la comarca, amb l\u2019objectiu de compartir experi\u00e8ncies amb altres joves i con\u00e8ixer gent nova. Aquest dissabte han celebrat el seu primer acte i han organitzat activitats, entre elles un sopar, per al pr\u00f2xim dia 10 de setembre. Aquest \u00e9s el programa previst per al dilluns 10 de setembre (vig\u00edlia de festiu):<\/span><\/span><\/span><\/div>\n<div class=\"_1mf _1mj\" data-offset-key=\"97mkm-0-0\"><span style=\"color: #000000;\"><a style=\"color: #000000;\" href=\"http:\/\/bisbalpenedes.com\/web\/wp-content\/uploads\/2018\/09\/Som-festa-10-setembre.jpg\"><img loading=\"lazy\" class=\"aligncenter size-large wp-image-6916\" src=\"http:\/\/bisbalpenedes.com\/web\/wp-content\/uploads\/2018\/09\/Som-festa-10-setembre-730x1024.jpg\" alt=\"Som festa 10 setembre\" width=\"630\" height=\"884\" srcset=\"https:\/\/bisbalpenedes.com\/web\/wp-content\/uploads\/2018\/09\/Som-festa-10-setembre-730x1024.jpg 730w, https:\/\/bisbalpenedes.com\/web\/wp-content\/uploads\/2018\/09\/Som-festa-10-setembre-600x841.jpg 600w, https:\/\/bisbalpenedes.com\/web\/wp-content\/uploads\/2018\/09\/Som-festa-10-setembre-214x300.jpg 214w, https:\/\/bisbalpenedes.com\/web\/wp-content\/uploads\/2018\/09\/Som-festa-10-setembre-768x1077.jpg 768w, https:\/\/bisbalpenedes.com\/web\/wp-content\/uploads\/2018\/09\/Som-festa-10-setembre.jpg 1225w\" sizes=\"(max-width: 630px) 100vw, 630px\" \/><\/a><\/span><\/div>\n<\/div>\n<div class=\"\" data-block=\"true\" data-editor=\"97koo\" data-offset-key=\"cc2kp-0-0\">\n<div class=\"_1mf _1mj\" data-offset-key=\"cc2kp-0-0\"><span style=\"color: #000000;\" data-offset-key=\"cc2kp-0-0\">Podeu comprar els tiquets per al sopar, als seg\u00fcents establiments:<\/span><\/div>\n<div class=\"_1mf _1mj\" data-offset-key=\"cc2kp-0-0\"><span style=\"color: #000000;\"><a style=\"color: #000000;\" href=\"http:\/\/bisbalpenedes.com\/web\/wp-content\/uploads\/2018\/09\/Som-festa-Punts-de-venda-tiquets-sopar.jpg\"><img loading=\"lazy\" class=\"aligncenter size-large wp-image-6917\" src=\"http:\/\/bisbalpenedes.com\/web\/wp-content\/uploads\/2018\/09\/Som-festa-Punts-de-venda-tiquets-sopar-730x1024.jpg\" alt=\"Som festa Punts de venda tiquets sopar\" width=\"630\" height=\"884\" srcset=\"https:\/\/bisbalpenedes.com\/web\/wp-content\/uploads\/2018\/09\/Som-festa-Punts-de-venda-tiquets-sopar-730x1024.jpg 730w, https:\/\/bisbalpenedes.com\/web\/wp-content\/uploads\/2018\/09\/Som-festa-Punts-de-venda-tiquets-sopar-600x841.jpg 600w, https:\/\/bisbalpenedes.com\/web\/wp-content\/uploads\/2018\/09\/Som-festa-Punts-de-venda-tiquets-sopar-214x300.jpg 214w, https:\/\/bisbalpenedes.com\/web\/wp-content\/uploads\/2018\/09\/Som-festa-Punts-de-venda-tiquets-sopar-768x1077.jpg 768w, https:\/\/bisbalpenedes.com\/web\/wp-content\/uploads\/2018\/09\/Som-festa-Punts-de-venda-tiquets-sopar.jpg 1225w\" sizes=\"(max-width: 630px) 100vw, 630px\" \/><\/a><\/span><\/div>\n<\/div>\n<div class=\"\" data-block=\"true\" data-editor=\"97koo\" data-offset-key=\"1po7s-0-0\">\n<div class=\"_1mf _1mj\" data-offset-key=\"1po7s-0-0\">\n<hr \/>\n<p><span style=\"color: #000000;\" data-offset-key=\"1po7s-0-0\"><span data-text=\"true\"><br \/>\n<\/span><\/span><\/p>\n<\/div>\n<\/div>\n<div class=\"\" data-block=\"true\" data-editor=\"97koo\" data-offset-key=\"i5c7-0-0\">\n<div class=\"_1mf _1mj\" data-offset-key=\"i5c7-0-0\"><span style=\"color: #000000;\"><span data-offset-key=\"i5c7-0-0\"><strong>CASTELLANO |<\/strong>\u00a0<\/span>Els Esventats Bisbal y tres colectivos m\u00e1s de j\u00f3venes de la comarca han creado &#8216;Som Festa&#8217;, un colectivo de j\u00f3venes que llevar\u00e1 a cabo varios actos dirigidos a todos los p\u00fablicos y, en especial, a los j\u00f3venes de la comarca, con el objetivo de compartir experiencias con otros j\u00f3venes y conocer gente nueva. Este s\u00e1bado han celebrado su primer acto y han organizado actividades, entre ellas una cena, para el pr\u00f3ximo d\u00eda 10 de septiembre. Este es el programa previsto para el lunes 10 de septiembre (vigilia de festivo):\u00a0<\/span><\/div>\n<\/div>\n<div class=\"\" data-block=\"true\" data-editor=\"97koo\" data-offset-key=\"7tg66-0-0\">\n<div class=\"_1mf _1mj\" data-offset-key=\"7tg66-0-0\"><span style=\"color: #000000;\"><a style=\"color: #000000;\" href=\"http:\/\/bisbalpenedes.com\/web\/wp-content\/uploads\/2018\/09\/Som-festa-10-setembre.jpg\"><img loading=\"lazy\" class=\"aligncenter size-large wp-image-6916\" src=\"http:\/\/bisbalpenedes.com\/web\/wp-content\/uploads\/2018\/09\/Som-festa-10-setembre-730x1024.jpg\" alt=\"Som festa 10 setembre\" width=\"630\" height=\"884\" srcset=\"https:\/\/bisbalpenedes.com\/web\/wp-content\/uploads\/2018\/09\/Som-festa-10-setembre-730x1024.jpg 730w, https:\/\/bisbalpenedes.com\/web\/wp-content\/uploads\/2018\/09\/Som-festa-10-setembre-600x841.jpg 600w, https:\/\/bisbalpenedes.com\/web\/wp-content\/uploads\/2018\/09\/Som-festa-10-setembre-214x300.jpg 214w, https:\/\/bisbalpenedes.com\/web\/wp-content\/uploads\/2018\/09\/Som-festa-10-setembre-768x1077.jpg 768w, https:\/\/bisbalpenedes.com\/web\/wp-content\/uploads\/2018\/09\/Som-festa-10-setembre.jpg 1225w\" sizes=\"(max-width: 630px) 100vw, 630px\" \/><\/a><\/span><\/div>\n<div class=\"_1mf _1mj\" data-offset-key=\"7tg66-0-0\"><span style=\"color: #000000;\">Pod\u00e9is comprar los tiques para la cena en los siguientes establecimientos:<\/span><\/div>\n<div class=\"_1mf _1mj\" data-offset-key=\"7tg66-0-0\"><span style=\"color: #000000;\"><a style=\"color: #000000;\" href=\"http:\/\/bisbalpenedes.com\/web\/wp-content\/uploads\/2018\/09\/Som-festa-Punts-de-venda-tiquets-sopar.jpg\"><img loading=\"lazy\" class=\"aligncenter size-large wp-image-6917\" src=\"http:\/\/bisbalpenedes.com\/web\/wp-content\/uploads\/2018\/09\/Som-festa-Punts-de-venda-tiquets-sopar-730x1024.jpg\" alt=\"Som festa Punts de venda tiquets sopar\" width=\"630\" height=\"884\" srcset=\"https:\/\/bisbalpenedes.com\/web\/wp-content\/uploads\/2018\/09\/Som-festa-Punts-de-venda-tiquets-sopar-730x1024.jpg 730w, https:\/\/bisbalpenedes.com\/web\/wp-content\/uploads\/2018\/09\/Som-festa-Punts-de-venda-tiquets-sopar-600x841.jpg 600w, https:\/\/bisbalpenedes.com\/web\/wp-content\/uploads\/2018\/09\/Som-festa-Punts-de-venda-tiquets-sopar-214x300.jpg 214w, https:\/\/bisbalpenedes.com\/web\/wp-content\/uploads\/2018\/09\/Som-festa-Punts-de-venda-tiquets-sopar-768x1077.jpg 768w, https:\/\/bisbalpenedes.com\/web\/wp-content\/uploads\/2018\/09\/Som-festa-Punts-de-venda-tiquets-sopar.jpg 1225w\" sizes=\"(max-width: 630px) 100vw, 630px\" \/><\/a><\/span><\/div>\n<\/div>\n<div class=\"\" data-block=\"true\" data-editor=\"97koo\" data-offset-key=\"e71g8-0-0\">\n<div class=\"_1mf _1mj\" data-offset-key=\"e71g8-0-0\"><span style=\"color: #000000;\" data-offset-key=\"e71g8-0-0\">\u00a0<\/span><\/div>\n<\/div>\n<div class=\"\" data-block=\"true\" data-editor=\"97koo\" data-offset-key=\"83mbg-0-0\"><span style=\"color: #000000;\">\u00a0<\/span><\/div>\n","protected":false},"excerpt":{"rendered":"<p>Els Esventats Bisbal i tres col\u00b7lectius m\u00e9s de joves de la comarca han creat &#8216;Som Festa&#8217;, un col\u00b7lectiu de joves que tirar\u00e0 endavant diversos actes adre\u00e7ats a tots els p\u00fablics &hellip; <a href=\"https:\/\/bisbalpenedes.com\/web\/2018\/09\/02\/el-grup-de-joves-som-festa-ha-celebrat-el-seu-primer-acte-public-i-es-prepara-per-a-la-festa-que-ha-organitzat-per-al-10-de-setembre\/\" class=\"more-link\">Read More<\/a><\/p>\n","protected":false},"author":4,"featured_media":6915,"comment_status":"closed","ping_status":"closed","sticky":false,"template":"","format":"standard","meta":[],"categories":[20],"tags":[2289,459,2284,2285,2316,1634,1057,210,505,2282,393,2286,1374,1205,2267,126,2269,2283,2287],"_links":{"self":[{"href":"https:\/\/bisbalpenedes.com\/web\/wp-json\/wp\/v2\/posts\/6914"}],"collection":[{"href":"https:\/\/bisbalpenedes.com\/web\/wp-json\/wp\/v2\/posts"}],"about":[{"href":"https:\/\/bisbalpenedes.com\/web\/wp-json\/wp\/v2\/types\/post"}],"author":[{"embeddable":true,"href":"https:\/\/bisbalpenedes.com\/web\/wp-json\/wp\/v2\/users\/4"}],"replies":[{"embeddable":true,"href":"https:\/\/bisbalpenedes.com\/web\/wp-json\/wp\/v2\/comments?post=6914"}],"version-history":[{"count":6,"href":"https:\/\/bisbalpenedes.com\/web\/wp-json\/wp\/v2\/posts\/6914\/revisions"}],"predecessor-version":[{"id":6923,"href":"https:\/\/bisbalpenedes.com\/web\/wp-json\/wp\/v2\/posts\/6914\/revisions\/6923"}],"wp:featuredmedia":[{"embeddable":true,"href":"https:\/\/bisbalpenedes.com\/web\/wp-json\/wp\/v2\/media\/6915"}],"wp:attachment":[{"href":"https:\/\/bisbalpenedes.com\/web\/wp-json\/wp\/v2\/media?parent=6914"}],"wp:term":[{"taxonomy":"category","embeddable":true,"href":"https:\/\/bisbalpenedes.com\/web\/wp-json\/wp\/v2\/categories?post=6914"},{"taxonomy":"post_tag","embeddable":true,"href":"https:\/\/bisbalpenedes.com\/web\/wp-json\/wp\/v2\/tags?post=6914"}],"curies":[{"name":"wp","href":"https:\/\/api.w.org\/{rel}","templated":true}]}}