{"id":6912,"date":"2018-09-01T10:46:54","date_gmt":"2018-09-01T09:46:54","guid":{"rendered":"http:\/\/bisbalpenedes.com\/web\/?p=6912"},"modified":"2018-09-05T00:17:27","modified_gmt":"2018-09-04T23:17:27","slug":"lajuntament-installara-50-contenidors-de-fraccio-organica-a-les-urbanitzacions-de-la-bisbal","status":"publish","type":"post","link":"https:\/\/bisbalpenedes.com\/web\/2018\/09\/01\/lajuntament-installara-50-contenidors-de-fraccio-organica-a-les-urbanitzacions-de-la-bisbal\/","title":{"rendered":"L&#8217;Ajuntament instal\u00b7lar\u00e0 50 contenidors de fracci\u00f3 org\u00e0nica a les urbanitzacions de la Bisbal"},"content":{"rendered":"<p>L\u2019Ajuntament de la Bisbal del Pened\u00e8s instal\u00b7lar\u00e0 50 contenidors de fracci\u00f3 org\u00e0nica de 240 litres de capacitat a les urbanitzacions de la Bisbal del Pened\u00e8s. L\u2019adaptaci\u00f3 al sistema de recollida de fracci\u00f3 org\u00e0nica a les urbanitzacions, es far\u00e0 per fases:<\/p>\n<p style=\"padding-left: 30px;\"><strong>Fase 1:<\/strong> compra i instal\u00b7laci\u00f3 de contenidors grans.<\/p>\n<p style=\"padding-left: 30px;\"><strong>Fase 2:<\/strong> compra de contenidors de fracci\u00f3 org\u00e0nica per repartir als habitatges de les urbanitzacions.<\/p>\n<p style=\"padding-left: 30px;\"><strong>Fase 3:<\/strong> compra de bosses de fracci\u00f3 org\u00e0nica per repartir als habitatges.<\/p>\n<p style=\"padding-left: 30px;\"><strong>Fase 4:<\/strong> inici de la campanya informativa del nou sistema de recollida.<\/p>\n<p>Aquest divendres 31 d\u2019agost la Junta de Govern Local ha aprovat el procediment obert de contractaci\u00f3, \u00e9s a dir, el concurs obert, per a la contractaci\u00f3 de 50 contenidors de fracci\u00f3 org\u00e0nica de 240 litres de capacitat i la seva corresponent instal\u00b7laci\u00f3 per un import de 16.126,88\u20ac (IVA incl\u00f2s). En els pr\u00f2xims mesos, l\u2019Ajuntament tirar\u00e0 endavant els procediments de contractaci\u00f3 de les seg\u00fcents fases previstes i, una vegada s\u2019hagin formalitzat tots els contractes, es posar\u00e0 en funcionament el sistema de recollida de la fracci\u00f3 org\u00e0nica de les urbanitzacions.<\/p>\n<p>L\u2019objectiu de la Regidoria de Medi Ambient \u00e9s millorar la recollida de mat\u00e8ria org\u00e0nica al Priorat, la Miralba, Can Gordei, l\u2019Esplai, la Masieta, el Papagai i l\u2019Ortig\u00f3s. En aquesta campanya no s\u2019inclou el nucli, perqu\u00e8 ja recull la mat\u00e8ria org\u00e0nica de forma separada, ni tampoc Santa Cristina, ja que la gesti\u00f3 del servei de recollida d\u2019escombraries en aquesta urbanitzaci\u00f3 va a c\u00e0rrec de l\u2019Ajuntament de Rodony\u00e0.<\/p>\n<hr \/>\n<p><strong>CASTELLANO |<\/strong> El Ayuntamiento de la Bisbal del Pened\u00e8s instalar\u00e1 50 contenedores de fracci\u00f3n org\u00e1nica de 240 litros de capacidad en las urbanizaciones de la Bisbal del Pened\u00e8s. La adaptaci\u00f3n al sistema de recogida de fracci\u00f3n org\u00e1nica en las urbanizaciones, se har\u00e1 por fases:<\/p>\n<p style=\"padding-left: 30px;\"><strong>Fase 1:<\/strong> compra e instalaci\u00f3n de contenedores grandes.<\/p>\n<p style=\"padding-left: 30px;\"><strong>Fase 2:<\/strong> compra de contenedores de fracci\u00f3n org\u00e1nica para repartir en las viviendas de las urbanizaciones.<\/p>\n<p style=\"padding-left: 30px;\"><strong>Fase 3:<\/strong> compra de bolsas de fracci\u00f3n org\u00e1nica para repartir en las viviendas.<\/p>\n<p style=\"padding-left: 30px;\"><strong>Fase 4:<\/strong> inicio de la campa\u00f1a informativa del nuevo sistema de recogida.<\/p>\n<p>Este viernes 31 de agosto la Junta de Gobierno Local ha aprobado el procedimiento abierto de contrataci\u00f3n, es decir, el concurso abierto, para la contrataci\u00f3n de 50 contenedores de fracci\u00f3n org\u00e1nica de 240 litros de capacidad y su correspondiente instalaci\u00f3n por un importe de 16.126,88\u20ac (IVA incluido). En los pr\u00f3ximos meses, el Ayuntamiento tirar\u00e1 adelante los procedimientos de contrataci\u00f3n de las siguientes fases previstas y, una vez se hayan formalizado todos los contratos, se pondr\u00e1 en funcionamiento el sistema de recogida de la fracci\u00f3n org\u00e1nica en las urbanizaciones.<\/p>\n<p>El objetivo de la Regidoria de Medi Ambient es mejorar la recogida de materia org\u00e1nica en el Priorat, la Miralba, Can Gordei, l&#8217;Esplai, la Masieta, el Papagai y l&#8217;Ortig\u00f3s. En esta campa\u00f1a no se incluye el n\u00facleo, porqu\u00e9 ya recoge la materia org\u00e1nica de forma separada, ni tampoco Santa Cristina, ya que la gesti\u00f3n del servicio de recogida de basuras en esta urbanizaci\u00f3n va a cargo del Ayuntamiento de Rodony\u00e0.<\/p>\n","protected":false},"excerpt":{"rendered":"<p>L\u2019Ajuntament de la Bisbal del Pened\u00e8s instal\u00b7lar\u00e0 50 contenidors de fracci\u00f3 org\u00e0nica de 240 litres de capacitat a les urbanitzacions de la Bisbal del Pened\u00e8s. L\u2019adaptaci\u00f3 al sistema de recollida &hellip; <a href=\"https:\/\/bisbalpenedes.com\/web\/2018\/09\/01\/lajuntament-installara-50-contenidors-de-fraccio-organica-a-les-urbanitzacions-de-la-bisbal\/\" class=\"more-link\">Read More<\/a><\/p>\n","protected":false},"author":4,"featured_media":5930,"comment_status":"closed","ping_status":"closed","sticky":false,"template":"","format":"standard","meta":[],"categories":[32],"tags":[198,2281,625,317,1177,276,604,587,246,1907,424,452],"_links":{"self":[{"href":"https:\/\/bisbalpenedes.com\/web\/wp-json\/wp\/v2\/posts\/6912"}],"collection":[{"href":"https:\/\/bisbalpenedes.com\/web\/wp-json\/wp\/v2\/posts"}],"about":[{"href":"https:\/\/bisbalpenedes.com\/web\/wp-json\/wp\/v2\/types\/post"}],"author":[{"embeddable":true,"href":"https:\/\/bisbalpenedes.com\/web\/wp-json\/wp\/v2\/users\/4"}],"replies":[{"embeddable":true,"href":"https:\/\/bisbalpenedes.com\/web\/wp-json\/wp\/v2\/comments?post=6912"}],"version-history":[{"count":2,"href":"https:\/\/bisbalpenedes.com\/web\/wp-json\/wp\/v2\/posts\/6912\/revisions"}],"predecessor-version":[{"id":6952,"href":"https:\/\/bisbalpenedes.com\/web\/wp-json\/wp\/v2\/posts\/6912\/revisions\/6952"}],"wp:featuredmedia":[{"embeddable":true,"href":"https:\/\/bisbalpenedes.com\/web\/wp-json\/wp\/v2\/media\/5930"}],"wp:attachment":[{"href":"https:\/\/bisbalpenedes.com\/web\/wp-json\/wp\/v2\/media?parent=6912"}],"wp:term":[{"taxonomy":"category","embeddable":true,"href":"https:\/\/bisbalpenedes.com\/web\/wp-json\/wp\/v2\/categories?post=6912"},{"taxonomy":"post_tag","embeddable":true,"href":"https:\/\/bisbalpenedes.com\/web\/wp-json\/wp\/v2\/tags?post=6912"}],"curies":[{"name":"wp","href":"https:\/\/api.w.org\/{rel}","templated":true}]}}