{"id":6889,"date":"2018-08-30T11:36:05","date_gmt":"2018-08-30T10:36:05","guid":{"rendered":"http:\/\/bisbalpenedes.com\/web\/?p=6889"},"modified":"2018-08-30T11:46:26","modified_gmt":"2018-08-30T10:46:26","slug":"gent-gran-en-moviment-al-setembre-comencen-les-activitats-adrecades-a-la-gent-gran","status":"publish","type":"post","link":"https:\/\/bisbalpenedes.com\/web\/2018\/08\/30\/gent-gran-en-moviment-al-setembre-comencen-les-activitats-adrecades-a-la-gent-gran\/","title":{"rendered":"Gent Gran en Moviment: al setembre comencen diverses activitats adre\u00e7ades a la gent gran"},"content":{"rendered":"<p><span style=\"color: #000000;\">La Regidoria de la Gent Gran organitza, un any m\u00e9s, activitats\u00a0amb l&#8217;objectiu que la gent gran exerciti el cos i la ment. Durant el mes de setembre s&#8217;oferiran de forma gratu\u00efta i, aquells usuaris que vulguin continuar a partir de l&#8217;octubre, hauran d&#8217;inscriure&#8217;s a l&#8217;Ajuntament.<\/span><\/p>\n<p><span style=\"color: #000000;\">Les activitats que\u00a0comencen al setembre s\u00f3n:\u00a0<\/span><\/p>\n<p style=\"padding-left: 30px;\"><span style=\"color: #000000;\"><strong>Activitat f\u00edsica saludable i parc de salut:<\/strong> els dilluns i els dimecres de 10.45h a 12.15h<\/span><\/p>\n<p style=\"padding-left: 30px;\"><span style=\"color: #000000;\"><strong>Benestar emocional:<\/strong> els dimarts de 18.00h a 20.00h<\/span><\/p>\n<p><span style=\"color: #000000;\">Aquestes activitats es duran a terme al Rac\u00f3 de la Gent Gran (pla\u00e7a de l&#8217;Era de Batre)<\/span><\/p>\n<p><span style=\"color: #000000;\">No perdis el ritme, t&#8217;ho passar\u00e0s genial i et sentir\u00e0s molt b\u00e9!<\/span><\/p>\n<hr \/>\n<p><span style=\"color: #000000;\"><strong>CASTELLANO |<\/strong> La Regidoria de la Gent Gran organiza, un a\u00f1o m\u00e1s, actividades con el objetivo que la gente mayor ejercite el cuerpo y la mente. Durante el mes de septiembre se ofrecer\u00e1n de forma gratuita y, aquellos usuarios que quieran continuar a partir del mes de octubre, deber\u00e1n apuntarse en el Ayuntamiento.<\/span><\/p>\n<p><span style=\"color: #000000;\">Las actividades que empiezan en septiembre son:<\/span><\/p>\n<p style=\"padding-left: 30px;\"><span style=\"color: #000000;\"><strong>Actividad f\u00edsica saludable y parque de salud:<\/strong> los lunes y los mi\u00e9rcoles de 10.45h a 12.15h<\/span><\/p>\n<p style=\"padding-left: 30px;\"><span style=\"color: #000000;\"><strong>Bienestar emocional:<\/strong> los martes de 18.00h a 20.00h<\/span><\/p>\n<p><span style=\"color: #000000;\">Estas actividades se llevar\u00e1n a cabo en el Rac\u00f3 de la Gent Gran (pla\u00e7a de l&#8217;Era de Batre)<\/span><\/p>\n<p><span style=\"color: #000000;\">No pierdas el ritmo, \u00a1te lo pasar\u00e1s genial y te sentir\u00e1s muy bien!<\/span><\/p>\n<p><a href=\"http:\/\/bisbalpenedes.com\/web\/wp-content\/uploads\/2018\/08\/Gent-Gran-Activitat-fisica.jpg\"><img loading=\"lazy\" class=\"aligncenter size-large wp-image-6890\" src=\"http:\/\/bisbalpenedes.com\/web\/wp-content\/uploads\/2018\/08\/Gent-Gran-Activitat-fisica-709x1024.jpg\" alt=\"Gent gran activitat fisica\" width=\"630\" height=\"910\" srcset=\"https:\/\/bisbalpenedes.com\/web\/wp-content\/uploads\/2018\/08\/Gent-Gran-Activitat-fisica-709x1024.jpg 709w, https:\/\/bisbalpenedes.com\/web\/wp-content\/uploads\/2018\/08\/Gent-Gran-Activitat-fisica-600x867.jpg 600w, https:\/\/bisbalpenedes.com\/web\/wp-content\/uploads\/2018\/08\/Gent-Gran-Activitat-fisica-208x300.jpg 208w, https:\/\/bisbalpenedes.com\/web\/wp-content\/uploads\/2018\/08\/Gent-Gran-Activitat-fisica-768x1109.jpg 768w, https:\/\/bisbalpenedes.com\/web\/wp-content\/uploads\/2018\/08\/Gent-Gran-Activitat-fisica.jpg 1350w\" sizes=\"(max-width: 630px) 100vw, 630px\" \/><\/a><\/p>\n","protected":false},"excerpt":{"rendered":"<p>La Regidoria de la Gent Gran organitza, un any m\u00e9s, activitats\u00a0amb l&#8217;objectiu que la gent gran exerciti el cos i la ment. Durant el mes de setembre s&#8217;oferiran de forma &hellip; <a href=\"https:\/\/bisbalpenedes.com\/web\/2018\/08\/30\/gent-gran-en-moviment-al-setembre-comencen-les-activitats-adrecades-a-la-gent-gran\/\" class=\"more-link\">Read More<\/a><\/p>\n","protected":false},"author":4,"featured_media":6890,"comment_status":"closed","ping_status":"closed","sticky":false,"template":"","format":"standard","meta":[],"categories":[464],"tags":[306,304,2280,2279,736],"_links":{"self":[{"href":"https:\/\/bisbalpenedes.com\/web\/wp-json\/wp\/v2\/posts\/6889"}],"collection":[{"href":"https:\/\/bisbalpenedes.com\/web\/wp-json\/wp\/v2\/posts"}],"about":[{"href":"https:\/\/bisbalpenedes.com\/web\/wp-json\/wp\/v2\/types\/post"}],"author":[{"embeddable":true,"href":"https:\/\/bisbalpenedes.com\/web\/wp-json\/wp\/v2\/users\/4"}],"replies":[{"embeddable":true,"href":"https:\/\/bisbalpenedes.com\/web\/wp-json\/wp\/v2\/comments?post=6889"}],"version-history":[{"count":5,"href":"https:\/\/bisbalpenedes.com\/web\/wp-json\/wp\/v2\/posts\/6889\/revisions"}],"predecessor-version":[{"id":6892,"href":"https:\/\/bisbalpenedes.com\/web\/wp-json\/wp\/v2\/posts\/6889\/revisions\/6892"}],"wp:featuredmedia":[{"embeddable":true,"href":"https:\/\/bisbalpenedes.com\/web\/wp-json\/wp\/v2\/media\/6890"}],"wp:attachment":[{"href":"https:\/\/bisbalpenedes.com\/web\/wp-json\/wp\/v2\/media?parent=6889"}],"wp:term":[{"taxonomy":"category","embeddable":true,"href":"https:\/\/bisbalpenedes.com\/web\/wp-json\/wp\/v2\/categories?post=6889"},{"taxonomy":"post_tag","embeddable":true,"href":"https:\/\/bisbalpenedes.com\/web\/wp-json\/wp\/v2\/tags?post=6889"}],"curies":[{"name":"wp","href":"https:\/\/api.w.org\/{rel}","templated":true}]}}