{"id":6886,"date":"2018-08-30T11:16:02","date_gmt":"2018-08-30T10:16:02","guid":{"rendered":"http:\/\/bisbalpenedes.com\/web\/?p=6886"},"modified":"2018-08-30T11:16:02","modified_gmt":"2018-08-30T10:16:02","slug":"lassociacio-de-la-gent-gran-celebra-la-seva-festa-anual-el-diumenge-16-de-setembre","status":"publish","type":"post","link":"https:\/\/bisbalpenedes.com\/web\/2018\/08\/30\/lassociacio-de-la-gent-gran-celebra-la-seva-festa-anual-el-diumenge-16-de-setembre\/","title":{"rendered":"L&#8217;Associaci\u00f3 de la Gent Gran celebra la seva festa anual el diumenge 16 de setembre"},"content":{"rendered":"<p><a href=\"http:\/\/bisbalpenedes.com\/web\/wp-content\/uploads\/2018\/08\/9fc8eac1-306e-42ff-9ca3-3b498de4094f.jpg\"><img loading=\"lazy\" class=\"aligncenter size-medium wp-image-6887\" src=\"http:\/\/bisbalpenedes.com\/web\/wp-content\/uploads\/2018\/08\/9fc8eac1-306e-42ff-9ca3-3b498de4094f-217x300.jpg\" alt=\"berenar associacio jubilats\" width=\"217\" height=\"300\" srcset=\"https:\/\/bisbalpenedes.com\/web\/wp-content\/uploads\/2018\/08\/9fc8eac1-306e-42ff-9ca3-3b498de4094f-217x300.jpg 217w, https:\/\/bisbalpenedes.com\/web\/wp-content\/uploads\/2018\/08\/9fc8eac1-306e-42ff-9ca3-3b498de4094f-600x830.jpg 600w, https:\/\/bisbalpenedes.com\/web\/wp-content\/uploads\/2018\/08\/9fc8eac1-306e-42ff-9ca3-3b498de4094f-768x1062.jpg 768w, https:\/\/bisbalpenedes.com\/web\/wp-content\/uploads\/2018\/08\/9fc8eac1-306e-42ff-9ca3-3b498de4094f-741x1024.jpg 741w, https:\/\/bisbalpenedes.com\/web\/wp-content\/uploads\/2018\/08\/9fc8eac1-306e-42ff-9ca3-3b498de4094f.jpg 1150w\" sizes=\"(max-width: 217px) 100vw, 217px\" \/><\/a><\/p>\n<p><span style=\"color: #000000;\">L&#8217;Associaci\u00f3 de la Gent Gran celebra la seva festa anual el diumenge 16 de setembre. El programa previst \u00e9s el seg\u00fcent:<\/span><\/p>\n<p style=\"padding-left: 30px;\"><span style=\"color: #000000;\">\u00b7Al mat\u00ed: Missa dedicada als socis difunts<\/span><\/p>\n<p style=\"padding-left: 30px;\"><span style=\"color: #000000;\">\u00b7A les 19.30h, berenar de germanor a la pla\u00e7a de l&#8217;Esgl\u00e9sia i, a continuaci\u00f3, Fi de Festa Musical.<\/span><\/p>\n<p><span style=\"color: #000000;\">*Preu per a socis 6\u20ac. Preu per a no socis: 10\u20ac.<\/span><\/p>\n<p><span style=\"color: #000000;\">*\u00c9s recomanable portar\u00a0coberts (ganivet i forquilla)<\/span><\/p>\n<p><span style=\"color: #000000;\">Per a m\u00e9s informaci\u00f3 cal contactar amb l&#8217;Antonio al tel\u00e8fon 977688163<\/span><\/p>\n<p><span style=\"color: #808080;\">Hi col\u00b7labora la Regidoria de la Gent Gran de l&#8217;Ajuntament de la Bisbal del Pened\u00e8s<\/span><\/p>\n<hr \/>\n<p><span style=\"color: #000000;\">CASTELLANO | La Associaci\u00f3 de la Gent Gran celebra su fiesta anual el domingo 16 de septiembre. El programa previsto es el siguiente:<\/span><\/p>\n<p style=\"padding-left: 30px;\"><span style=\"color: #000000;\">\u00b7Por la\u00a0 ma\u00f1ana: Misa\u00a0dedicada a los socios difuntos<\/span><\/p>\n<p style=\"padding-left: 30px;\"><span style=\"color: #000000;\">\u00b7A las 19.30h, merienda de hermandad en la pla\u00e7a de l&#8217;Esgl\u00e9sia y, a continuaci\u00f3n, Fin de Fiesta Musical.<\/span><\/p>\n<p><span style=\"color: #000000;\">*Precio para socios 6\u20ac. precio para no socios 10\u20ac.<\/span><\/p>\n<p><span style=\"color: #000000;\">*Se recomienda traer cubiertos (cuchillo y tenedor).<\/span><\/p>\n<p><span style=\"color: #000000;\">Para m\u00e1s informaci\u00f3n contactad con Antonio en el tel\u00e9fono 977688163<\/span><\/p>\n<p><span style=\"color: #808080;\">Colabora: la Regidoria de la Gent Gran del Ayuntamiento de la Bisbal del Pened\u00e8s<\/span><\/p>\n","protected":false},"excerpt":{"rendered":"<p>L&#8217;Associaci\u00f3 de la Gent Gran celebra la seva festa anual el diumenge 16 de setembre. El programa previst \u00e9s el seg\u00fcent: \u00b7Al mat\u00ed: Missa dedicada als socis difunts \u00b7A les &hellip; <a href=\"https:\/\/bisbalpenedes.com\/web\/2018\/08\/30\/lassociacio-de-la-gent-gran-celebra-la-seva-festa-anual-el-diumenge-16-de-setembre\/\" class=\"more-link\">Read More<\/a><\/p>\n","protected":false},"author":4,"featured_media":6887,"comment_status":"closed","ping_status":"closed","sticky":false,"template":"","format":"standard","meta":[],"categories":[464],"tags":[2278,955,305,1735],"_links":{"self":[{"href":"https:\/\/bisbalpenedes.com\/web\/wp-json\/wp\/v2\/posts\/6886"}],"collection":[{"href":"https:\/\/bisbalpenedes.com\/web\/wp-json\/wp\/v2\/posts"}],"about":[{"href":"https:\/\/bisbalpenedes.com\/web\/wp-json\/wp\/v2\/types\/post"}],"author":[{"embeddable":true,"href":"https:\/\/bisbalpenedes.com\/web\/wp-json\/wp\/v2\/users\/4"}],"replies":[{"embeddable":true,"href":"https:\/\/bisbalpenedes.com\/web\/wp-json\/wp\/v2\/comments?post=6886"}],"version-history":[{"count":1,"href":"https:\/\/bisbalpenedes.com\/web\/wp-json\/wp\/v2\/posts\/6886\/revisions"}],"predecessor-version":[{"id":6888,"href":"https:\/\/bisbalpenedes.com\/web\/wp-json\/wp\/v2\/posts\/6886\/revisions\/6888"}],"wp:featuredmedia":[{"embeddable":true,"href":"https:\/\/bisbalpenedes.com\/web\/wp-json\/wp\/v2\/media\/6887"}],"wp:attachment":[{"href":"https:\/\/bisbalpenedes.com\/web\/wp-json\/wp\/v2\/media?parent=6886"}],"wp:term":[{"taxonomy":"category","embeddable":true,"href":"https:\/\/bisbalpenedes.com\/web\/wp-json\/wp\/v2\/categories?post=6886"},{"taxonomy":"post_tag","embeddable":true,"href":"https:\/\/bisbalpenedes.com\/web\/wp-json\/wp\/v2\/tags?post=6886"}],"curies":[{"name":"wp","href":"https:\/\/api.w.org\/{rel}","templated":true}]}}