{"id":6881,"date":"2018-08-29T09:30:22","date_gmt":"2018-08-29T08:30:22","guid":{"rendered":"http:\/\/bisbalpenedes.com\/web\/?p=6881"},"modified":"2018-08-29T09:30:22","modified_gmt":"2018-08-29T08:30:22","slug":"aquest-divendres-31-dagost-a-les-20h-sentregaran-els-premis-del-concurs-de-fotografies-dinstagram-i-del-videobox","status":"publish","type":"post","link":"https:\/\/bisbalpenedes.com\/web\/2018\/08\/29\/aquest-divendres-31-dagost-a-les-20h-sentregaran-els-premis-del-concurs-de-fotografies-dinstagram-i-del-videobox\/","title":{"rendered":"Aquest divendres 31 d&#8217;agost a les 20h s&#8217;entregaran els premis del Concurs de fotografies d&#8217;Instagram i del V\u00eddeobox"},"content":{"rendered":"<p style=\"text-align: justify;\"><span style=\"color: #000000;\">Aquest <strong>divendres 31 d&#8217;agost a les 20h l&#8217;auditori del CMC<\/strong> acollir\u00e0 l&#8217;entrega de premis del <strong>IV Concurs de fotografies d&#8217;Instagram<\/strong> i del <strong>V\u00eddeobox<\/strong>.\u00a0<\/span><\/p>\n<p style=\"text-align: justify;\"><span style=\"color: #000000;\">El concurs de fotografies ha comptat amb la participaci\u00f3 de prop de 200 instant\u00e0nies realitzades durant la Festa Major de la Bisbal, de les quals han resultat seleccionades un total de 34 imatges. Recordem que divendres es premiaran tres fotografies amb un sopar per a dues persones en un establiment del municipi. Els dos primers premis seran triats pel jurat i el tercer, premi del p\u00fablic, es decidir\u00e0 fent un recompte dels vots que les imatges hagin rebut a trav\u00e9s de les xarxes socials Instagram i Facebook.<\/span><\/p>\n<p style=\"text-align: justify;\"><span style=\"color: #000000;\">Quant al V\u00eddeobox, aquest espai ha rebut for\u00e7a aflu\u00e8ncia de p\u00fablic els dies 14 i 16 d&#8217;agost. Un gran nombre de persones han explicat les seves idees al davant de la c\u00e0mera i, aquest divendres, coneixerem el guanyador del premi a la idea m\u00e9s original, que s&#8217;endur\u00e0 un dron amb sistema de gravaci\u00f3 d&#8217;imatge i v\u00eddeo.<\/span><\/p>\n<p style=\"text-align: justify;\"><span style=\"color: #000000;\">Pots trobar les bases d&#8217;ambd\u00f3s concursos al programa de la Festa Major:\u00a0<a style=\"color: #000000;\" href=\"http:\/\/bisbalpenedes.com\/web\/wp-content\/uploads\/2018\/07\/PROGRAMA-FESTA-MAJOR-LA-BISBAL.pdf\">PROGRAMA FESTA MAJOR LA BISBAL<\/a><\/span><\/p>\n<hr \/>\n<p style=\"text-align: justify;\"><span style=\"color: #000000;\"><strong>CASTELLANO<\/strong> | Este <strong>viernes 31 de agosto a las 20h el auditorio del CMC<\/strong> acoger\u00e1 la entrega de premios del <strong>IV Concurso de fotograf\u00edas de Instagram<\/strong> y del <strong>V\u00eddeobox.\u00a0<\/strong><\/span><\/p>\n<p style=\"text-align: justify;\"><span style=\"color: #000000;\">El concurso de fotograf\u00edas ha contado con la participaci\u00f3n de cerca de 200 instant\u00e1neas realizadas durante la Fiesta Mayor de la Bisbal, de las cuales han resultado seleccionadas un total de 34 im\u00e1genes. Recordamos que el viernes se premiaran tres fotograf\u00edas con una cena para dos personas en un establecimiento del municipio. Los dos primeros premios ser\u00e1n escogidos por el jurado y el tercero, premio del p\u00fablico, se decidir\u00e1 haciendo un recuento de los votos que las im\u00e1genes hayan recibido a trav\u00e9s de las redes sociales Instagram y Facebook.<\/span><\/p>\n<p style=\"text-align: justify;\"><span style=\"color: #000000;\">En cuanto al V\u00eddeobox, este espacio ha recibido bastante afluencia de p\u00fablico los d\u00edas 14 y 16 de agosto. Un gran n\u00famero de personas han explicado sus ideas delante de la c\u00e1mara y, este viernes, conoceremos el ganador del premio a la idea m\u00e1s original, que se llevar\u00e1 un dron con sistema de grabaci\u00f3n de imagen y v\u00eddeo.<\/span><\/p>\n<p style=\"text-align: justify;\"><span style=\"color: #000000;\">Puedes encontrar las bases de ambos concursos en el programa de la Festa Major:\u00a0<a style=\"color: #000000;\" href=\"http:\/\/bisbalpenedes.com\/web\/wp-content\/uploads\/2018\/07\/PROGRAMA-FESTA-MAJOR-LA-BISBAL.pdf\">PROGRAMA FESTA MAJOR LA BISBAL<\/a><\/span><\/p>\n","protected":false},"excerpt":{"rendered":"<p>Aquest divendres 31 d&#8217;agost a les 20h l&#8217;auditori del CMC acollir\u00e0 l&#8217;entrega de premis del IV Concurs de fotografies d&#8217;Instagram i del V\u00eddeobox.\u00a0 El concurs de fotografies ha comptat amb &hellip; <a href=\"https:\/\/bisbalpenedes.com\/web\/2018\/08\/29\/aquest-divendres-31-dagost-a-les-20h-sentregaran-els-premis-del-concurs-de-fotografies-dinstagram-i-del-videobox\/\" class=\"more-link\">Read More<\/a><\/p>\n","protected":false},"author":4,"featured_media":6883,"comment_status":"closed","ping_status":"closed","sticky":false,"template":"","format":"standard","meta":[],"categories":[2161,8],"tags":[1878,280,141,178,706],"_links":{"self":[{"href":"https:\/\/bisbalpenedes.com\/web\/wp-json\/wp\/v2\/posts\/6881"}],"collection":[{"href":"https:\/\/bisbalpenedes.com\/web\/wp-json\/wp\/v2\/posts"}],"about":[{"href":"https:\/\/bisbalpenedes.com\/web\/wp-json\/wp\/v2\/types\/post"}],"author":[{"embeddable":true,"href":"https:\/\/bisbalpenedes.com\/web\/wp-json\/wp\/v2\/users\/4"}],"replies":[{"embeddable":true,"href":"https:\/\/bisbalpenedes.com\/web\/wp-json\/wp\/v2\/comments?post=6881"}],"version-history":[{"count":3,"href":"https:\/\/bisbalpenedes.com\/web\/wp-json\/wp\/v2\/posts\/6881\/revisions"}],"predecessor-version":[{"id":6885,"href":"https:\/\/bisbalpenedes.com\/web\/wp-json\/wp\/v2\/posts\/6881\/revisions\/6885"}],"wp:featuredmedia":[{"embeddable":true,"href":"https:\/\/bisbalpenedes.com\/web\/wp-json\/wp\/v2\/media\/6883"}],"wp:attachment":[{"href":"https:\/\/bisbalpenedes.com\/web\/wp-json\/wp\/v2\/media?parent=6881"}],"wp:term":[{"taxonomy":"category","embeddable":true,"href":"https:\/\/bisbalpenedes.com\/web\/wp-json\/wp\/v2\/categories?post=6881"},{"taxonomy":"post_tag","embeddable":true,"href":"https:\/\/bisbalpenedes.com\/web\/wp-json\/wp\/v2\/tags?post=6881"}],"curies":[{"name":"wp","href":"https:\/\/api.w.org\/{rel}","templated":true}]}}