{"id":688,"date":"2013-12-13T23:01:41","date_gmt":"2013-12-13T17:01:41","guid":{"rendered":"http:\/\/bisbalpenedes.com\/web\/?p=688"},"modified":"2013-12-13T23:01:41","modified_gmt":"2013-12-13T17:01:41","slug":"som-solidaris-amb-la-marato","status":"publish","type":"post","link":"https:\/\/bisbalpenedes.com\/web\/2013\/12\/13\/som-solidaris-amb-la-marato\/","title":{"rendered":"Som solidaris amb la Marat\u00f3"},"content":{"rendered":"<p>El proper diumenge 15 de desembre sigues solidari amb la Marat\u00f3 de TV3<\/p>\n<p>L&#8217;Ajuntament de la Bisbal del Pened\u00e8s, com ja es habitual cada any, col.labora amb actes per la Marat\u00f3<\/p>\n<p>Enguany, al pabello poliesportiu municipal, a partir de les 18h podreu gaudir<\/p>\n<p>d&#8217;una pel-licula per a tota la familia, acompanyats de crispetes i un refrigeri.<\/p>\n<p>&nbsp;<\/p>\n<p>Hi haur\u00e0 una aportaci\u00f3 de 2 euros, destinats a la Marat\u00f3<\/p>\n<p>&nbsp;<\/p>\n<p>SEMPRE SOLIDARIS, LA BISBAL<\/p>\n<p>&nbsp;<\/p>\n<p><a href=\"http:\/\/bisbalpenedes.com\/web\/wp-content\/uploads\/2013\/12\/nadal_MARATO.jpg\"><img loading=\"lazy\" class=\"aligncenter size-medium wp-image-690\" title=\"nadal_MARATO\" src=\"http:\/\/bisbalpenedes.com\/web\/wp-content\/uploads\/2013\/12\/nadal_MARATO-215x300.jpg\" alt=\"\" width=\"215\" height=\"300\" srcset=\"https:\/\/bisbalpenedes.com\/web\/wp-content\/uploads\/2013\/12\/nadal_MARATO-215x300.jpg 215w, https:\/\/bisbalpenedes.com\/web\/wp-content\/uploads\/2013\/12\/nadal_MARATO-600x835.jpg 600w, https:\/\/bisbalpenedes.com\/web\/wp-content\/uploads\/2013\/12\/nadal_MARATO-736x1024.jpg 736w, https:\/\/bisbalpenedes.com\/web\/wp-content\/uploads\/2013\/12\/nadal_MARATO.jpg 1261w\" sizes=\"(max-width: 215px) 100vw, 215px\" \/><\/a><\/p>\n","protected":false},"excerpt":{"rendered":"<p>El proper diumenge 15 de desembre sigues solidari amb la Marat\u00f3 de TV3 L&#8217;Ajuntament de la Bisbal del Pened\u00e8s, com ja es habitual cada any, col.labora amb actes per la &hellip; <a href=\"https:\/\/bisbalpenedes.com\/web\/2013\/12\/13\/som-solidaris-amb-la-marato\/\" class=\"more-link\">Read More<\/a><\/p>\n","protected":false},"author":1,"featured_media":691,"comment_status":"closed","ping_status":"open","sticky":false,"template":"","format":"standard","meta":[],"categories":[14,17],"tags":[93],"_links":{"self":[{"href":"https:\/\/bisbalpenedes.com\/web\/wp-json\/wp\/v2\/posts\/688"}],"collection":[{"href":"https:\/\/bisbalpenedes.com\/web\/wp-json\/wp\/v2\/posts"}],"about":[{"href":"https:\/\/bisbalpenedes.com\/web\/wp-json\/wp\/v2\/types\/post"}],"author":[{"embeddable":true,"href":"https:\/\/bisbalpenedes.com\/web\/wp-json\/wp\/v2\/users\/1"}],"replies":[{"embeddable":true,"href":"https:\/\/bisbalpenedes.com\/web\/wp-json\/wp\/v2\/comments?post=688"}],"version-history":[{"count":2,"href":"https:\/\/bisbalpenedes.com\/web\/wp-json\/wp\/v2\/posts\/688\/revisions"}],"predecessor-version":[{"id":693,"href":"https:\/\/bisbalpenedes.com\/web\/wp-json\/wp\/v2\/posts\/688\/revisions\/693"}],"wp:featuredmedia":[{"embeddable":true,"href":"https:\/\/bisbalpenedes.com\/web\/wp-json\/wp\/v2\/media\/691"}],"wp:attachment":[{"href":"https:\/\/bisbalpenedes.com\/web\/wp-json\/wp\/v2\/media?parent=688"}],"wp:term":[{"taxonomy":"category","embeddable":true,"href":"https:\/\/bisbalpenedes.com\/web\/wp-json\/wp\/v2\/categories?post=688"},{"taxonomy":"post_tag","embeddable":true,"href":"https:\/\/bisbalpenedes.com\/web\/wp-json\/wp\/v2\/tags?post=688"}],"curies":[{"name":"wp","href":"https:\/\/api.w.org\/{rel}","templated":true}]}}