{"id":6867,"date":"2018-08-27T13:47:25","date_gmt":"2018-08-27T12:47:25","guid":{"rendered":"http:\/\/bisbalpenedes.com\/web\/?p=6867"},"modified":"2018-08-27T13:47:25","modified_gmt":"2018-08-27T12:47:25","slug":"can-gordei-celebrara-una-festa-per-acomiadar-lestiu-aquest-dissabte-1-de-setembre","status":"publish","type":"post","link":"https:\/\/bisbalpenedes.com\/web\/2018\/08\/27\/can-gordei-celebrara-una-festa-per-acomiadar-lestiu-aquest-dissabte-1-de-setembre\/","title":{"rendered":"Can Gordei celebrar\u00e0 una festa per acomiadar l&#8217;estiu aquest dissabte 1 de setembre"},"content":{"rendered":"<p><span style=\"color: #000000;\">Can Gordei celebrar\u00e0 una festa aquest dissabte 1 de setembre amb l&#8217;objectiu d&#8217;acomiadar l&#8217;estiu. Les activitats, que seran gratu\u00eftes, comen\u00e7aran a les 17h i hi haur\u00e0 el &#8216;toro&#8217; mec\u00e0nic, la &#8216;zambullida&#8217; (cal portar banyador i tovallola) i pinta cares.<\/span><\/p>\n<p><span style=\"color: #000000;\">Durant la festa, la Comissi\u00f3 de Festes de Can Gordei vendr\u00e0 pintxos a 1\u20ac.<\/span><\/p>\n<p><a href=\"http:\/\/bisbalpenedes.com\/web\/wp-content\/uploads\/2018\/08\/CAN-GORDEI-1-SETEMBRE.jpg\"><img loading=\"lazy\" class=\"aligncenter size-medium wp-image-6869\" src=\"http:\/\/bisbalpenedes.com\/web\/wp-content\/uploads\/2018\/08\/CAN-GORDEI-1-SETEMBRE-300x212.jpg\" alt=\"CAN GORDEI 1 SETEMBRE\" width=\"300\" height=\"212\" srcset=\"https:\/\/bisbalpenedes.com\/web\/wp-content\/uploads\/2018\/08\/CAN-GORDEI-1-SETEMBRE-300x212.jpg 300w, https:\/\/bisbalpenedes.com\/web\/wp-content\/uploads\/2018\/08\/CAN-GORDEI-1-SETEMBRE-600x424.jpg 600w, https:\/\/bisbalpenedes.com\/web\/wp-content\/uploads\/2018\/08\/CAN-GORDEI-1-SETEMBRE-768x542.jpg 768w, https:\/\/bisbalpenedes.com\/web\/wp-content\/uploads\/2018\/08\/CAN-GORDEI-1-SETEMBRE.jpg 960w\" sizes=\"(max-width: 300px) 100vw, 300px\" \/><\/a><\/p>\n<hr \/>\n<p><span style=\"color: #000000;\"><strong>CASTELLANO |<\/strong> Can Gordei celebrar\u00e1 una fiesta este s\u00e1bado 1 de septiembre con el objetivo de despedir el verano. Las actividades, que ser\u00e1n gratuitas, empezar\u00e1n a las 17h y habr\u00e1 el &#8216;toro mec\u00e1nico&#8217;, la &#8216;zambullida&#8217; (hay que traer ba\u00f1ador y toalla) y pinta caras.<\/span><\/p>\n<p><span style=\"color: #000000;\">Durante la fiesta, la Comisi\u00f3n de Fiestas de Can Gordei vender\u00e1 pinchos a 1\u20ac.<\/span><\/p>\n<p><a href=\"http:\/\/bisbalpenedes.com\/web\/wp-content\/uploads\/2018\/08\/CAN-GORDEI-1-SETEMBRE.jpg\"><img loading=\"lazy\" class=\"aligncenter size-medium wp-image-6869\" src=\"http:\/\/bisbalpenedes.com\/web\/wp-content\/uploads\/2018\/08\/CAN-GORDEI-1-SETEMBRE-300x212.jpg\" alt=\"CAN GORDEI 1 SETEMBRE\" width=\"300\" height=\"212\" srcset=\"https:\/\/bisbalpenedes.com\/web\/wp-content\/uploads\/2018\/08\/CAN-GORDEI-1-SETEMBRE-300x212.jpg 300w, https:\/\/bisbalpenedes.com\/web\/wp-content\/uploads\/2018\/08\/CAN-GORDEI-1-SETEMBRE-600x424.jpg 600w, https:\/\/bisbalpenedes.com\/web\/wp-content\/uploads\/2018\/08\/CAN-GORDEI-1-SETEMBRE-768x542.jpg 768w, https:\/\/bisbalpenedes.com\/web\/wp-content\/uploads\/2018\/08\/CAN-GORDEI-1-SETEMBRE.jpg 960w\" sizes=\"(max-width: 300px) 100vw, 300px\" \/><\/a><\/p>\n","protected":false},"excerpt":{"rendered":"<p>Can Gordei celebrar\u00e0 una festa aquest dissabte 1 de setembre amb l&#8217;objectiu d&#8217;acomiadar l&#8217;estiu. Les activitats, que seran gratu\u00eftes, comen\u00e7aran a les 17h i hi haur\u00e0 el &#8216;toro&#8217; mec\u00e0nic, la &hellip; <a href=\"https:\/\/bisbalpenedes.com\/web\/2018\/08\/27\/can-gordei-celebrara-una-festa-per-acomiadar-lestiu-aquest-dissabte-1-de-setembre\/\" class=\"more-link\">Read More<\/a><\/p>\n","protected":false},"author":4,"featured_media":6869,"comment_status":"closed","ping_status":"closed","sticky":false,"template":"","format":"standard","meta":[],"categories":[1047,1042],"tags":[198,2273,109,78,2276,2277,2275,2274],"_links":{"self":[{"href":"https:\/\/bisbalpenedes.com\/web\/wp-json\/wp\/v2\/posts\/6867"}],"collection":[{"href":"https:\/\/bisbalpenedes.com\/web\/wp-json\/wp\/v2\/posts"}],"about":[{"href":"https:\/\/bisbalpenedes.com\/web\/wp-json\/wp\/v2\/types\/post"}],"author":[{"embeddable":true,"href":"https:\/\/bisbalpenedes.com\/web\/wp-json\/wp\/v2\/users\/4"}],"replies":[{"embeddable":true,"href":"https:\/\/bisbalpenedes.com\/web\/wp-json\/wp\/v2\/comments?post=6867"}],"version-history":[{"count":2,"href":"https:\/\/bisbalpenedes.com\/web\/wp-json\/wp\/v2\/posts\/6867\/revisions"}],"predecessor-version":[{"id":6870,"href":"https:\/\/bisbalpenedes.com\/web\/wp-json\/wp\/v2\/posts\/6867\/revisions\/6870"}],"wp:featuredmedia":[{"embeddable":true,"href":"https:\/\/bisbalpenedes.com\/web\/wp-json\/wp\/v2\/media\/6869"}],"wp:attachment":[{"href":"https:\/\/bisbalpenedes.com\/web\/wp-json\/wp\/v2\/media?parent=6867"}],"wp:term":[{"taxonomy":"category","embeddable":true,"href":"https:\/\/bisbalpenedes.com\/web\/wp-json\/wp\/v2\/categories?post=6867"},{"taxonomy":"post_tag","embeddable":true,"href":"https:\/\/bisbalpenedes.com\/web\/wp-json\/wp\/v2\/tags?post=6867"}],"curies":[{"name":"wp","href":"https:\/\/api.w.org\/{rel}","templated":true}]}}