{"id":6864,"date":"2018-08-27T13:21:41","date_gmt":"2018-08-27T12:21:41","guid":{"rendered":"http:\/\/bisbalpenedes.com\/web\/?p=6864"},"modified":"2018-08-27T16:45:40","modified_gmt":"2018-08-27T15:45:40","slug":"el-dia-1-de-setembre-la-bisbal-acollira-la-presentacio-dun-nou-collectiu-format-per-4-entitats-juvenils-de-la-comarca","status":"publish","type":"post","link":"https:\/\/bisbalpenedes.com\/web\/2018\/08\/27\/el-dia-1-de-setembre-la-bisbal-acollira-la-presentacio-dun-nou-collectiu-format-per-4-entitats-juvenils-de-la-comarca\/","title":{"rendered":"El dia 1 de setembre la Bisbal acollir\u00e0 la presentaci\u00f3 d&#8217;un nou col\u00b7lectiu format per 4 entitats juvenils de la comarca"},"content":{"rendered":"<p style=\"text-align: justify;\"><span style=\"color: #000000;\">El Baix Pened\u00e8s compta amb un nou projecte juvenil fruit de la uni\u00f3 de quatre entitats joves de la comarca: els Tafaners de Bellvei, Els Festucs de Sant Jaume, els Desmanegats de Les Peces i Els Esventats de la Bisbal. El projecte, que porta per nom &#8220;Som Festa&#8221;, tirar\u00e0 endavant diversos actes adre\u00e7ats a tots els p\u00fablics i, en especial, als joves de la comarca, amb l&#8217;objectiu de compartir experi\u00e8ncies amb altres joves i con\u00e8ixer gent nova. Enguany el &#8220;Som Festa&#8221; es dur\u00e0 a terme a la Bisbal del Pened\u00e8s i, en els pr\u00f2xims anys, anir\u00e0 passant per diversos municipis.\u00a0Per a la primera edici\u00f3 d&#8217;aquesta iniciativa s&#8217;ha\u00a0previst\u00a0un vermut electr\u00f2nic que tindr\u00e0 lloc el\u00a0dissabte 1 de setembre a la pla\u00e7a de l&#8217;Esgl\u00e9sia de la Bisbal i una festa jove que es dur\u00e0 a terme el dilluns 10 de setembre.<\/span><\/p>\n<p style=\"text-align: justify;\"><span style=\"color: #000000;\">Podeu seguir el projecte &#8216;Som Festa&#8217; a Facebook, en aquest enlla\u00e7:\u00a0<a style=\"color: #000000;\" href=\"https:\/\/www.facebook.com\/Som-Festa-321100428449877\/\" target=\"_blank\">https:\/\/www.facebook.com\/Som-Festa-321100428449877\/<\/a>\u00a0<\/span><\/p>\n<p style=\"text-align: justify;\"><span style=\"color: #000000;\">De moment us avancem la programaci\u00f3 prevista per al dia 1 de setembre:<\/span><\/p>\n<p><a href=\"http:\/\/bisbalpenedes.com\/web\/wp-content\/uploads\/2018\/08\/SOM-FESTA-CARTELL.jpg\"><img loading=\"lazy\" class=\"aligncenter size-medium wp-image-6865\" src=\"http:\/\/bisbalpenedes.com\/web\/wp-content\/uploads\/2018\/08\/SOM-FESTA-CARTELL-214x300.jpg\" alt=\"SOM FESTA CARTELL\" width=\"214\" height=\"300\" srcset=\"https:\/\/bisbalpenedes.com\/web\/wp-content\/uploads\/2018\/08\/SOM-FESTA-CARTELL-214x300.jpg 214w, https:\/\/bisbalpenedes.com\/web\/wp-content\/uploads\/2018\/08\/SOM-FESTA-CARTELL-600x842.jpg 600w, https:\/\/bisbalpenedes.com\/web\/wp-content\/uploads\/2018\/08\/SOM-FESTA-CARTELL-768x1078.jpg 768w, https:\/\/bisbalpenedes.com\/web\/wp-content\/uploads\/2018\/08\/SOM-FESTA-CARTELL-730x1024.jpg 730w, https:\/\/bisbalpenedes.com\/web\/wp-content\/uploads\/2018\/08\/SOM-FESTA-CARTELL.jpg 1140w\" sizes=\"(max-width: 214px) 100vw, 214px\" \/><\/a><\/p>\n<p style=\"text-align: justify;\"><span style=\"color: #000000;\"><strong>CASTELLANO |<\/strong> El Baix Pened\u00e8s cuenta con un nuevo proyecto juvenil fruto de la uni\u00f3n de cuatro entidades j\u00f3venes de la comarca: els Tafaners de Bellvei, els Festucs de Sant Jaume, els Desmanegats de les Peces y Els Esventats de la Bisbal. El proyecto, que lleva el nombre de &#8220;Som Festa&#8221;, llevar\u00e1 a cabo varios actos dirigidos a todos los p\u00fablicos y, en especial, a los j\u00f3venes de la comarca, con el objetivo de compartir experiencias con otros j\u00f3venes y conocer gente nueva. Este a\u00f1o el &#8220;Som Festa&#8221; se llevar\u00e1 a cabo en la Bisbal del Pened\u00e8s y, en los pr\u00f3ximos a\u00f1os, ir\u00e1 pasando por varios municipios. Para la primera edici\u00f3n de esta iniciativa se ha previsto un vermouth electr\u00f3nico que tendr\u00e1 lugar el s\u00e1bado 1 de septiembre en la pla\u00e7a de l&#8217;\u00c9sgl\u00e9sia de la Bisbal y una fiesta joven que se llevar\u00e1 a cabo el lunes 10 de septiembre. Las actividades organizadas cuentan con el soporte del Ayuntamiento de la Bisbal del Pened\u00e8s y Jove Baix Pened\u00e8s.<\/span><\/p>\n<p style=\"text-align: justify;\"><span style=\"color: #000000;\">Pod\u00e9is seguir el proyecto &#8216;Som Festa&#8217; en Facebook, en el siguiente enlace:\u00a0<a style=\"color: #000000;\" href=\"https:\/\/www.facebook.com\/Som-Festa-321100428449877\/\" target=\"_blank\">https:\/\/www.facebook.com\/Som-Festa-321100428449877\/<\/a><\/span><\/p>\n<p style=\"text-align: justify;\"><span style=\"color: #000000;\">De momento os adelantamos la programaci\u00f3n prevista para el d\u00eda 1 de septiembre:<\/span><\/p>\n<p><a href=\"http:\/\/bisbalpenedes.com\/web\/wp-content\/uploads\/2018\/08\/SOM-FESTA-CARTELL.jpg\"><img loading=\"lazy\" class=\"aligncenter size-medium wp-image-6865\" src=\"http:\/\/bisbalpenedes.com\/web\/wp-content\/uploads\/2018\/08\/SOM-FESTA-CARTELL-214x300.jpg\" alt=\"SOM FESTA CARTELL\" width=\"214\" height=\"300\" srcset=\"https:\/\/bisbalpenedes.com\/web\/wp-content\/uploads\/2018\/08\/SOM-FESTA-CARTELL-214x300.jpg 214w, https:\/\/bisbalpenedes.com\/web\/wp-content\/uploads\/2018\/08\/SOM-FESTA-CARTELL-600x842.jpg 600w, https:\/\/bisbalpenedes.com\/web\/wp-content\/uploads\/2018\/08\/SOM-FESTA-CARTELL-768x1078.jpg 768w, https:\/\/bisbalpenedes.com\/web\/wp-content\/uploads\/2018\/08\/SOM-FESTA-CARTELL-730x1024.jpg 730w, https:\/\/bisbalpenedes.com\/web\/wp-content\/uploads\/2018\/08\/SOM-FESTA-CARTELL.jpg 1140w\" sizes=\"(max-width: 214px) 100vw, 214px\" \/><\/a><\/p>\n<p>&nbsp;<\/p>\n<p>&nbsp;<\/p>\n","protected":false},"excerpt":{"rendered":"<p>El Baix Pened\u00e8s compta amb un nou projecte juvenil fruit de la uni\u00f3 de quatre entitats joves de la comarca: els Tafaners de Bellvei, Els Festucs de Sant Jaume, els &hellip; <a href=\"https:\/\/bisbalpenedes.com\/web\/2018\/08\/27\/el-dia-1-de-setembre-la-bisbal-acollira-la-presentacio-dun-nou-collectiu-format-per-4-entitats-juvenils-de-la-comarca\/\" class=\"more-link\">Read More<\/a><\/p>\n","protected":false},"author":4,"featured_media":6865,"comment_status":"closed","ping_status":"closed","sticky":false,"template":"","format":"standard","meta":[],"categories":[1486],"tags":[459,2270,2272,689,2268,1376,2267,126,2269,2271],"_links":{"self":[{"href":"https:\/\/bisbalpenedes.com\/web\/wp-json\/wp\/v2\/posts\/6864"}],"collection":[{"href":"https:\/\/bisbalpenedes.com\/web\/wp-json\/wp\/v2\/posts"}],"about":[{"href":"https:\/\/bisbalpenedes.com\/web\/wp-json\/wp\/v2\/types\/post"}],"author":[{"embeddable":true,"href":"https:\/\/bisbalpenedes.com\/web\/wp-json\/wp\/v2\/users\/4"}],"replies":[{"embeddable":true,"href":"https:\/\/bisbalpenedes.com\/web\/wp-json\/wp\/v2\/comments?post=6864"}],"version-history":[{"count":2,"href":"https:\/\/bisbalpenedes.com\/web\/wp-json\/wp\/v2\/posts\/6864\/revisions"}],"predecessor-version":[{"id":6873,"href":"https:\/\/bisbalpenedes.com\/web\/wp-json\/wp\/v2\/posts\/6864\/revisions\/6873"}],"wp:featuredmedia":[{"embeddable":true,"href":"https:\/\/bisbalpenedes.com\/web\/wp-json\/wp\/v2\/media\/6865"}],"wp:attachment":[{"href":"https:\/\/bisbalpenedes.com\/web\/wp-json\/wp\/v2\/media?parent=6864"}],"wp:term":[{"taxonomy":"category","embeddable":true,"href":"https:\/\/bisbalpenedes.com\/web\/wp-json\/wp\/v2\/categories?post=6864"},{"taxonomy":"post_tag","embeddable":true,"href":"https:\/\/bisbalpenedes.com\/web\/wp-json\/wp\/v2\/tags?post=6864"}],"curies":[{"name":"wp","href":"https:\/\/api.w.org\/{rel}","templated":true}]}}