{"id":6857,"date":"2018-08-24T13:49:24","date_gmt":"2018-08-24T12:49:24","guid":{"rendered":"http:\/\/bisbalpenedes.com\/web\/?p=6857"},"modified":"2018-08-24T13:49:24","modified_gmt":"2018-08-24T12:49:24","slug":"aquest-setembre-torna-el-cinema-cicle-gaudi-a-la-bisbal-del-penedes","status":"publish","type":"post","link":"https:\/\/bisbalpenedes.com\/web\/2018\/08\/24\/aquest-setembre-torna-el-cinema-cicle-gaudi-a-la-bisbal-del-penedes\/","title":{"rendered":"Aquest setembre torna el cinema Cicle Gaud\u00ed a la Bisbal del Pened\u00e8s"},"content":{"rendered":"<p><span style=\"color: #000000;\">La Regidoria de Cultura de l&#8217;Ajuntament de la Bisbal del Pened\u00e8s seguir\u00e0 apostant, aquest setembre, per les pel\u00b7l\u00edcules del Circuit Estable de Cinema Catal\u00e0 &#8216;Cicle Gaud\u00ed&#8217;. Com fins ara, el benefici obtingut en la taquilla anir\u00e0 a parar a les entitats del poble que s&#8217;hagin ofert a gestionar-la i, el mes que correspondr\u00e0 a cada entitat, es decidir\u00e0 per sorteig.<\/span><\/p>\n<p><span style=\"color: #000000;\">Aquestes s\u00f3n les pel\u00b7l\u00edcules que s&#8217;oferiran en els pr\u00f2xims mesos:<\/span><\/p>\n<p style=\"padding-left: 30px;\"><span style=\"color: #000000;\">-Setembre: Jean Fran\u00e7ois i el sentit de la vida, dirigida per Sergi Portabella<\/span><\/p>\n<p style=\"padding-left: 30px; text-align: left;\"><a href=\"http:\/\/bisbalpenedes.com\/web\/wp-content\/uploads\/2018\/08\/cartell_jean_francois.jpg\"><img loading=\"lazy\" class=\"aligncenter size-medium wp-image-6859\" src=\"http:\/\/bisbalpenedes.com\/web\/wp-content\/uploads\/2018\/08\/cartell_jean_francois-212x300.jpg\" alt=\"cartell_jean_francois\" width=\"212\" height=\"300\" srcset=\"https:\/\/bisbalpenedes.com\/web\/wp-content\/uploads\/2018\/08\/cartell_jean_francois-212x300.jpg 212w, https:\/\/bisbalpenedes.com\/web\/wp-content\/uploads\/2018\/08\/cartell_jean_francois.jpg 566w\" sizes=\"(max-width: 212px) 100vw, 212px\" \/><\/a><\/p>\n<p style=\"padding-left: 30px;\"><span style=\"color: #000000;\">-Octubre: Formentera Lady, dirigida per Pau Dur\u00e0<\/span><\/p>\n<p style=\"padding-left: 30px;\"><a href=\"http:\/\/bisbalpenedes.com\/web\/wp-content\/uploads\/2018\/08\/cartell_formentera_lady.jpg\"><img loading=\"lazy\" class=\"aligncenter size-medium wp-image-6860\" src=\"http:\/\/bisbalpenedes.com\/web\/wp-content\/uploads\/2018\/08\/cartell_formentera_lady-212x300.jpg\" alt=\"cartell_formentera_lady\" width=\"212\" height=\"300\" srcset=\"https:\/\/bisbalpenedes.com\/web\/wp-content\/uploads\/2018\/08\/cartell_formentera_lady-212x300.jpg 212w, https:\/\/bisbalpenedes.com\/web\/wp-content\/uploads\/2018\/08\/cartell_formentera_lady.jpg 566w\" sizes=\"(max-width: 212px) 100vw, 212px\" \/><\/a><\/p>\n<p style=\"padding-left: 30px;\"><span style=\"color: #000000;\">-Novembre: Petitet, dirigida per Carles Bosch<\/span><\/p>\n<p style=\"padding-left: 30px;\"><a href=\"http:\/\/bisbalpenedes.com\/web\/wp-content\/uploads\/2018\/08\/cartell_petitet.jpg\"><img loading=\"lazy\" class=\"aligncenter size-medium wp-image-6861\" src=\"http:\/\/bisbalpenedes.com\/web\/wp-content\/uploads\/2018\/08\/cartell_petitet-212x300.jpg\" alt=\"cartell_petitet\" width=\"212\" height=\"300\" srcset=\"https:\/\/bisbalpenedes.com\/web\/wp-content\/uploads\/2018\/08\/cartell_petitet-212x300.jpg 212w, https:\/\/bisbalpenedes.com\/web\/wp-content\/uploads\/2018\/08\/cartell_petitet.jpg 566w\" sizes=\"(max-width: 212px) 100vw, 212px\" \/><\/a><\/p>\n<p style=\"padding-left: 30px;\"><span style=\"color: #000000;\">-Desembre: Les dist\u00e0ncies, dirigida per Elena Trap\u00e9<\/span><\/p>\n<p style=\"padding-left: 30px;\"><a href=\"http:\/\/bisbalpenedes.com\/web\/wp-content\/uploads\/2018\/08\/les-distancies.png\"><img loading=\"lazy\" class=\"aligncenter size-medium wp-image-6862\" src=\"http:\/\/bisbalpenedes.com\/web\/wp-content\/uploads\/2018\/08\/les-distancies-211x300.png\" alt=\"les distancies\" width=\"211\" height=\"300\" srcset=\"https:\/\/bisbalpenedes.com\/web\/wp-content\/uploads\/2018\/08\/les-distancies-211x300.png 211w, https:\/\/bisbalpenedes.com\/web\/wp-content\/uploads\/2018\/08\/les-distancies.png 577w\" sizes=\"(max-width: 211px) 100vw, 211px\" \/><\/a><\/p>\n<hr \/>\n<p><span style=\"color: #000000;\"><strong>CASTELLANO |<\/strong> La Regidoria de Cultura del Ayuntamiento de la Bisbal del Pened\u00e8s seguir\u00e1 apostando, este septiembre, por las pel\u00edculas del Circuit Estable de Cinema Catal\u00e0 &#8216;Cicle Gaud\u00ed&#8217;. Como hasta ahora, el beneficio obtenido en la taquilla ir\u00e1 a parar a las entidades del pueblo que se hayan ofrecido a gestionarla y, el mes que corresponder\u00e1 a cada entidad, se decidir\u00e1 por sorteo.<\/span><\/p>\n<p><span style=\"color: #000000;\">Estas son las pel\u00edculas que se ofrecer\u00e1n en los pr\u00f3ximos meses:<\/span><\/p>\n<p style=\"padding-left: 30px;\"><span style=\"color: #000000;\">-Septiembre: Jean Fran\u00e7ois i el sentit de la vida, dirigida por Sergi Portablella<\/span><\/p>\n<p style=\"padding-left: 30px;\"><a href=\"http:\/\/bisbalpenedes.com\/web\/wp-content\/uploads\/2018\/08\/cartell_jean_francois.jpg\"><img loading=\"lazy\" class=\"aligncenter size-medium wp-image-6859\" src=\"http:\/\/bisbalpenedes.com\/web\/wp-content\/uploads\/2018\/08\/cartell_jean_francois-212x300.jpg\" alt=\"cartell_jean_francois\" width=\"212\" height=\"300\" srcset=\"https:\/\/bisbalpenedes.com\/web\/wp-content\/uploads\/2018\/08\/cartell_jean_francois-212x300.jpg 212w, https:\/\/bisbalpenedes.com\/web\/wp-content\/uploads\/2018\/08\/cartell_jean_francois.jpg 566w\" sizes=\"(max-width: 212px) 100vw, 212px\" \/><\/a><\/p>\n<p style=\"padding-left: 30px;\"><span style=\"color: #000000;\">-Octubre: Formentera Lady, dirigida por Pau Dur\u00e0<\/span><\/p>\n<p style=\"padding-left: 30px;\"><a href=\"http:\/\/bisbalpenedes.com\/web\/wp-content\/uploads\/2018\/08\/cartell_formentera_lady.jpg\"><img loading=\"lazy\" class=\"aligncenter size-medium wp-image-6860\" src=\"http:\/\/bisbalpenedes.com\/web\/wp-content\/uploads\/2018\/08\/cartell_formentera_lady-212x300.jpg\" alt=\"cartell_formentera_lady\" width=\"212\" height=\"300\" srcset=\"https:\/\/bisbalpenedes.com\/web\/wp-content\/uploads\/2018\/08\/cartell_formentera_lady-212x300.jpg 212w, https:\/\/bisbalpenedes.com\/web\/wp-content\/uploads\/2018\/08\/cartell_formentera_lady.jpg 566w\" sizes=\"(max-width: 212px) 100vw, 212px\" \/><\/a><\/p>\n<p style=\"padding-left: 30px;\"><span style=\"color: #000000;\">-Noviembre: Petitet, dirigida por Carles Bosch<\/span><\/p>\n<p style=\"padding-left: 30px;\"><a href=\"http:\/\/bisbalpenedes.com\/web\/wp-content\/uploads\/2018\/08\/cartell_petitet.jpg\"><img loading=\"lazy\" class=\"aligncenter size-medium wp-image-6861\" src=\"http:\/\/bisbalpenedes.com\/web\/wp-content\/uploads\/2018\/08\/cartell_petitet-212x300.jpg\" alt=\"cartell_petitet\" width=\"212\" height=\"300\" srcset=\"https:\/\/bisbalpenedes.com\/web\/wp-content\/uploads\/2018\/08\/cartell_petitet-212x300.jpg 212w, https:\/\/bisbalpenedes.com\/web\/wp-content\/uploads\/2018\/08\/cartell_petitet.jpg 566w\" sizes=\"(max-width: 212px) 100vw, 212px\" \/><\/a><\/p>\n<p style=\"padding-left: 30px;\"><span style=\"color: #000000;\">-Diciembre: Les dist\u00e0ncies, dirigida por Elena Trap\u00e9<\/span><\/p>\n<p style=\"padding-left: 30px;\"><a href=\"http:\/\/bisbalpenedes.com\/web\/wp-content\/uploads\/2018\/08\/les-distancies.png\"><img loading=\"lazy\" class=\"aligncenter size-medium wp-image-6862\" src=\"http:\/\/bisbalpenedes.com\/web\/wp-content\/uploads\/2018\/08\/les-distancies-211x300.png\" alt=\"les distancies\" width=\"211\" height=\"300\" srcset=\"https:\/\/bisbalpenedes.com\/web\/wp-content\/uploads\/2018\/08\/les-distancies-211x300.png 211w, https:\/\/bisbalpenedes.com\/web\/wp-content\/uploads\/2018\/08\/les-distancies.png 577w\" sizes=\"(max-width: 211px) 100vw, 211px\" \/><\/a><\/p>\n","protected":false},"excerpt":{"rendered":"<p>La Regidoria de Cultura de l&#8217;Ajuntament de la Bisbal del Pened\u00e8s seguir\u00e0 apostant, aquest setembre, per les pel\u00b7l\u00edcules del Circuit Estable de Cinema Catal\u00e0 &#8216;Cicle Gaud\u00ed&#8217;. Com fins ara, el &hellip; <a href=\"https:\/\/bisbalpenedes.com\/web\/2018\/08\/24\/aquest-setembre-torna-el-cinema-cicle-gaudi-a-la-bisbal-del-penedes\/\" class=\"more-link\">Read More<\/a><\/p>\n","protected":false},"author":4,"featured_media":6859,"comment_status":"closed","ping_status":"closed","sticky":false,"template":"","format":"standard","meta":[],"categories":[13],"tags":[2261,2266,308,813,2257,2259,2262,2264,2258,2256,767,2263,771,754,2260,2265,814],"_links":{"self":[{"href":"https:\/\/bisbalpenedes.com\/web\/wp-json\/wp\/v2\/posts\/6857"}],"collection":[{"href":"https:\/\/bisbalpenedes.com\/web\/wp-json\/wp\/v2\/posts"}],"about":[{"href":"https:\/\/bisbalpenedes.com\/web\/wp-json\/wp\/v2\/types\/post"}],"author":[{"embeddable":true,"href":"https:\/\/bisbalpenedes.com\/web\/wp-json\/wp\/v2\/users\/4"}],"replies":[{"embeddable":true,"href":"https:\/\/bisbalpenedes.com\/web\/wp-json\/wp\/v2\/comments?post=6857"}],"version-history":[{"count":2,"href":"https:\/\/bisbalpenedes.com\/web\/wp-json\/wp\/v2\/posts\/6857\/revisions"}],"predecessor-version":[{"id":6863,"href":"https:\/\/bisbalpenedes.com\/web\/wp-json\/wp\/v2\/posts\/6857\/revisions\/6863"}],"wp:featuredmedia":[{"embeddable":true,"href":"https:\/\/bisbalpenedes.com\/web\/wp-json\/wp\/v2\/media\/6859"}],"wp:attachment":[{"href":"https:\/\/bisbalpenedes.com\/web\/wp-json\/wp\/v2\/media?parent=6857"}],"wp:term":[{"taxonomy":"category","embeddable":true,"href":"https:\/\/bisbalpenedes.com\/web\/wp-json\/wp\/v2\/categories?post=6857"},{"taxonomy":"post_tag","embeddable":true,"href":"https:\/\/bisbalpenedes.com\/web\/wp-json\/wp\/v2\/tags?post=6857"}],"curies":[{"name":"wp","href":"https:\/\/api.w.org\/{rel}","templated":true}]}}