{"id":6840,"date":"2018-08-22T17:24:09","date_gmt":"2018-08-22T16:24:09","guid":{"rendered":"http:\/\/bisbalpenedes.com\/web\/?p=6840"},"modified":"2018-08-24T12:24:10","modified_gmt":"2018-08-24T11:24:10","slug":"la-mocio-de-censura-debatuda-aquest-dimecres-22-dagost-al-ple-de-lajuntament-de-la-bisbal-no-ha-prosperat","status":"publish","type":"post","link":"https:\/\/bisbalpenedes.com\/web\/2018\/08\/22\/la-mocio-de-censura-debatuda-aquest-dimecres-22-dagost-al-ple-de-lajuntament-de-la-bisbal-no-ha-prosperat\/","title":{"rendered":"La moci\u00f3 de censura debatuda aquest dimecres 22 d\u2019agost al ple de l\u2019Ajuntament de la Bisbal  no ha prosperat"},"content":{"rendered":"<p><a href=\"http:\/\/bisbalpenedes.com\/web\/wp-content\/uploads\/2018\/08\/PLE-MOCIO-DE-CENSURA-22-08-18.jpg\"><img loading=\"lazy\" class=\"aligncenter size-large wp-image-6842\" src=\"http:\/\/bisbalpenedes.com\/web\/wp-content\/uploads\/2018\/08\/PLE-MOCIO-DE-CENSURA-22-08-18-1024x683.jpg\" alt=\"PLE MOCIO DE CENSURA 22-08-18\" width=\"630\" height=\"420\" srcset=\"https:\/\/bisbalpenedes.com\/web\/wp-content\/uploads\/2018\/08\/PLE-MOCIO-DE-CENSURA-22-08-18-1024x683.jpg 1024w, https:\/\/bisbalpenedes.com\/web\/wp-content\/uploads\/2018\/08\/PLE-MOCIO-DE-CENSURA-22-08-18-600x400.jpg 600w, https:\/\/bisbalpenedes.com\/web\/wp-content\/uploads\/2018\/08\/PLE-MOCIO-DE-CENSURA-22-08-18-300x200.jpg 300w, https:\/\/bisbalpenedes.com\/web\/wp-content\/uploads\/2018\/08\/PLE-MOCIO-DE-CENSURA-22-08-18-768x512.jpg 768w\" sizes=\"(max-width: 630px) 100vw, 630px\" \/><\/a><\/p>\n<p style=\"text-align: justify;\"><span style=\"color: #000000;\">La sala de plens de l\u2019Ajuntament de la Bisbal del Pened\u00e8s ha debatut, aquest dimecres 22 d\u2019agost, una moci\u00f3 de censura signada pels 5 regidors d\u2019ERC i Margarita Antol\u00edn, regidora del PSC quan va signar la moci\u00f3 de censura i, en l\u2019actualitat, regidora no adscrita a cap grup pol\u00edtic. La moci\u00f3 proposava Antol\u00edn com a alcaldessa.<\/span><\/p>\n<p style=\"text-align: justify;\"><span style=\"color: #000000;\">El passat 6 d\u2019agost va ser presentada la moci\u00f3 de censura a l\u2019Ajuntament de la Bisbal i, en les hores seg\u00fcents, el secretari municipal va fer les comprovacions pertinents i va dictaminar que la moci\u00f3 reunia els requisits establerts. Per aquest motiu, seguint la normativa vigent, va convocar el Ple extraordinari per al dimecres 22 d\u2019agost a les 12h del migdia. Tanmateix, el divendres 17 d\u2019agost, l\u2019agrupaci\u00f3 local del PSC de la Bisbal va notificar a l\u2019Ajuntament l\u2019acord de la Comissi\u00f3 de Garanties del PSC de suspensi\u00f3 definitiva i conseq\u00fcent expulsi\u00f3 del PSC de la militant i regidora del PSC, Margarita Antol\u00edn Manso. Com a regidora no adscrita a cap grup pol\u00edtic, Antol\u00edn pot seguir tenint els drets i deures propis dels regidors i regidores, d\u2019acord amb el Reglament d\u2019Organitzaci\u00f3 Municipal de l\u2019Ajuntament de la Bisbal. Malgrat aix\u00f2, com a conseq\u00fc\u00e8ncia de l\u2019expulsi\u00f3 del partit, la moci\u00f3 de censura ja no compleix tots els requisits necessaris per prosperar que contempla la normativa vigent.<\/span><\/p>\n<p style=\"text-align: justify;\"><span style=\"color: #000000;\">Segons la informaci\u00f3 que ha facilitat el secretari municipal durant el ple, la legislaci\u00f3 actual contempla que, en el cas que algun dels proponents de la moci\u00f3 de censura hagi deixat de pert\u00e0nyer, per qualsevol causa, al grup pol\u00edtic municipal al qual es va adscriure a l\u2019inici del seu mandat, la majoria exigida es veur\u00e0 incrementada amb el mateix nombre de regidors que es trobin en tals circumst\u00e0ncies i, per tant, en aquest cas hagu\u00e9s estat necessari el vot favorable de set regidors i no sis, com proposava el text de la moci\u00f3 de censura.<\/span><\/p>\n<p style=\"text-align: justify;\"><span style=\"color: #000000;\">Val a dir que, tot i que la norma que obliga a incrementar la majoria exigida en els casos de regidors que passen a ser no adscrits va ser declarada inconstitucional per la Sent\u00e8ncia del Tribunal Constitucional 151\/2017 de 21 de desembre (BOE 17 de gener de 2018), el text especificava que aquest sup\u00f2sit deixaria de tenir vig\u00e8ncia a partir de la convocat\u00f2ria d\u2019un nou proc\u00e9s d\u2019eleccions municipals i, per tant, \u00e9s encara aplicable en l\u2019actualitat. Els cinc regidors del grup municipal d\u2019ERC i la regidora no adscrita Maguy Antol\u00edn s\u2019han mostrat en desacord amb l\u2019aplicaci\u00f3 de la llei que ha defensat el secretari i no han volgut votar la moci\u00f3. Per la seva banda, els cinc regidors del PDeCAT han votat en\u00a0 contra i, per tant, la moci\u00f3 de censura no ha prosperat.<\/span><\/p>\n<p style=\"text-align: justify;\"><span style=\"color: #000000;\">L\u2019equip de govern de l\u2019Ajuntament de la Bisbal del Pened\u00e8s est\u00e0 en minoria des del passat 10 d\u2019agost, ja que l\u2019alcaldessa Agn\u00e8s Ferr\u00e9 va destituir Maguy Antol\u00edn despr\u00e9s que la regidora sign\u00e9s la moci\u00f3 de censura per accedir a l\u2019alcaldia.<\/span><\/p>\n<p style=\"text-align: justify;\"><span style=\"color: #000000;\">La corporaci\u00f3 municipal actual est\u00e0 estructurada de la seg\u00fcent manera:<\/span><\/p>\n<ul style=\"text-align: justify;\">\n<li><span style=\"color: #000000;\">Govern: Agn\u00e8s Ferr\u00e9 Ca\u00f1ellas (alcaldessa) (PDeCAT), Judit Vidal Vilella (1\u00aa tinent d\u2019alcaldia) (PDeCAT), Leonor Uceda Martin (2\u00aa tinent d\u2019alcaldia) (PDeCAT), Feliu Gil Esteve (PDeCAT) i Pere Saumoy Bund\u00f3 (PDeCAT).<\/span><\/li>\n<\/ul>\n<ul style=\"text-align: justify;\">\n<li><span style=\"color: #000000;\">Oposici\u00f3: Pilar Verd\u00fan Vives (ERC), Joaquin Rivas Piqueras (ERC), Juana Reina Torres (ERC), M\u00f3nika P\u00e9rez Garrido (ERC), Manuel Gonz\u00e1lez Cabrero (ERC) i Margarita Antol\u00edn Manso (no adscrita)<\/span><\/li>\n<\/ul>\n<hr \/>\n<p style=\"text-align: justify;\"><span style=\"color: #000000;\"><strong>CASTELLANO |<\/strong> La sala de plenos del Ayuntamiento de la Bisbal del Pened\u00e8s ha debatido, este mi\u00e9rcoles 22 de agosto, una moci\u00f3n de censura firmada por los 5 concejales de ERC y Margarita Antol\u00edn, concejala del PSC cuando firm\u00f3 la moci\u00f3n de censura y, en la actualidad, concejala no adscrita a ning\u00fan grupo pol\u00edtico. La moci\u00f3n propon\u00eda Antol\u00edn como alcaldesa.<\/span><\/p>\n<p style=\"text-align: justify;\"><span style=\"color: #000000;\">El pasado 6 de agosto fue presentada la moci\u00f3n de censura en el Ayuntamiento de la Bisbal y, en las horas siguientes, el secretario municipal hizo las comprobaciones pertinentes y dictamin\u00f3 que la moci\u00f3n reun\u00eda los requisitos establecidos. Por este motivo, siguiendo la normativa vigente, convoc\u00f3 el Pleno extraordinario para el mi\u00e9rcoles 22 de agosto a las 12h del mediod\u00eda.\u00a0Sin embargo, el viernes 17 de agosto, la agrupaci\u00f3n local del PSC de la Bisbal notific\u00f3 al Ayuntamiento el acuerdo de la Comisi\u00f3n de Garant\u00edas del PSC de suspensi\u00f3n definitiva y consecuente expulsi\u00f3n del PSC de la militante y concejala del PSC, Margarita Antol\u00edn Manso. Como concejala no escrita a ning\u00fan grupo pol\u00edtico, Antol\u00edn puede seguir teniendo los derechos y deberes propios de los concejales y concejalas, de acuerdo con el Reglament d&#8217;Organitzaci\u00f3 Municipal del Ayuntamiento de la Bisbal. Pese a esto, como consecuencia de la expulsi\u00f3n del partido, la moci\u00f3n de censura ya no cumple todos los requisitos necesarios para prosperar que contempla\u00a0 la normativa vigente.<\/span><\/p>\n<p style=\"text-align: justify;\"><span style=\"color: #000000;\">Seg\u00fan la informaci\u00f3n que ha facilitado el secretario municipal durante el pleno, la legislaci\u00f3n actual contempla que, en el caso que alguno de los proponentes de la moci\u00f3n de censura haya dejado de pertenecer, por cualquier causa, al grupo pol\u00edtico municipal al cual se adscribi\u00f3 en el inicio de su mandato, la mayor\u00eda exigida se ver\u00e1 incrementada con el mismo nombre de concejales que se encuentren en tales circunstancias y, por lo tanto, en este caso hubiese sido necesario el voto favorable de siete concejales y no de seis, como propon\u00eda el texto de la moci\u00f3n de censura.<\/span><\/p>\n<p style=\"text-align: justify;\"><span style=\"color: #000000;\">Cabe decir que, aunque la norma que obliga a incrementar la mayor\u00eda exigida en los casos de concejales que pasen a ser no adscritos fue declarada inconstitucional por la Sentencia del Tribunal Constitucional 151\/2017 de 21 de diciembre (BOE 17 de enero del 2018), el texto especificaba que este supuesto dejar\u00eda de tener vigencia a partir de la convocatoria de un nuevo proceso de elecciones municipales y, por lo tanto, es todav\u00eda aplicable en la actualidad. Los cinco concejales del grupo municipal de ERC y la concejala no adscrita Maguy Antol\u00edn se han mostrado en desacuerdo con la aplicaci\u00f3n de la ley que ha defendido el secretario y no han querido votar la moci\u00f3n. Por su parte, los cinco concejales del PDeCAT han votado en contra y, por lo tanto, la moci\u00f3n de censura no ha prosperado.<\/span><\/p>\n<p style=\"text-align: justify;\"><span style=\"color: #000000;\">El equipo de gobierno del Ayuntamiento de la Bisbal del Pened\u00e8s est\u00e1 en minor\u00eda desde el pasado 10 de agosto, ya que la alcaldesa Agn\u00e8s Ferr\u00e9 destituy\u00f3 Maguy Antol\u00edn despu\u00e9s de que la concejala firmase la moci\u00f3n de censura para acceder a la alcald\u00eda.<\/span><\/p>\n<p style=\"text-align: justify;\"><span style=\"color: #000000;\">La corporaci\u00f3n municipal actual est\u00e1 estructurada de la siguiente manera:<\/span><\/p>\n<ul>\n<li style=\"text-align: justify;\"><span style=\"color: #000000;\">Gobierno: Agn\u00e8s Ferr\u00e9 Ca\u00f1ellas (alcaldessa) (PDeCAT), Judit Vidal Vilella (1\u00aa\u00a0teniente de alcald\u00eda) (PDeCAT), Leonor Uceda Martin (2\u00aa teniente de alcald\u00eda) (PDeCAT), Feliu Gil Esteve (PDeCAT) y Pere Saumoy Bund\u00f3 (PDeCAT).<\/span><\/li>\n<li style=\"text-align: justify;\"><span style=\"color: #000000;\">Oposici\u00f3n: Pilar Verd\u00fan Vives (ERC), Joaquin Rivas Piqueras (ERC), Juana Reina Torres (ERC), M\u00f3nika P\u00e9rez Garrido (ERC), Manuel Gonz\u00e1lez Cabrero (ERC) y Margarita Antol\u00edn Manso (no adscrita)<\/span><\/li>\n<\/ul>\n<h2><span style=\"text-decoration: underline;\"><span style=\"color: #000000; text-decoration: underline;\">V\u00eddeo del ple<\/span><\/span><\/h2>\n<p style=\"text-align: center;\"><iframe loading=\"lazy\" src=\"https:\/\/www.youtube.com\/embed\/Pm3fiefYmO8\" width=\"560\" height=\"315\" frameborder=\"0\" allowfullscreen=\"allowfullscreen\"><\/iframe><\/p>\n","protected":false},"excerpt":{"rendered":"<p>La sala de plens de l\u2019Ajuntament de la Bisbal del Pened\u00e8s ha debatut, aquest dimecres 22 d\u2019agost, una moci\u00f3 de censura signada pels 5 regidors d\u2019ERC i Margarita Antol\u00edn, regidora &hellip; <a href=\"https:\/\/bisbalpenedes.com\/web\/2018\/08\/22\/la-mocio-de-censura-debatuda-aquest-dimecres-22-dagost-al-ple-de-lajuntament-de-la-bisbal-no-ha-prosperat\/\" class=\"more-link\">Read More<\/a><\/p>\n","protected":false},"author":4,"featured_media":6842,"comment_status":"closed","ping_status":"closed","sticky":false,"template":"","format":"standard","meta":[],"categories":[2251,2250],"tags":[945,797,2056,2234,2253,798,2252,139,423,2254,2255],"_links":{"self":[{"href":"https:\/\/bisbalpenedes.com\/web\/wp-json\/wp\/v2\/posts\/6840"}],"collection":[{"href":"https:\/\/bisbalpenedes.com\/web\/wp-json\/wp\/v2\/posts"}],"about":[{"href":"https:\/\/bisbalpenedes.com\/web\/wp-json\/wp\/v2\/types\/post"}],"author":[{"embeddable":true,"href":"https:\/\/bisbalpenedes.com\/web\/wp-json\/wp\/v2\/users\/4"}],"replies":[{"embeddable":true,"href":"https:\/\/bisbalpenedes.com\/web\/wp-json\/wp\/v2\/comments?post=6840"}],"version-history":[{"count":5,"href":"https:\/\/bisbalpenedes.com\/web\/wp-json\/wp\/v2\/posts\/6840\/revisions"}],"predecessor-version":[{"id":6856,"href":"https:\/\/bisbalpenedes.com\/web\/wp-json\/wp\/v2\/posts\/6840\/revisions\/6856"}],"wp:featuredmedia":[{"embeddable":true,"href":"https:\/\/bisbalpenedes.com\/web\/wp-json\/wp\/v2\/media\/6842"}],"wp:attachment":[{"href":"https:\/\/bisbalpenedes.com\/web\/wp-json\/wp\/v2\/media?parent=6840"}],"wp:term":[{"taxonomy":"category","embeddable":true,"href":"https:\/\/bisbalpenedes.com\/web\/wp-json\/wp\/v2\/categories?post=6840"},{"taxonomy":"post_tag","embeddable":true,"href":"https:\/\/bisbalpenedes.com\/web\/wp-json\/wp\/v2\/tags?post=6840"}],"curies":[{"name":"wp","href":"https:\/\/api.w.org\/{rel}","templated":true}]}}