{"id":6813,"date":"2018-08-17T15:48:21","date_gmt":"2018-08-17T14:48:21","guid":{"rendered":"http:\/\/bisbalpenedes.com\/web\/?p=6813"},"modified":"2018-08-17T15:48:21","modified_gmt":"2018-08-17T14:48:21","slug":"avui-divendres-shan-fet-5-minuts-de-silenci-i-sha-llegit-un-manifest-per-recordar-i-mostrar-el-suport-a-les-victimes-del-terrorisme-i-per-reivindicar-la-pau","status":"publish","type":"post","link":"https:\/\/bisbalpenedes.com\/web\/2018\/08\/17\/avui-divendres-shan-fet-5-minuts-de-silenci-i-sha-llegit-un-manifest-per-recordar-i-mostrar-el-suport-a-les-victimes-del-terrorisme-i-per-reivindicar-la-pau\/","title":{"rendered":"Avui divendres s&#8217;han fet 5 minuts de silenci i s&#8217;ha llegit un manifest per recordar i mostrar el suport a les v\u00edctimes del terrorisme i per reivindicar la pau"},"content":{"rendered":"<div class=\"\" data-block=\"true\" data-editor=\"75cm6\" data-offset-key=\"at40u-0-0\">\n<div class=\"_1mf _1mj\" data-offset-key=\"at40u-0-0\"><a href=\"http:\/\/bisbalpenedes.com\/web\/wp-content\/uploads\/2018\/08\/IMG_1895.jpg\"><img loading=\"lazy\" class=\"aligncenter size-large wp-image-6815\" src=\"http:\/\/bisbalpenedes.com\/web\/wp-content\/uploads\/2018\/08\/IMG_1895-1024x683.jpg\" alt=\"manifest terrorisme gent\" width=\"630\" height=\"420\" srcset=\"https:\/\/bisbalpenedes.com\/web\/wp-content\/uploads\/2018\/08\/IMG_1895-1024x683.jpg 1024w, https:\/\/bisbalpenedes.com\/web\/wp-content\/uploads\/2018\/08\/IMG_1895-600x400.jpg 600w, https:\/\/bisbalpenedes.com\/web\/wp-content\/uploads\/2018\/08\/IMG_1895-300x200.jpg 300w, https:\/\/bisbalpenedes.com\/web\/wp-content\/uploads\/2018\/08\/IMG_1895-768x512.jpg 768w\" sizes=\"(max-width: 630px) 100vw, 630px\" \/><\/a><\/div>\n<div class=\"_1mf _1mj\" data-offset-key=\"at40u-0-0\"><span style=\"color: #000000;\">Avui divendres a les 12h, amb motiu del 1r aniversari dels fets del 17 i el 18 d&#8217;agost de 2017, s&#8217;han fet 5 minuts de silenci al davant de l&#8217;Ajuntament per recordar i mostrar la solidaritat dels bisbalencs i les bisbalenques amb les v\u00edctimes dels atemptats de Barcelona i Cambrils, aix\u00ed com el nostre comprom\u00eds amb la pau.<\/span><\/div>\n<\/div>\n<div class=\"\" data-block=\"true\" data-editor=\"75cm6\" data-offset-key=\"22lbt-0-0\">\n<div class=\"_1mf _1mj\" data-offset-key=\"22lbt-0-0\"><span style=\"color: #000000;\">A l&#8217;acte, que ha estat coordinat des de l&#8217;Associaci\u00f3 Catalana de Municipis | ACM i la Federaci\u00f3 de Municipis de Catalunya, tamb\u00e9 s&#8217;ha llegit aquest manifest:<\/span><\/div>\n<\/div>\n<div class=\"\" data-block=\"true\" data-editor=\"75cm6\" data-offset-key=\"58elm-0-0\">\n<div class=\"_1mf _1mj\" data-offset-key=\"58elm-0-0\"><\/div>\n<\/div>\n<div class=\"\" data-block=\"true\" data-editor=\"75cm6\" data-offset-key=\"79t2u-0-0\">\n<div class=\"_1mf _1mj\" data-offset-key=\"79t2u-0-0\"><span style=\"color: #000000;\">Els dies 17 i 18 d\u2019agost de 2017 han quedat marcats a la retina de tots els ciutadans del nostre pa\u00eds. Els cruents atemptats perpetrats per Estat Isl\u00e0mic a la Rambla de Barcelona i al Passeig Mar\u00edtim de Cambrils, que van provocar 16 v\u00edctimes mortals i m\u00e9s d\u2019un centenar de ferits, van ser un cop dur per a tots i totes nosaltres. Per\u00f2, la resposta c\u00edvica i pac\u00edfica de la ciutadania va ser la millor resposta. Avui, un any despr\u00e9s, reiterem la nostra ferma condemna d\u2019aquells atemptats i, com no pot ser d\u2019una altra manera, volem recordar i homenatjar a les v\u00edctimes d\u2019aquells actes terroristes i reiterar el suport a tots els familiars i amics.<\/span><\/div>\n<\/div>\n<div class=\"\" data-block=\"true\" data-editor=\"75cm6\" data-offset-key=\"4beu-0-0\">\n<div class=\"_1mf _1mj\" data-offset-key=\"4beu-0-0\"><\/div>\n<\/div>\n<div class=\"\" data-block=\"true\" data-editor=\"75cm6\" data-offset-key=\"5hgp3-0-0\">\n<div class=\"_1mf _1mj\" data-offset-key=\"5hgp3-0-0\"><span style=\"color: #000000;\">Un dels pilars fonamentals de les societats democr\u00e0tiques i civilitzades \u00e9s que sota cap concepte es pot atemptar contra la vida humana, en nom de res i de ning\u00fa.<\/span><\/div>\n<\/div>\n<div class=\"\" data-block=\"true\" data-editor=\"75cm6\" data-offset-key=\"eme41-0-0\">\n<div class=\"_1mf _1mj\" data-offset-key=\"eme41-0-0\"><\/div>\n<\/div>\n<div class=\"\" data-block=\"true\" data-editor=\"75cm6\" data-offset-key=\"ao5t7-0-0\">\n<div class=\"_1mf _1mj\" data-offset-key=\"ao5t7-0-0\"><span style=\"color: #000000;\">En aquells dies tan complicats i durs que tots tenim molt presents reivindiquem l\u2019excel\u00b7lent tasca desenvolupada pels cossos d\u2019emerg\u00e8ncies, de seguretat, m\u00e8dics, de prevenci\u00f3, institucions, organitzacions i, molt especialment, les institucions del nostre pa\u00eds, i al front d\u2019elles els m\u00e0xims responsables dels cossos de seguretat i mossos, que van fer front a les conseq\u00fc\u00e8ncies dels atemptats responent amb una gran professionalitat davant la gran adversitat i dificultat del moment. No podrem agrair mai prou la tasca que van dur a terme tantes i tantes persones, posant en perill les seves pr\u00f2pies vides i combatent a un dels enemics m\u00e9s cruents de la nostra \u00e8poca: el terrorisme.<\/span><\/div>\n<\/div>\n<div class=\"\" data-block=\"true\" data-editor=\"75cm6\" data-offset-key=\"3h4tr-0-0\">\n<div class=\"_1mf _1mj\" data-offset-key=\"3h4tr-0-0\"><\/div>\n<\/div>\n<div class=\"\" data-block=\"true\" data-editor=\"75cm6\" data-offset-key=\"fb2fc-0-0\">\n<div class=\"_1mf _1mj\" data-offset-key=\"fb2fc-0-0\"><span style=\"color: #000000;\">I avui tamb\u00e9 recordem tots aquells ciutadans i ciutadanes que van col\u00b7laborar i ajudar en aquells dies tr\u00e0gics. El 17 i 18 d\u2019agost del 2017 vam demostrar al m\u00f3n i a nosaltres mateixos l\u2019esperit solidari, obert i col\u00b7laboratiu de la nostra societat.<\/span><\/div>\n<\/div>\n<div class=\"\" data-block=\"true\" data-editor=\"75cm6\" data-offset-key=\"cch0u-0-0\">\n<div class=\"_1mf _1mj\" data-offset-key=\"cch0u-0-0\"><\/div>\n<\/div>\n<div class=\"\" data-block=\"true\" data-editor=\"75cm6\" data-offset-key=\"eu53d-0-0\">\n<div class=\"_1mf _1mj\" data-offset-key=\"eu53d-0-0\"><span style=\"color: #000000;\">Precisament aquest esperit \u00e9s el que hem de reivindicar, convertint de nou, com hem fet, la Rambla de Barcelona i el Passeig Mar\u00edtim de Cambrils en art\u00e8ries de vida. Un lloc de trobada, de multiculturalisme, de respecte i de civisme, una mostra del que s\u00f3n els nostres pobles i ciutats: punts de trobada i conviv\u00e8ncia per a tothom, uns espais de no discriminaci\u00f3 i garants de l\u2019exercici de la llibertat. I avui ens tornem a reafirmar en la voluntat de seguir construint municipis on imperi el respecte, la llibertat i la pau. Un pa\u00eds que s\u2019al\u00e7a dient que no t\u00e9 por. Que no tenim por.<\/span><\/div>\n<\/div>\n<div class=\"\" data-block=\"true\" data-editor=\"75cm6\" data-offset-key=\"gv04-0-0\">\n<div class=\"_1mf _1mj\" data-offset-key=\"gv04-0-0\"><\/div>\n<\/div>\n<div class=\"\" data-block=\"true\" data-editor=\"75cm6\" data-offset-key=\"4vtdp-0-0\">\n<div class=\"_1mf _1mj\" data-offset-key=\"4vtdp-0-0\"><span style=\"color: #000000;\">Davant del terrorisme que vol amena\u00e7ar la societat de conviv\u00e8ncia de Catalunya, Europa i gran part del m\u00f3n, no permetrem posar en crisi el nostre model de pau i llibertat. Ni el jihadisme ni cap mostra de terror podran canviar la nostra ferma voluntat de viure en unes ciutats i pobles oberts, tolerants, i respectuosos amb totes les formes de pensar. Aquest \u00e9s el cam\u00ed que hem decidit seguir fent, amb la pau com a eix vertebrador de les nostres societats.<\/span><\/div>\n<\/div>\n<div class=\"\" data-block=\"true\" data-editor=\"75cm6\" data-offset-key=\"9rd0s-0-0\">\n<div class=\"_1mf _1mj\" data-offset-key=\"9rd0s-0-0\"><\/div>\n<\/div>\n<div class=\"\" data-block=\"true\" data-editor=\"75cm6\" data-offset-key=\"2fjn4-0-0\">\n<div class=\"_1mf _1mj\" data-offset-key=\"2fjn4-0-0\"><span style=\"color: #000000;\">Alhora, cal que els pa\u00efsos que es pretenen a si mateixos com a democr\u00e0tics, civilitzats i moderns no contribueixin de cap manera en la venda d\u2019armes ni material b\u00e8l\u00b7lic als<\/span><\/div>\n<\/div>\n<div class=\"\" data-block=\"true\" data-editor=\"75cm6\" data-offset-key=\"f0qa9-0-0\"><span style=\"color: #000000;\">\u00a0<\/span><\/div>\n<div class=\"\" data-block=\"true\" data-editor=\"75cm6\" data-offset-key=\"3ebfo-0-0\">\n<div class=\"_1mf _1mj\" data-offset-key=\"3ebfo-0-0\"><span style=\"color: #000000;\">intolerants, de manera directa o indirecta. El comprom\u00eds amb la pau \u00e9s i ha de ser una prioritat per tots nosaltres i, per tant, com a societat no podem tolerar en cap cas que el negoci armament\u00edstic sigui ali\u00e8 a la realitat creixent del terrorisme internacional. Tots hem de predicar amb l\u2019exemple.<\/span><\/div>\n<\/div>\n<div class=\"\" data-block=\"true\" data-editor=\"75cm6\" data-offset-key=\"9kgv4-0-0\">\n<div class=\"_1mf _1mj\" data-offset-key=\"9kgv4-0-0\"><\/div>\n<\/div>\n<div class=\"\" data-block=\"true\" data-editor=\"75cm6\" data-offset-key=\"btqru-0-0\">\n<div class=\"_1mf _1mj\" data-offset-key=\"btqru-0-0\"><span style=\"color: #000000;\">Avui, milers de persones ens trobem davant dels nostres ajuntaments, a la Rambla de Barcelona i a Cambrils, perqu\u00e8 junts som m\u00e9s forts, perqu\u00e8 som un sol poble, tamb\u00e9 contra el terrorisme. I el millor homenatge que podem fer a les v\u00edctimes, als familiars i als amics \u00e9s refermar el nostre comprom\u00eds gran\u00edtic amb la democr\u00e0cia, la toler\u00e0ncia, el respecte, la llibertat i la pau. A totes les v\u00edctimes, ferits, familiars i amics: sempre sereu presents en la nostra mem\u00f2ria i en la d\u2019aquest pa\u00eds.<\/span><\/div>\n<\/div>\n<div class=\"\" data-block=\"true\" data-editor=\"75cm6\" data-offset-key=\"4lj56-0-0\">\n<div class=\"_1mf _1mj\" data-offset-key=\"4lj56-0-0\"><\/div>\n<\/div>\n<div class=\"\" data-block=\"true\" data-editor=\"75cm6\" data-offset-key=\"cu138-0-0\">\n<div class=\"_1mf _1mj\" data-offset-key=\"cu138-0-0\"><span style=\"color: #000000;\">No tenim por, som gent de pau. 17 d\u2019agost de 2018.<\/span><\/div>\n<\/div>\n<div class=\"_1mf _1mj\" data-offset-key=\"o261-0-0\"><\/div>\n<div class=\"_1mf _1mj\" data-offset-key=\"o261-0-0\"><a href=\"http:\/\/bisbalpenedes.com\/web\/wp-content\/uploads\/2018\/08\/IMG_1899.jpg\"><img loading=\"lazy\" class=\"aligncenter size-large wp-image-6814\" src=\"http:\/\/bisbalpenedes.com\/web\/wp-content\/uploads\/2018\/08\/IMG_1899-1024x683.jpg\" alt=\"alcaldessa manifest contra terrorisme\" width=\"630\" height=\"420\" srcset=\"https:\/\/bisbalpenedes.com\/web\/wp-content\/uploads\/2018\/08\/IMG_1899-1024x683.jpg 1024w, https:\/\/bisbalpenedes.com\/web\/wp-content\/uploads\/2018\/08\/IMG_1899-600x400.jpg 600w, https:\/\/bisbalpenedes.com\/web\/wp-content\/uploads\/2018\/08\/IMG_1899-300x200.jpg 300w, https:\/\/bisbalpenedes.com\/web\/wp-content\/uploads\/2018\/08\/IMG_1899-768x512.jpg 768w\" sizes=\"(max-width: 630px) 100vw, 630px\" \/><\/a><\/div>\n<div class=\"\" data-block=\"true\" data-editor=\"75cm6\" data-offset-key=\"bc2g5-0-0\">\n<div class=\"_1mf _1mj\" data-offset-key=\"bc2g5-0-0\"><span style=\"color: #000000;\">&#8212;<\/span><\/div>\n<\/div>\n<div class=\"\" data-block=\"true\" data-editor=\"75cm6\" data-offset-key=\"9r156-0-0\">\n<div class=\"_1mf _1mj\" data-offset-key=\"9r156-0-0\"><\/div>\n<div class=\"_1mf _1mj\" style=\"text-align: justify;\" data-offset-key=\"9r156-0-0\"><span style=\"color: #000000;\"><b>CASTELLANO |\u00a0<\/b>Hoy viernes a las 12h, con motivo del 1r aniversario de los hechos del 17 y el 18 de agosto del 2017, se har\u00e1n 5 minutos de silencio delante del Ayuntamiento para recordar y mostrar la solidaritat de los bisbalencs y las bisbalencsa con las v\u00edctimas de los atentados de Barcelona y Cambrils, as\u00ed como nuestro compromiso con la paz.<\/span><\/div>\n<\/div>\n<div class=\"\" style=\"text-align: justify;\" data-block=\"true\" data-editor=\"75cm6\" data-offset-key=\"73k0m-0-0\">\n<div class=\"_1mf _1mj\" data-offset-key=\"73k0m-0-0\"><span style=\"color: #000000;\">En el acto, que ha sido coordinado desde la Associaci\u00f3 Catalana de Municipis y la Federaci\u00f3 de Municipis de Catalunya, tambi\u00e9n se ha le\u00eddo este manifiesto:<\/span><\/div>\n<\/div>\n<div class=\"\" style=\"text-align: justify;\" data-block=\"true\" data-editor=\"75cm6\" data-offset-key=\"5g4i5-0-0\">\n<div class=\"_1mf _1mj\" data-offset-key=\"5g4i5-0-0\"><\/div>\n<\/div>\n<div class=\"\" style=\"text-align: justify;\" data-block=\"true\" data-editor=\"75cm6\" data-offset-key=\"acve9-0-0\">\n<div class=\"_1mf _1mj\" data-offset-key=\"acve9-0-0\"><span style=\"color: #000000;\">Els dies 17 i 18 d\u2019agost de 2017 han quedat marcats a la retina de tots els ciutadans del nostre pa\u00eds. Els cruents atemptats perpetrats per Estat Isl\u00e0mic a la Rambla de Barcelona i al Passeig Mar\u00edtim de Cambrils, que van provocar 16 v\u00edctimes mortals i m\u00e9s d\u2019un centenar de ferits, van ser un cop dur per a tots i totes nosaltres. Per\u00f2, la resposta c\u00edvica i pac\u00edfica de la ciutadania va ser la millor resposta. Avui, un any despr\u00e9s, reiterem la nostra ferma condemna d\u2019aquells atemptats i, com no pot ser d\u2019una altra manera, volem recordar i homenatjar a les v\u00edctimes d\u2019aquells actes terroristes i reiterar el suport a tots els familiars i amics.<\/span><\/div>\n<\/div>\n<div class=\"\" style=\"text-align: justify;\" data-block=\"true\" data-editor=\"75cm6\" data-offset-key=\"8kuqe-0-0\">\n<div class=\"_1mf _1mj\" data-offset-key=\"8kuqe-0-0\"><\/div>\n<\/div>\n<div class=\"\" style=\"text-align: justify;\" data-block=\"true\" data-editor=\"75cm6\" data-offset-key=\"e0svv-0-0\">\n<div class=\"_1mf _1mj\" data-offset-key=\"e0svv-0-0\"><span style=\"color: #000000;\">Un dels pilars fonamentals de les societats democr\u00e0tiques i civilitzades \u00e9s que sota cap concepte es pot atemptar contra la vida humana, en nom de res i de ning\u00fa.<\/span><\/div>\n<\/div>\n<div class=\"\" style=\"text-align: justify;\" data-block=\"true\" data-editor=\"75cm6\" data-offset-key=\"ea2j4-0-0\">\n<div class=\"_1mf _1mj\" data-offset-key=\"ea2j4-0-0\"><\/div>\n<\/div>\n<div class=\"\" style=\"text-align: justify;\" data-block=\"true\" data-editor=\"75cm6\" data-offset-key=\"eg74t-0-0\">\n<div class=\"_1mf _1mj\" data-offset-key=\"eg74t-0-0\"><span style=\"color: #000000;\">En aquells dies tan complicats i durs que tots tenim molt presents reivindiquem l\u2019excel\u00b7lent tasca desenvolupada pels cossos d\u2019emerg\u00e8ncies, de seguretat, m\u00e8dics, de prevenci\u00f3, institucions, organitzacions i, molt especialment, les institucions del nostre pa\u00eds, i al front d\u2019elles els m\u00e0xims responsables dels cossos de seguretat i mossos, que van fer front a les conseq\u00fc\u00e8ncies dels atemptats responent amb una gran professionalitat davant la gran adversitat i dificultat del moment. No podrem agrair mai prou la tasca que van dur a terme tantes i tantes persones, posant en perill les seves pr\u00f2pies vides i combatent a un dels enemics m\u00e9s cruents de la nostra \u00e8poca: el terrorisme.<\/span><\/div>\n<\/div>\n<div class=\"\" style=\"text-align: justify;\" data-block=\"true\" data-editor=\"75cm6\" data-offset-key=\"9ft2l-0-0\">\n<div class=\"_1mf _1mj\" data-offset-key=\"9ft2l-0-0\"><\/div>\n<\/div>\n<div class=\"\" style=\"text-align: justify;\" data-block=\"true\" data-editor=\"75cm6\" data-offset-key=\"hm4b-0-0\">\n<div class=\"_1mf _1mj\" data-offset-key=\"hm4b-0-0\"><span style=\"color: #000000;\">I avui tamb\u00e9 recordem tots aquells ciutadans i ciutadanes que van col\u00b7laborar i ajudar en aquells dies tr\u00e0gics. El 17 i 18 d\u2019agost del 2017 vam demostrar al m\u00f3n i a nosaltres mateixos l\u2019esperit solidari, obert i col\u00b7laboratiu de la nostra societat.<\/span><\/div>\n<\/div>\n<div class=\"\" style=\"text-align: justify;\" data-block=\"true\" data-editor=\"75cm6\" data-offset-key=\"c8q0v-0-0\">\n<div class=\"_1mf _1mj\" data-offset-key=\"c8q0v-0-0\"><\/div>\n<\/div>\n<div class=\"\" style=\"text-align: justify;\" data-block=\"true\" data-editor=\"75cm6\" data-offset-key=\"7p6nf-0-0\">\n<div class=\"_1mf _1mj\" data-offset-key=\"7p6nf-0-0\"><span style=\"color: #000000;\">Precisament aquest esperit \u00e9s el que hem de reivindicar, convertint de nou, com hem fet, la Rambla de Barcelona i el Passeig Mar\u00edtim de Cambrils en art\u00e8ries de vida. Un lloc de trobada, de multiculturalisme, de respecte i de civisme, una mostra del que s\u00f3n els nostres pobles i ciutats: punts de trobada i conviv\u00e8ncia per a tothom, uns espais de no discriminaci\u00f3 i garants de l\u2019exercici de la llibertat. I avui ens tornem a reafirmar en la voluntat de seguir construint municipis on imperi el respecte, la llibertat i la pau. Un pa\u00eds que s\u2019al\u00e7a dient que no t\u00e9 por. Que no tenim por.<\/span><\/div>\n<\/div>\n<div class=\"\" style=\"text-align: justify;\" data-block=\"true\" data-editor=\"75cm6\" data-offset-key=\"fjnj-0-0\">\n<div class=\"_1mf _1mj\" data-offset-key=\"fjnj-0-0\"><\/div>\n<\/div>\n<div class=\"\" style=\"text-align: justify;\" data-block=\"true\" data-editor=\"75cm6\" data-offset-key=\"4o4fs-0-0\">\n<div class=\"_1mf _1mj\" data-offset-key=\"4o4fs-0-0\"><span style=\"color: #000000;\">Davant del terrorisme que vol amena\u00e7ar la societat de conviv\u00e8ncia de Catalunya, Europa i gran part del m\u00f3n, no permetrem posar en crisi el nostre model de pau i llibertat. Ni el jihadisme ni cap mostra de terror podran canviar la nostra ferma voluntat de viure en unes ciutats i pobles oberts, tolerants, i respectuosos amb totes les formes de pensar. Aquest \u00e9s el cam\u00ed que hem decidit seguir fent, amb la pau com a eix vertebrador de les nostres societats.<\/span><\/div>\n<\/div>\n<div class=\"\" style=\"text-align: justify;\" data-block=\"true\" data-editor=\"75cm6\" data-offset-key=\"2o9am-0-0\">\n<div class=\"_1mf _1mj\" data-offset-key=\"2o9am-0-0\"><\/div>\n<\/div>\n<div class=\"\" style=\"text-align: justify;\" data-block=\"true\" data-editor=\"75cm6\" data-offset-key=\"7iqmf-0-0\">\n<div class=\"_1mf _1mj\" data-offset-key=\"7iqmf-0-0\"><span style=\"color: #000000;\">Alhora, cal que els pa\u00efsos que es pretenen a si mateixos com a democr\u00e0tics, civilitzats i moderns no contribueixin de cap manera en la venda d\u2019armes ni material b\u00e8l\u00b7lic als<\/span><\/div>\n<\/div>\n<div class=\"\" style=\"text-align: justify;\" data-block=\"true\" data-editor=\"75cm6\" data-offset-key=\"3gskn-0-0\"><span style=\"color: #000000;\">\u00a0<\/span><\/div>\n<div class=\"\" style=\"text-align: justify;\" data-block=\"true\" data-editor=\"75cm6\" data-offset-key=\"9bp7o-0-0\">\n<div class=\"_1mf _1mj\" data-offset-key=\"9bp7o-0-0\"><span style=\"color: #000000;\">intolerants, de manera directa o indirecta. El comprom\u00eds amb la pau \u00e9s i ha de ser una prioritat per tots nosaltres i, per tant, com a societat no podem tolerar en cap cas que el negoci armament\u00edstic sigui ali\u00e8 a la realitat creixent del terrorisme internacional. Tots hem de predicar amb l\u2019exemple.<\/span><\/div>\n<\/div>\n<div class=\"\" style=\"text-align: justify;\" data-block=\"true\" data-editor=\"75cm6\" data-offset-key=\"bvgai-0-0\">\n<div class=\"_1mf _1mj\" data-offset-key=\"bvgai-0-0\"><\/div>\n<\/div>\n<div class=\"\" style=\"text-align: justify;\" data-block=\"true\" data-editor=\"75cm6\" data-offset-key=\"1i4eq-0-0\">\n<div class=\"_1mf _1mj\" data-offset-key=\"1i4eq-0-0\"><span style=\"color: #000000;\">Avui, milers de persones ens trobem davant dels nostres ajuntaments, a la Rambla de Barcelona i a Cambrils, perqu\u00e8 junts som m\u00e9s forts, perqu\u00e8 som un sol poble, tamb\u00e9 contra el terrorisme. I el millor homenatge que podem fer a les v\u00edctimes, als familiars i als amics \u00e9s refermar el nostre comprom\u00eds gran\u00edtic amb la democr\u00e0cia, la toler\u00e0ncia, el respecte, la llibertat i la pau. A totes les v\u00edctimes, ferits, familiars i amics: sempre sereu presents en la nostra mem\u00f2ria i en la d\u2019aquest pa\u00eds.<\/span><\/div>\n<\/div>\n<div class=\"\" style=\"text-align: justify;\" data-block=\"true\" data-editor=\"75cm6\" data-offset-key=\"cf31c-0-0\">\n<div class=\"_1mf _1mj\" data-offset-key=\"cf31c-0-0\"><\/div>\n<\/div>\n<div class=\"\" data-block=\"true\" data-editor=\"75cm6\" data-offset-key=\"47ruk-0-0\">\n<div class=\"_1mf _1mj\" style=\"text-align: justify;\" data-offset-key=\"47ruk-0-0\"><span style=\"color: #000000;\">No tenim por, som gent de pau. 17 d\u2019agost de 2018.<\/span><\/div>\n<\/div>\n<div class=\"\" data-block=\"true\" data-editor=\"75cm6\" data-offset-key=\"2g5jt-0-0\">\n<div class=\"_1mf _1mj\" data-offset-key=\"2g5jt-0-0\"><\/div>\n<\/div>\n<div class=\"\" data-block=\"true\" data-editor=\"75cm6\" data-offset-key=\"b8onp-0-0\"><\/div>\n","protected":false},"excerpt":{"rendered":"<p>Avui divendres a les 12h, amb motiu del 1r aniversari dels fets del 17 i el 18 d&#8217;agost de 2017, s&#8217;han fet 5 minuts de silenci al davant de l&#8217;Ajuntament &hellip; <a href=\"https:\/\/bisbalpenedes.com\/web\/2018\/08\/17\/avui-divendres-shan-fet-5-minuts-de-silenci-i-sha-llegit-un-manifest-per-recordar-i-mostrar-el-suport-a-les-victimes-del-terrorisme-i-per-reivindicar-la-pau\/\" class=\"more-link\">Read More<\/a><\/p>\n","protected":false},"author":4,"featured_media":6815,"comment_status":"closed","ping_status":"closed","sticky":false,"template":"","format":"standard","meta":[],"categories":[1043],"tags":[2248,346,2249,1376,186],"_links":{"self":[{"href":"https:\/\/bisbalpenedes.com\/web\/wp-json\/wp\/v2\/posts\/6813"}],"collection":[{"href":"https:\/\/bisbalpenedes.com\/web\/wp-json\/wp\/v2\/posts"}],"about":[{"href":"https:\/\/bisbalpenedes.com\/web\/wp-json\/wp\/v2\/types\/post"}],"author":[{"embeddable":true,"href":"https:\/\/bisbalpenedes.com\/web\/wp-json\/wp\/v2\/users\/4"}],"replies":[{"embeddable":true,"href":"https:\/\/bisbalpenedes.com\/web\/wp-json\/wp\/v2\/comments?post=6813"}],"version-history":[{"count":1,"href":"https:\/\/bisbalpenedes.com\/web\/wp-json\/wp\/v2\/posts\/6813\/revisions"}],"predecessor-version":[{"id":6816,"href":"https:\/\/bisbalpenedes.com\/web\/wp-json\/wp\/v2\/posts\/6813\/revisions\/6816"}],"wp:featuredmedia":[{"embeddable":true,"href":"https:\/\/bisbalpenedes.com\/web\/wp-json\/wp\/v2\/media\/6815"}],"wp:attachment":[{"href":"https:\/\/bisbalpenedes.com\/web\/wp-json\/wp\/v2\/media?parent=6813"}],"wp:term":[{"taxonomy":"category","embeddable":true,"href":"https:\/\/bisbalpenedes.com\/web\/wp-json\/wp\/v2\/categories?post=6813"},{"taxonomy":"post_tag","embeddable":true,"href":"https:\/\/bisbalpenedes.com\/web\/wp-json\/wp\/v2\/tags?post=6813"}],"curies":[{"name":"wp","href":"https:\/\/api.w.org\/{rel}","templated":true}]}}