{"id":6811,"date":"2018-08-17T15:30:49","date_gmt":"2018-08-17T14:30:49","guid":{"rendered":"http:\/\/bisbalpenedes.com\/web\/?p=6811"},"modified":"2018-08-17T15:30:49","modified_gmt":"2018-08-17T14:30:49","slug":"loficina-daqualia-a-la-bisbal-romandra-tancada-aquest-dissabte","status":"publish","type":"post","link":"https:\/\/bisbalpenedes.com\/web\/2018\/08\/17\/loficina-daqualia-a-la-bisbal-romandra-tancada-aquest-dissabte\/","title":{"rendered":"L&#8217;oficina d&#8217;Aqualia a la Bisbal romandr\u00e0 tancada aquest dissabte"},"content":{"rendered":"<div class=\"\" data-block=\"true\" data-editor=\"3mdq\" data-offset-key=\"42keh-0-0\">\n<div class=\"_1mf _1mj\" data-offset-key=\"42keh-0-0\"><span data-offset-key=\"42keh-0-0\"><span data-text=\"true\">Aqualia no obrir\u00e0 la seva oficina de la Bisbal del Pened\u00e8s aquest dissabte. El proper dia d&#8217;obertura ser\u00e0 dimecres de la setmana vinent. Disculpeu les mol\u00e8sties.<\/span><\/span><\/div>\n<\/div>\n<div class=\"\" data-block=\"true\" data-editor=\"3mdq\" data-offset-key=\"2b3p5-0-0\">\n<div class=\"_1mf _1mj\" data-offset-key=\"2b3p5-0-0\"><span data-offset-key=\"2b3p5-0-0\">\u00a0<\/span><\/div>\n<\/div>\n<div class=\"\" data-block=\"true\" data-editor=\"3mdq\" data-offset-key=\"a0cst-0-0\">\n<div class=\"_1mf _1mj\" data-offset-key=\"a0cst-0-0\"><span data-offset-key=\"a0cst-0-0\"><span data-text=\"true\">&#8212;<\/span><\/span><\/div>\n<\/div>\n<div class=\"\" data-block=\"true\" data-editor=\"3mdq\" data-offset-key=\"3jle8-0-0\">\n<div class=\"_1mf _1mj\" data-offset-key=\"3jle8-0-0\"><span data-offset-key=\"3jle8-0-0\">\u00a0<\/span><\/div>\n<\/div>\n<div class=\"\" data-block=\"true\" data-editor=\"3mdq\" data-offset-key=\"1dlcv-0-0\">\n<div class=\"_1mf _1mj\" data-offset-key=\"1dlcv-0-0\"><span data-offset-key=\"1dlcv-0-0\"><span data-text=\"true\">Aqualia no abrir\u00e1 su oficina de la Bisbal del Pened\u00e8s este s\u00e1bado. El pr\u00f3ximo d\u00eda de apertura ser\u00e1 el mi\u00e9rcoles de la semana que viene. Disculpad las molestias.<\/span><\/span><\/div>\n<\/div>\n","protected":false},"excerpt":{"rendered":"<p>Aqualia no obrir\u00e0 la seva oficina de la Bisbal del Pened\u00e8s aquest dissabte. El proper dia d&#8217;obertura ser\u00e0 dimecres de la setmana vinent. Disculpeu les mol\u00e8sties. \u00a0 &#8212; \u00a0 Aqualia &hellip; <a href=\"https:\/\/bisbalpenedes.com\/web\/2018\/08\/17\/loficina-daqualia-a-la-bisbal-romandra-tancada-aquest-dissabte\/\" class=\"more-link\">Read More<\/a><\/p>\n","protected":false},"author":4,"featured_media":6733,"comment_status":"closed","ping_status":"closed","sticky":false,"template":"","format":"standard","meta":[],"categories":[1628],"tags":[],"_links":{"self":[{"href":"https:\/\/bisbalpenedes.com\/web\/wp-json\/wp\/v2\/posts\/6811"}],"collection":[{"href":"https:\/\/bisbalpenedes.com\/web\/wp-json\/wp\/v2\/posts"}],"about":[{"href":"https:\/\/bisbalpenedes.com\/web\/wp-json\/wp\/v2\/types\/post"}],"author":[{"embeddable":true,"href":"https:\/\/bisbalpenedes.com\/web\/wp-json\/wp\/v2\/users\/4"}],"replies":[{"embeddable":true,"href":"https:\/\/bisbalpenedes.com\/web\/wp-json\/wp\/v2\/comments?post=6811"}],"version-history":[{"count":1,"href":"https:\/\/bisbalpenedes.com\/web\/wp-json\/wp\/v2\/posts\/6811\/revisions"}],"predecessor-version":[{"id":6812,"href":"https:\/\/bisbalpenedes.com\/web\/wp-json\/wp\/v2\/posts\/6811\/revisions\/6812"}],"wp:featuredmedia":[{"embeddable":true,"href":"https:\/\/bisbalpenedes.com\/web\/wp-json\/wp\/v2\/media\/6733"}],"wp:attachment":[{"href":"https:\/\/bisbalpenedes.com\/web\/wp-json\/wp\/v2\/media?parent=6811"}],"wp:term":[{"taxonomy":"category","embeddable":true,"href":"https:\/\/bisbalpenedes.com\/web\/wp-json\/wp\/v2\/categories?post=6811"},{"taxonomy":"post_tag","embeddable":true,"href":"https:\/\/bisbalpenedes.com\/web\/wp-json\/wp\/v2\/tags?post=6811"}],"curies":[{"name":"wp","href":"https:\/\/api.w.org\/{rel}","templated":true}]}}