{"id":6809,"date":"2018-08-16T17:53:00","date_gmt":"2018-08-16T16:53:00","guid":{"rendered":"http:\/\/bisbalpenedes.com\/web\/?p=6809"},"modified":"2018-08-16T17:53:00","modified_gmt":"2018-08-16T16:53:00","slug":"divendres-a-les-12h-es-fara-un-acte-en-record-de-les-victimes-dels-atemptats","status":"publish","type":"post","link":"https:\/\/bisbalpenedes.com\/web\/2018\/08\/16\/divendres-a-les-12h-es-fara-un-acte-en-record-de-les-victimes-dels-atemptats\/","title":{"rendered":"Divendres a les 12h es far\u00e0 un acte en record de les v\u00edctimes dels atemptats"},"content":{"rendered":"<p style=\"text-align: justify;\"><span style=\"color: #000000;\">Aquest divendres a les 12h, amb motiu del 1r aniversari dels fets del 17 d&#8217;agost de 2017, es faran 5 minuts de silenci per recordar i mostrar la nostra solidaritat amb les v\u00edctimes dels atemptats de Barcelona i Cambrils, aix\u00ed com el nostre comprom\u00eds amb la pau.<\/span><\/p>\n<p style=\"text-align: justify;\"><span style=\"color: #000000;\">L&#8217;acte, coordinat des de l&#8217;Associaci\u00f3 Catalana de Municipis | ACM i la Federaci\u00f3 de Municipis de Catalunya, tindr\u00e0 lloc al davant de l&#8217;Ajuntament, on tamb\u00e9 es llegir\u00e0 un manifest.<\/span><\/p>\n<p style=\"text-align: justify;\"><span style=\"color: #000000;\">&#8212;<\/span><\/p>\n<p style=\"text-align: justify;\"><span style=\"color: #000000;\">Este viernes a las 12h, con motivo del 1r aniversario de los hechos del 17 de agosto del 2017, se har\u00e1n 5 minutos de silencio para recordar y mostrar nuestra solidaridad con las v\u00edctimas de los atentados de Barcelona i Cambrils, as\u00ed como nuestro compromiso con la paz.<\/span><\/p>\n<p style=\"text-align: justify;\"><span style=\"color: #000000;\">El acto, coordinado desde la Associaci\u00f3 Catalana de Municipis | ACM y la Federaci\u00f3 de Muncipis de Catalunya, tendr\u00e1 lugar delante del Ayuntamiento, donde tambi\u00e9n se leer\u00e1 un manifiesto.<\/span><\/p>\n","protected":false},"excerpt":{"rendered":"<p>Aquest divendres a les 12h, amb motiu del 1r aniversari dels fets del 17 d&#8217;agost de 2017, es faran 5 minuts de silenci per recordar i mostrar la nostra solidaritat &hellip; <a href=\"https:\/\/bisbalpenedes.com\/web\/2018\/08\/16\/divendres-a-les-12h-es-fara-un-acte-en-record-de-les-victimes-dels-atemptats\/\" class=\"more-link\">Read More<\/a><\/p>\n","protected":false},"author":4,"featured_media":6737,"comment_status":"closed","ping_status":"closed","sticky":false,"template":"","format":"standard","meta":[],"categories":[4],"tags":[],"_links":{"self":[{"href":"https:\/\/bisbalpenedes.com\/web\/wp-json\/wp\/v2\/posts\/6809"}],"collection":[{"href":"https:\/\/bisbalpenedes.com\/web\/wp-json\/wp\/v2\/posts"}],"about":[{"href":"https:\/\/bisbalpenedes.com\/web\/wp-json\/wp\/v2\/types\/post"}],"author":[{"embeddable":true,"href":"https:\/\/bisbalpenedes.com\/web\/wp-json\/wp\/v2\/users\/4"}],"replies":[{"embeddable":true,"href":"https:\/\/bisbalpenedes.com\/web\/wp-json\/wp\/v2\/comments?post=6809"}],"version-history":[{"count":1,"href":"https:\/\/bisbalpenedes.com\/web\/wp-json\/wp\/v2\/posts\/6809\/revisions"}],"predecessor-version":[{"id":6810,"href":"https:\/\/bisbalpenedes.com\/web\/wp-json\/wp\/v2\/posts\/6809\/revisions\/6810"}],"wp:featuredmedia":[{"embeddable":true,"href":"https:\/\/bisbalpenedes.com\/web\/wp-json\/wp\/v2\/media\/6737"}],"wp:attachment":[{"href":"https:\/\/bisbalpenedes.com\/web\/wp-json\/wp\/v2\/media?parent=6809"}],"wp:term":[{"taxonomy":"category","embeddable":true,"href":"https:\/\/bisbalpenedes.com\/web\/wp-json\/wp\/v2\/categories?post=6809"},{"taxonomy":"post_tag","embeddable":true,"href":"https:\/\/bisbalpenedes.com\/web\/wp-json\/wp\/v2\/tags?post=6809"}],"curies":[{"name":"wp","href":"https:\/\/api.w.org\/{rel}","templated":true}]}}