{"id":6784,"date":"2018-08-13T14:30:36","date_gmt":"2018-08-13T13:30:36","guid":{"rendered":"http:\/\/bisbalpenedes.com\/web\/?p=6784"},"modified":"2018-08-13T14:30:36","modified_gmt":"2018-08-13T13:30:36","slug":"larxiu-municipal-comptara-amb-les-fotografies-que-la-sra-felicidad-va-fer-entre-els-anys-70-i-90","status":"publish","type":"post","link":"https:\/\/bisbalpenedes.com\/web\/2018\/08\/13\/larxiu-municipal-comptara-amb-les-fotografies-que-la-sra-felicidad-va-fer-entre-els-anys-70-i-90\/","title":{"rendered":"L&#8217;Arxiu Municipal comptar\u00e0 amb les fotografies que la sra. Felicidad va fer entre els anys 70 i 90"},"content":{"rendered":"<figure id=\"attachment_6785\" aria-describedby=\"caption-attachment-6785\" style=\"width: 630px\" class=\"wp-caption aligncenter\"><a href=\"http:\/\/bisbalpenedes.com\/web\/wp-content\/uploads\/2018\/08\/SIGNATURA-CONVENI-SRA-FELICIDAD.jpg\"><img loading=\"lazy\" class=\"size-large wp-image-6785\" src=\"http:\/\/bisbalpenedes.com\/web\/wp-content\/uploads\/2018\/08\/SIGNATURA-CONVENI-SRA-FELICIDAD-1024x683.jpg\" alt=\"D'esquerra a dreta: Jordi Ferran, arxiver municipal; Josep Antoni Bund\u00f3, fill de la senyora Felicidad i persona que ha signat el conveni; Agn\u00e8s Ferr\u00e9, alcaldessa de la Bisbal; Judith Vidal, regidora de Cultura\" width=\"630\" height=\"420\" srcset=\"https:\/\/bisbalpenedes.com\/web\/wp-content\/uploads\/2018\/08\/SIGNATURA-CONVENI-SRA-FELICIDAD-1024x683.jpg 1024w, https:\/\/bisbalpenedes.com\/web\/wp-content\/uploads\/2018\/08\/SIGNATURA-CONVENI-SRA-FELICIDAD-600x400.jpg 600w, https:\/\/bisbalpenedes.com\/web\/wp-content\/uploads\/2018\/08\/SIGNATURA-CONVENI-SRA-FELICIDAD-300x200.jpg 300w, https:\/\/bisbalpenedes.com\/web\/wp-content\/uploads\/2018\/08\/SIGNATURA-CONVENI-SRA-FELICIDAD-768x512.jpg 768w\" sizes=\"(max-width: 630px) 100vw, 630px\" \/><\/a><figcaption id=\"caption-attachment-6785\" class=\"wp-caption-text\"><strong>D&#8217;esquerra a dreta: Jordi Ferran, arxiver municipal; Josep Antoni Bund\u00f3, fill de la senyora Felicidad i persona que ha signat el conveni amb l&#8217;Ajuntament de la Bisbal; Agn\u00e8s Ferr\u00e9, alcaldessa de la Bisbal; Judith Vidal, regidora de Cultura<\/strong><\/figcaption><\/figure>\n<p style=\"text-align: justify;\"><span style=\"color: #000000;\">El passat divendres 10 d\u2019agost l\u2019alcaldessa Agn\u00e8s Ferr\u00e9 va signar un conveni de donaci\u00f3 i cessi\u00f3 de drets de negatius i fotografies de la Bisbal amb Josep Antoni Bund\u00f3, fill de Felicidad Farrais i Rodr\u00edguez, coneguda a la Bisbal com a sra. Felicidad, qui, entre els anys 70 i 90 va exercir de fot\u00f2grafa professional.<\/span><\/p>\n<p style=\"text-align: justify;\"><span style=\"color: #000000;\">El llegat de la sra. Felicidad inclou fotografies de bisbalencs i bisbalenques i imatges de festes tradicionals i altres actes populars o religiosos que es van realitzar durant les d\u00e8cades dels 70, 80 i 90.<\/span><\/p>\n<p style=\"text-align: justify;\"><span style=\"color: #000000;\">La sra. Felicidad feia fotografies a la Bisbal i despr\u00e9s les penjava als finestrals de casa seva. La gent comprava les fotografies que veia exposades o que la sra. Felicidad li oferia. En aquells anys no tothom tenia c\u00e0mera de fotos i la feina d\u2019aquesta fot\u00f2grafa va suposar que molts bisbalencs i moltes bisbalenques hagin pogut preservar records d\u2019aquella \u00e8poca.<\/span><\/p>\n<p style=\"text-align: justify;\"><span style=\"color: #000000;\">Josep Antoni Bund\u00f3, fill de la senyora Felicidad, ha realitzat una donaci\u00f3 del llegat de la seva mare al poble que la va acollir amb la finalitat d\u2019afavorir la preservaci\u00f3, catalogaci\u00f3 i divulgaci\u00f3 de les imatges mitjan\u00e7ant la seva incorporaci\u00f3 a l\u2019Arxiu Municipal de l\u2019Ajuntament de la Bisbal del Pened\u00e8s, permetent aix\u00ed que els arxius compleixin una funci\u00f3 social, cultural i de preservaci\u00f3 de la mem\u00f2ria hist\u00f2rica.<\/span><\/p>\n<p style=\"text-align: justify;\"><span style=\"color: #000000;\">L\u2019arxiver municipal, Jordi Ferran, \u00e9s qui ha examinat el material, ha fet els informes corresponents i dur\u00e0 a terme la indexaci\u00f3 i catalogaci\u00f3 de la donaci\u00f3. La Regidoria de Cultura t\u00e9 la intenci\u00f3 de poder realitzar una exposici\u00f3 del\u00a0 material fotogr\u00e0fic de la sra. Felicidad l\u2019any vinent.<\/span><\/p>\n<hr \/>\n<p style=\"text-align: justify;\"><span style=\"color: #000000;\"><strong>CASTELLANO |<\/strong> El pasado viernes 10 de agosto la alcaldesa Agn\u00e8s Ferr\u00e9 firm\u00f3 un convenio de donaci\u00f3n y cesi\u00f3n de derechos de negativos y fotograf\u00edas de la Bisbal con Josep Antoni Bund\u00f3, hijo de Felicidad Farrais Rodr\u00edguez, conocida en la Bisbal como Sra. Felicidad, quien, entre los a\u00f1os 70 y 90 ejerci\u00f3 de fot\u00f3grafa profesional.<\/span><\/p>\n<p style=\"text-align: justify;\"><span style=\"color: #000000;\">El legado de la sra. Felicidad incluye fotograf\u00edas de bisbalencs y bisbalenques e im\u00e1genes de fiestas tradicionales y actos populares o religiosos que se realizaron durante las d\u00e9cadas de los 70, 80 y 90.\u00a0<\/span><\/p>\n<p style=\"text-align: justify;\"><span style=\"color: #000000;\">La sra. Felicidad hac\u00eda fotograf\u00edas en la Bisbal y despu\u00e9s las colgaba en los ventanales de su casa. La gente compraba las fotograf\u00edas que ve\u00eda expuestas o que la sra. Felicidad le ofrec\u00eda. En aquellos a\u00f1os mucha gente no ten\u00eda c\u00e1mara de fotos y el trabajo de esta fot\u00f3grafa supuso que muchos bisbalencs y muchas bisbalenques hayan podido preservar recuerdos de aquella \u00e9poca.<\/span><\/p>\n<p style=\"text-align: justify;\"><span style=\"color: #000000;\">Josep Antoni Bund\u00f3, hijo de la se\u00f1ora Felicidad, ha realizado una donaci\u00f3n del legado de su padre al pueblo que la acogi\u00f3 con la finalidad de favorecer la preservaci\u00f3n, catalogaci\u00f3n y divulgaci\u00f3n de las im\u00e1genes mediante su incorporaci\u00f3n en el Archivo Municipal del Ayuntamiento de la Bisbal del Pened\u00e8s, permitiendo as\u00ed que los archivos cumplan una funci\u00f3n social, cultural y de preservaci\u00f3n de la memoria hist\u00f3rica.<\/span><\/p>\n<p style=\"text-align: justify;\"><span style=\"color: #000000;\">El archivero municipal, Jordi Ferran, es quien ha examinado el material, ha hecho los informes correspondientes y llevar\u00e1 a cabo la indexaci\u00f3n y catalogaci\u00f3n de la donaci\u00f3n. La Regidoria de Cultura tiene la intenci\u00f3n de poder realizar una exposici\u00f3n del material fotogr\u00e1fico de la sra. Felicidad el a\u00f1o que viene.\u00a0<\/span><\/p>\n","protected":false},"excerpt":{"rendered":"<p>El passat divendres 10 d\u2019agost l\u2019alcaldessa Agn\u00e8s Ferr\u00e9 va signar un conveni de donaci\u00f3 i cessi\u00f3 de drets de negatius i fotografies de la Bisbal amb Josep Antoni Bund\u00f3, fill &hellip; <a href=\"https:\/\/bisbalpenedes.com\/web\/2018\/08\/13\/larxiu-municipal-comptara-amb-les-fotografies-que-la-sra-felicidad-va-fer-entre-els-anys-70-i-90\/\" class=\"more-link\">Read More<\/a><\/p>\n","protected":false},"author":4,"featured_media":6785,"comment_status":"closed","ping_status":"closed","sticky":false,"template":"","format":"standard","meta":[],"categories":[13],"tags":[914,2247,2243,193,1975,2245,2244,2246,2242],"_links":{"self":[{"href":"https:\/\/bisbalpenedes.com\/web\/wp-json\/wp\/v2\/posts\/6784"}],"collection":[{"href":"https:\/\/bisbalpenedes.com\/web\/wp-json\/wp\/v2\/posts"}],"about":[{"href":"https:\/\/bisbalpenedes.com\/web\/wp-json\/wp\/v2\/types\/post"}],"author":[{"embeddable":true,"href":"https:\/\/bisbalpenedes.com\/web\/wp-json\/wp\/v2\/users\/4"}],"replies":[{"embeddable":true,"href":"https:\/\/bisbalpenedes.com\/web\/wp-json\/wp\/v2\/comments?post=6784"}],"version-history":[{"count":1,"href":"https:\/\/bisbalpenedes.com\/web\/wp-json\/wp\/v2\/posts\/6784\/revisions"}],"predecessor-version":[{"id":6786,"href":"https:\/\/bisbalpenedes.com\/web\/wp-json\/wp\/v2\/posts\/6784\/revisions\/6786"}],"wp:featuredmedia":[{"embeddable":true,"href":"https:\/\/bisbalpenedes.com\/web\/wp-json\/wp\/v2\/media\/6785"}],"wp:attachment":[{"href":"https:\/\/bisbalpenedes.com\/web\/wp-json\/wp\/v2\/media?parent=6784"}],"wp:term":[{"taxonomy":"category","embeddable":true,"href":"https:\/\/bisbalpenedes.com\/web\/wp-json\/wp\/v2\/categories?post=6784"},{"taxonomy":"post_tag","embeddable":true,"href":"https:\/\/bisbalpenedes.com\/web\/wp-json\/wp\/v2\/tags?post=6784"}],"curies":[{"name":"wp","href":"https:\/\/api.w.org\/{rel}","templated":true}]}}