{"id":6780,"date":"2018-08-13T07:08:54","date_gmt":"2018-08-13T06:08:54","guid":{"rendered":"http:\/\/bisbalpenedes.com\/web\/?p=6780"},"modified":"2018-08-13T07:08:54","modified_gmt":"2018-08-13T06:08:54","slug":"el-parc-desbarjo-del-priorat-segueix-prenent-forma","status":"publish","type":"post","link":"https:\/\/bisbalpenedes.com\/web\/2018\/08\/13\/el-parc-desbarjo-del-priorat-segueix-prenent-forma\/","title":{"rendered":"El parc d&#8217;esbarjo del Priorat segueix prenent forma"},"content":{"rendered":"<p><a href=\"http:\/\/bisbalpenedes.com\/web\/wp-content\/uploads\/2018\/08\/IMG_0991.jpg\"><img loading=\"lazy\" class=\"aligncenter size-large wp-image-6781\" src=\"http:\/\/bisbalpenedes.com\/web\/wp-content\/uploads\/2018\/08\/IMG_0991-1024x683.jpg\" alt=\"BANCS I PAPERERA PARC DEL PRIORAT\" width=\"630\" height=\"420\" srcset=\"https:\/\/bisbalpenedes.com\/web\/wp-content\/uploads\/2018\/08\/IMG_0991-1024x683.jpg 1024w, https:\/\/bisbalpenedes.com\/web\/wp-content\/uploads\/2018\/08\/IMG_0991-600x400.jpg 600w, https:\/\/bisbalpenedes.com\/web\/wp-content\/uploads\/2018\/08\/IMG_0991-300x200.jpg 300w, https:\/\/bisbalpenedes.com\/web\/wp-content\/uploads\/2018\/08\/IMG_0991-768x512.jpg 768w\" sizes=\"(max-width: 630px) 100vw, 630px\" \/><\/a><\/p>\n<p style=\"text-align: justify;\"><span style=\"color: #000000;\">El parc d&#8217;esbarjo del Priorat de la Bisbal segueix prenent forma. A principis d&#8217;agost us vam informar sobre <a style=\"color: #000000;\" href=\"http:\/\/bisbalpenedes.com\/web\/2018\/07\/11\/els-treballs-per-a-la-creacio-del-parc-desbarjo-del-priorat-de-la-bisbal-estan-molt-avancats\/\" target=\"_blank\">\u00a0la creaci\u00f3 de diversos camins<\/a>\u00a0per passejar\u00a0i, m\u00e9s tard, sobre la instal\u00b7laci\u00f3 aparells per a fer gimn\u00e0stica, una de les propostes que van fer els ve\u00efns als Pressupostos Participatius. Ara tamb\u00e9 s&#8217;hi han instal\u00b7lat els primers bancs i la primera paperera. Les regidories de Medi Ambient i Territori continuen treballant en l&#8217;adequaci\u00f3 d&#8217;aquesta zona perqu\u00e8 la gaudeixin els ve\u00efns del Priorat aix\u00ed com tots els ve\u00efns i les ve\u00efnes de la Bisbal.<\/span><\/p>\n<hr \/>\n<p style=\"text-align: justify;\"><span style=\"color: #000000;\"><strong>CASTELLANO |<\/strong>\u00a0El parque de recreo del Priorat de la Bisbal sigue tomando forma. A principios de agosto os informamos sobre\u00a0<a style=\"color: #000000;\" href=\"http:\/\/bisbalpenedes.com\/web\/2018\/07\/11\/els-treballs-per-a-la-creacio-del-parc-desbarjo-del-priorat-de-la-bisbal-estan-molt-avancats\/\" target=\"_blank\">la creaci\u00f3n de varios caminos<\/a>\u00a0para pasear y, m\u00e1s tarde, sobre la instalaci\u00f3n de aparatos para hacer gimnasia, una de las propuestas que hicieron los vecinos en los Presupuestos Participativos. Ahora tambi\u00e9n se han instalado los primeros bancos y la primera papelera. Las <em>regidories<\/em> de Medi Ambient y Territori contin\u00faan trabajando en la adecuaci\u00f3n de esta zona para que la disfruten los vecinos del Priorato as\u00ed como todos los vecinos y las vecinas de la Bisbal.\u00a0<\/span><\/p>\n<p>&nbsp;<\/p>\n","protected":false},"excerpt":{"rendered":"<p>El parc d&#8217;esbarjo del Priorat de la Bisbal segueix prenent forma. A principis d&#8217;agost us vam informar sobre \u00a0la creaci\u00f3 de diversos camins\u00a0per passejar\u00a0i, m\u00e9s tard, sobre la instal\u00b7laci\u00f3 aparells &hellip; <a href=\"https:\/\/bisbalpenedes.com\/web\/2018\/08\/13\/el-parc-desbarjo-del-priorat-segueix-prenent-forma\/\" class=\"more-link\">Read More<\/a><\/p>\n","protected":false},"author":4,"featured_media":6781,"comment_status":"closed","ping_status":"closed","sticky":false,"template":"","format":"standard","meta":[],"categories":[32,1377],"tags":[],"_links":{"self":[{"href":"https:\/\/bisbalpenedes.com\/web\/wp-json\/wp\/v2\/posts\/6780"}],"collection":[{"href":"https:\/\/bisbalpenedes.com\/web\/wp-json\/wp\/v2\/posts"}],"about":[{"href":"https:\/\/bisbalpenedes.com\/web\/wp-json\/wp\/v2\/types\/post"}],"author":[{"embeddable":true,"href":"https:\/\/bisbalpenedes.com\/web\/wp-json\/wp\/v2\/users\/4"}],"replies":[{"embeddable":true,"href":"https:\/\/bisbalpenedes.com\/web\/wp-json\/wp\/v2\/comments?post=6780"}],"version-history":[{"count":1,"href":"https:\/\/bisbalpenedes.com\/web\/wp-json\/wp\/v2\/posts\/6780\/revisions"}],"predecessor-version":[{"id":6782,"href":"https:\/\/bisbalpenedes.com\/web\/wp-json\/wp\/v2\/posts\/6780\/revisions\/6782"}],"wp:featuredmedia":[{"embeddable":true,"href":"https:\/\/bisbalpenedes.com\/web\/wp-json\/wp\/v2\/media\/6781"}],"wp:attachment":[{"href":"https:\/\/bisbalpenedes.com\/web\/wp-json\/wp\/v2\/media?parent=6780"}],"wp:term":[{"taxonomy":"category","embeddable":true,"href":"https:\/\/bisbalpenedes.com\/web\/wp-json\/wp\/v2\/categories?post=6780"},{"taxonomy":"post_tag","embeddable":true,"href":"https:\/\/bisbalpenedes.com\/web\/wp-json\/wp\/v2\/tags?post=6780"}],"curies":[{"name":"wp","href":"https:\/\/api.w.org\/{rel}","templated":true}]}}