{"id":6773,"date":"2018-08-10T20:02:53","date_gmt":"2018-08-10T19:02:53","guid":{"rendered":"http:\/\/bisbalpenedes.com\/web\/?p=6773"},"modified":"2018-08-11T20:26:20","modified_gmt":"2018-08-11T19:26:20","slug":"aquest-divendres-shan-decretat-canvis-en-el-cartipas-municipal","status":"publish","type":"post","link":"https:\/\/bisbalpenedes.com\/web\/2018\/08\/10\/aquest-divendres-shan-decretat-canvis-en-el-cartipas-municipal\/","title":{"rendered":"Aquest divendres s&#8217;han decretat canvis en el cartip\u00e0s municipal"},"content":{"rendered":"<p style=\"text-align: justify;\"><span style=\"color: #000000;\">L&#8217;alcaldessa de la Bisbal, Agn\u00e8s Ferr\u00e9, ha realitzat aquest divendres diversos canvis en el cartip\u00e0s municipal. Mitjan\u00e7ant un Decret d&#8217;alcaldia ha revocat la resoluci\u00f3 d&#8217;Alcaldia 15\/06\/15 on es va nomenar la regidora Maguy Antol\u00edn com a primera tinent d&#8217;alcaldia i la regidora Judit Vidal com a segona tinent d&#8217;alcaldia\u00a0i ha nomenat la regidora Judit Vidal primera tinent d&#8217;alcaldia i la regidora Leonor Uceda segona tinent d&#8217;alcaldia i membre de la Junta de Govern Local.<\/span><\/p>\n<p style=\"text-align: justify;\"><span style=\"color: #000000;\">Mitjan\u00e7ant un altre decret\u00a0ha delegat l&#8217;\u00e0rea de Benestar Social al regidor Feliu Gil i l&#8217;\u00e0rea d&#8217;Ensenyament a la regidora Leonor Uceda. D&#8217;altra banda ha afegit una nova regidoria, Turisme, que anir\u00e0 a c\u00e0rrec de la regidora Judit Vidal.\u00a0<\/span><\/p>\n<p style=\"text-align: justify;\"><span style=\"color: #000000;\">El cartip\u00e0s municipal queda de la seg\u00fcent manera:\u00a0<\/span><\/p>\n<p style=\"padding-left: 30px; text-align: justify;\"><span style=\"color: #000000;\">Regidories d&#8217;Urbanisme i Ocupaci\u00f3: Agn\u00e8s Ferr\u00e9 Ca\u00f1ellas<\/span><\/p>\n<p style=\"padding-left: 30px; text-align: justify;\"><span style=\"color: #000000;\">Regidories de Cultura, Lleure, Gent Gran i Turisme: Judit Vidal Vilella<\/span><\/p>\n<p style=\"padding-left: 30px; text-align: justify;\"><span style=\"color: #000000;\">Regidories de Joventut, Esports, Medi Ambient, Territori i Ensenyament: Leonor Uceda Martin<\/span><\/p>\n<p style=\"padding-left: 30px; text-align: justify;\"><span style=\"color: #000000;\">Regidories de Festes, Sanitat, Barris i Benestar Social: Feliu Gil Esteve<\/span><\/p>\n<p style=\"padding-left: 30px; text-align: justify;\"><span style=\"color: #000000;\">Regidories d&#8217;Economia i Finances: Pere Saumoy Bund\u00f3<\/span><\/p>\n<hr \/>\n<p style=\"text-align: justify;\"><span style=\"color: #000000;\"><strong>CASTELLANO |<\/strong> La alcaldesa de la Bisbal, Agn\u00e8s Ferr\u00e9, ha realizado este viernes varios cambios en el\u00a0cartapacio municipal. Mediante un decreto de alcald\u00eda ha revocado la resoluci\u00f3n de Alcald\u00eda 15\/06\/15 en la que se nombr\u00f3 a la\u00a0regidora Maguy Antol\u00edn como primera teniente de alcald\u00eda y la\u00a0regidora Judit Vidal como segunda teniente de alcald\u00eda y ha nombrado a la regidora Judit Vidal primera teniente de alcald\u00eda y a la regidora Leonor Uceda segunda teniente de alcald\u00eda y miembro de la Junta de Gobierno Local.\u00a0<\/span><\/p>\n<p style=\"text-align: justify;\"><span style=\"color: #000000;\">Mediante otro decreto ha delegado el \u00e1rea de Benestar Social al regidor Feliu Gil y el \u00e1rea de Ensenyament a la regidora Leonor Uceda. Por otro lado ha a\u00f1adido una nueva concejal\u00eda, Turismo, que ir\u00e1 a cargo de la regidora Judit Vidal.<\/span><\/p>\n<p style=\"text-align: justify;\"><span style=\"color: #000000;\">El cartapacio\u00a0municipal queda de la siguiente manera:\u00a0<\/span><\/p>\n<p style=\"padding-left: 30px; text-align: justify;\"><span style=\"color: #000000;\"><em>Regidories<\/em> de Urbanisme y Ocupaci\u00f3: Agn\u00e8s Ferr\u00e9 Ca\u00f1ellas<\/span><\/p>\n<p style=\"padding-left: 30px; text-align: justify;\"><span style=\"color: #000000;\"><em>Regidories<\/em> de Cultura, Lleure, Gent Gran y Turisme: Judit Vidal Vilella<\/span><\/p>\n<p style=\"padding-left: 30px; text-align: justify;\"><span style=\"color: #000000;\"><em>Regidories<\/em> de Joventut, Esports, Medi Ambient, Territori y Ensenyament: Leonor Uceda Martin<\/span><\/p>\n<p style=\"padding-left: 30px; text-align: justify;\"><span style=\"color: #000000;\"><em>Regidories<\/em> de Festes, Sanitat, Barris y Benestar Social: Feliu Gil Esteve<\/span><\/p>\n<p style=\"padding-left: 30px; text-align: justify;\"><span style=\"color: #000000;\"><em>Regidories<\/em> d&#8217;Economia y Finances: Pere Saumoy Bund\u00f3<\/span><\/p>\n<p>&nbsp;<\/p>\n","protected":false},"excerpt":{"rendered":"<p>L&#8217;alcaldessa de la Bisbal, Agn\u00e8s Ferr\u00e9, ha realitzat aquest divendres diversos canvis en el cartip\u00e0s municipal. Mitjan\u00e7ant un Decret d&#8217;alcaldia ha revocat la resoluci\u00f3 d&#8217;Alcaldia 15\/06\/15 on es va nomenar &hellip; <a href=\"https:\/\/bisbalpenedes.com\/web\/2018\/08\/10\/aquest-divendres-shan-decretat-canvis-en-el-cartipas-municipal\/\" class=\"more-link\">Read More<\/a><\/p>\n","protected":false},"author":4,"featured_media":6737,"comment_status":"closed","ping_status":"closed","sticky":false,"template":"","format":"standard","meta":[],"categories":[2057],"tags":[1252,315,1277,2241,862,328],"_links":{"self":[{"href":"https:\/\/bisbalpenedes.com\/web\/wp-json\/wp\/v2\/posts\/6773"}],"collection":[{"href":"https:\/\/bisbalpenedes.com\/web\/wp-json\/wp\/v2\/posts"}],"about":[{"href":"https:\/\/bisbalpenedes.com\/web\/wp-json\/wp\/v2\/types\/post"}],"author":[{"embeddable":true,"href":"https:\/\/bisbalpenedes.com\/web\/wp-json\/wp\/v2\/users\/4"}],"replies":[{"embeddable":true,"href":"https:\/\/bisbalpenedes.com\/web\/wp-json\/wp\/v2\/comments?post=6773"}],"version-history":[{"count":4,"href":"https:\/\/bisbalpenedes.com\/web\/wp-json\/wp\/v2\/posts\/6773\/revisions"}],"predecessor-version":[{"id":6777,"href":"https:\/\/bisbalpenedes.com\/web\/wp-json\/wp\/v2\/posts\/6773\/revisions\/6777"}],"wp:featuredmedia":[{"embeddable":true,"href":"https:\/\/bisbalpenedes.com\/web\/wp-json\/wp\/v2\/media\/6737"}],"wp:attachment":[{"href":"https:\/\/bisbalpenedes.com\/web\/wp-json\/wp\/v2\/media?parent=6773"}],"wp:term":[{"taxonomy":"category","embeddable":true,"href":"https:\/\/bisbalpenedes.com\/web\/wp-json\/wp\/v2\/categories?post=6773"},{"taxonomy":"post_tag","embeddable":true,"href":"https:\/\/bisbalpenedes.com\/web\/wp-json\/wp\/v2\/tags?post=6773"}],"curies":[{"name":"wp","href":"https:\/\/api.w.org\/{rel}","templated":true}]}}