{"id":6766,"date":"2018-08-10T23:11:07","date_gmt":"2018-08-10T22:11:07","guid":{"rendered":"http:\/\/bisbalpenedes.com\/web\/?p=6766"},"modified":"2018-08-10T23:14:26","modified_gmt":"2018-08-10T22:14:26","slug":"ja-sha-decidit-lordre-dactuacions-de-la-diada-castellera-del-15-dagost","status":"publish","type":"post","link":"https:\/\/bisbalpenedes.com\/web\/2018\/08\/10\/ja-sha-decidit-lordre-dactuacions-de-la-diada-castellera-del-15-dagost\/","title":{"rendered":"Ja s&#8217;ha decidit l&#8217;ordre d&#8217;actuacions de la Diada Castellera del 15 d&#8217;agost"},"content":{"rendered":"<p style=\"text-align: justify;\"><a href=\"http:\/\/bisbalpenedes.com\/web\/wp-content\/uploads\/2018\/08\/IMG_0970.jpg\"><img loading=\"lazy\" class=\"aligncenter size-large wp-image-6767\" src=\"http:\/\/bisbalpenedes.com\/web\/wp-content\/uploads\/2018\/08\/IMG_0970-1024x683.jpg\" alt=\"presentacio diada castellera agost 2018\" width=\"630\" height=\"420\" srcset=\"https:\/\/bisbalpenedes.com\/web\/wp-content\/uploads\/2018\/08\/IMG_0970-1024x683.jpg 1024w, https:\/\/bisbalpenedes.com\/web\/wp-content\/uploads\/2018\/08\/IMG_0970-600x400.jpg 600w, https:\/\/bisbalpenedes.com\/web\/wp-content\/uploads\/2018\/08\/IMG_0970-300x200.jpg 300w, https:\/\/bisbalpenedes.com\/web\/wp-content\/uploads\/2018\/08\/IMG_0970-768x512.jpg 768w\" sizes=\"(max-width: 630px) 100vw, 630px\" \/><\/a><\/p>\n<p style=\"text-align: justify;\"><span style=\"color: #000000;\">Aquest divendres ha tingut lloc la presentaci\u00f3 de la Diada Castellera de la Mare de D\u00e9u d&#8217;Agost de la Bisbal i el sorteig de l&#8217;ordre d&#8217;actuacions. L&#8217;acte ha comen\u00e7at amb un audiovisual fet amb fotografies de totes les colles i, tot seguit, l&#8217;alcaldessa Agn\u00e8s Ferr\u00e9 ha inaugurat l&#8217;acte explicant que\u00a0&#8220;els bisbalencs i els bisbalencs portem els castells als gens i per aix\u00f2 fa quatre anys vam voler fer \u00e9s donar-li la import\u00e0ncia i l&#8217;estima que els castells sempre havien tingut a la Bisbal i per aix\u00f2 vam comen\u00e7ar a fer la presentaci\u00f3 de la diada i el sorteig de l&#8217;ordre d&#8217;actuacions&#8221;.<\/span><\/p>\n<p style=\"text-align: justify;\"><span style=\"color: #000000;\">A continuaci\u00f3 s&#8217;ha fet el sorteig de l&#8217;ordre d&#8217;actuacions del proper dia 15 d&#8217;agost, que ser\u00e0 el seg\u00fcent:<\/span><\/p>\n<p style=\"padding-left: 30px; text-align: justify;\"><span style=\"color: #000000;\">1.- Castellers de Vilafranca<\/span><\/p>\n<p style=\"padding-left: 30px; text-align: justify;\"><span style=\"color: #000000;\">2.- Colla Joves Xiquets de Valls<\/span><\/p>\n<p style=\"padding-left: 30px; text-align: justify;\"><span style=\"color: #000000;\">3.- Colla Vella dels Xiquets de Valls<\/span><\/p>\n<p style=\"text-align: justify;\"><span style=\"color: #000000;\">Els Bous de la Bisbal obriran pla\u00e7a i ho faran, segons ha explicat Sergi Corominas, cap de colla &#8220;amb un castell r\u00e0pid, amb un intent, surti com surti, com cada any. I despr\u00e9s veurem aquesta gran diada, donant les gr\u00e0cies a les tres colles per poder estar aqu\u00ed un any m\u00e9s. Nosaltres farem un 3d6 aixecat per sota o el 2d6, que s\u00f3n els millors castells que estem treballant i, si tot va b\u00e9, acabarem amb un pilar de 5 que tamb\u00e9 fa un parell d&#8217;anys que el pilar de 5 tradicional no el tenim. Animem a tots els bisbalencs a donar-nos un cop de m\u00e0&#8221;.<\/span><\/p>\n<p style=\"text-align: justify;\"><span style=\"color: #000000;\">El cap de colla de la Joves, Francesc X. Ramon, ha dit que &#8220;la intenci\u00f3 \u00e9s fer el 5d9f&#8221;, i que espera que tots els assajos vagin b\u00e9 fins dimecres, per poder-lo portar\u00a0al carrer Dr. Robert.<\/span><\/p>\n<p style=\"text-align: justify;\"><span style=\"color: #000000;\">Quant a la Colla Vella, el seu cap de colla, Albert Mart\u00ednez, ha comen\u00e7at explicant que &#8220;estem contents de poder tornar a venir a la Bisbal&#8221; i ha afirmat que &#8220;venim aqu\u00ed a donar el m\u00e0xim com ha fet sempre la Colla Vella. Nosaltres portem tots els castells preparats, pot sortir qualsevol d&#8217;aquests castells (&#8230;) que si ser\u00e0 el 5 o ser\u00e0 el 4, si ser\u00e0 el 4 o el pilar, si ser\u00e0 el 2&#8230; Els castells que vam fer a Firagost hi s\u00f3n, per tant amb una mica de retocs podria ser que arribessin a la Bisbal. Serem aqu\u00ed i intentarem fer-ho el millor possible&#8221;.<\/span><\/p>\n<p style=\"text-align: justify;\"><span style=\"color: #000000;\">Antoni Bach, cap de colla dels Castellers de Vilafranca, ha\u00a0 dit que &#8220;puc assegurar que intentarem portar la torre amb folre i manilles i les altres dues rondes \u00e9s el que hem de treballar, s\u00ed que hem portat a pla\u00e7a castells com el 5d9 aquest any, estem treballant el 3d9 amb l&#8217;agulla o altres castells&#8230; ja veurem el que portarem a pla\u00e7a&#8221;.<\/span><\/p>\n<p style=\"text-align: justify;\"><span style=\"color: #000000;\">La Diada Castellera de la Mare de D\u00e9u d&#8217;Agost tindr\u00e0 lloc el proper dimecres 15 d&#8217;agost a les 12h al carrer Dr. Robert de la Bisbal (al davant de la Societat). La Xarxa oferir\u00e0 la diada en directe per televisi\u00f3:\u00a0<a style=\"color: #000000;\" href=\"https:\/\/www.facebook.com\/castellsenxarxa\/videos\/790963254627694\/\" target=\"_blank\">https:\/\/www.facebook.com\/castellsenxarxa\/videos\/790963254627694\/<\/a><\/span><\/p>\n<p style=\"text-align: justify;\"><span style=\"color: #000000;\">V\u00eddeo de la presentaci\u00f3 de la Diada Castellera:\u00a0<a style=\"color: #000000;\" href=\"https:\/\/www.facebook.com\/AjuntamentBisbalPenedes\/videos\/2057276297823559\/\" target=\"_blank\">https:\/\/www.facebook.com\/AjuntamentBisbalPenedes\/videos\/2057276297823559\/<\/a><\/span><\/p>\n<p style=\"text-align: justify;\"><a href=\"http:\/\/bisbalpenedes.com\/web\/wp-content\/uploads\/2018\/08\/IMG_0977-e1533939206957.jpg\"><img loading=\"lazy\" class=\"aligncenter size-large wp-image-6770\" src=\"http:\/\/bisbalpenedes.com\/web\/wp-content\/uploads\/2018\/08\/IMG_0977-e1533939206957-1024x788.jpg\" alt=\"brindis presentacio diada castellera\" width=\"630\" height=\"485\" srcset=\"https:\/\/bisbalpenedes.com\/web\/wp-content\/uploads\/2018\/08\/IMG_0977-e1533939206957-1024x788.jpg 1024w, https:\/\/bisbalpenedes.com\/web\/wp-content\/uploads\/2018\/08\/IMG_0977-e1533939206957-600x462.jpg 600w, https:\/\/bisbalpenedes.com\/web\/wp-content\/uploads\/2018\/08\/IMG_0977-e1533939206957-300x231.jpg 300w, https:\/\/bisbalpenedes.com\/web\/wp-content\/uploads\/2018\/08\/IMG_0977-e1533939206957-768x591.jpg 768w\" sizes=\"(max-width: 630px) 100vw, 630px\" \/><\/a><\/p>\n<hr \/>\n<p style=\"text-align: justify;\"><a href=\"http:\/\/bisbalpenedes.com\/web\/wp-content\/uploads\/2018\/08\/IMG_0970.jpg\"><img loading=\"lazy\" class=\"aligncenter size-large wp-image-6767\" src=\"http:\/\/bisbalpenedes.com\/web\/wp-content\/uploads\/2018\/08\/IMG_0970-1024x683.jpg\" alt=\"presentacio diada castellera agost 2018\" width=\"630\" height=\"420\" srcset=\"https:\/\/bisbalpenedes.com\/web\/wp-content\/uploads\/2018\/08\/IMG_0970-1024x683.jpg 1024w, https:\/\/bisbalpenedes.com\/web\/wp-content\/uploads\/2018\/08\/IMG_0970-600x400.jpg 600w, https:\/\/bisbalpenedes.com\/web\/wp-content\/uploads\/2018\/08\/IMG_0970-300x200.jpg 300w, https:\/\/bisbalpenedes.com\/web\/wp-content\/uploads\/2018\/08\/IMG_0970-768x512.jpg 768w\" sizes=\"(max-width: 630px) 100vw, 630px\" \/><\/a><\/p>\n<p style=\"text-align: justify;\"><span style=\"color: #000000;\"><strong>CASTELLANO |<\/strong> Este viernes ha tenido lugar la presentaci\u00f3n de la Diada Castellera de la Mare de D\u00e9u d&#8217;Agost de la Bisbal y el sorteo del orden de actuaciones. El acto ha empezado con un audiovisual hecho con fotograf\u00edas de todas la <em>colles<\/em> y, a continuaci\u00f3n, la alcaldesa Agn\u00e8s Ferr\u00e9 ha inaugurado el acto explicando que &#8220;los bisbalencs y las bisbalenques llevamos los castells en los genes y por eso hace cuatro a\u00f1os quisimos dar la importancia y el cari\u00f1o que los castillos siempre hab\u00edan tenido en la Bisbal y por eso empezamos a hacer la presentaci\u00f3n de la diada y el sorteo del orden de actuaciones&#8221;.<\/span><\/p>\n<p style=\"text-align: justify;\"><span style=\"color: #000000;\">A continuaci\u00f3n se ha hecho el sorteo del orden de actuaciones del pr\u00f3ximo d\u00eda 15 de agosto, que ser\u00e1 el siguiente:<\/span><\/p>\n<p style=\"padding-left: 30px; text-align: justify;\"><span style=\"color: #000000;\">1.- Castellers de Vilafranca<\/span><\/p>\n<p style=\"padding-left: 30px; text-align: justify;\"><span style=\"color: #000000;\">2.- Colla Joves Xiquets de Valls<\/span><\/p>\n<p style=\"padding-left: 30px; text-align: justify;\"><span style=\"color: #000000;\">3.- Colla Vella dels Xiquets de Valls<\/span><\/p>\n<p style=\"text-align: justify;\"><span style=\"color: #000000;\">Els Bous de la Bisbal abrir\u00e1n plaza y lo har\u00e1n, seg\u00fan ha explicado Sergi Corominas, cap de colla &#8220;con un castillo r\u00e1pido, con un intento, salga como salga, como cada a\u00f1o. Y despu\u00e9s veremos esta gran diada, dando las gracias a las tres colles por poder estar aqu\u00ed un a\u00f1o m\u00e1s. Nosotros haremos un 3d6 <em>aixecat per sota<\/em> o el 2d6, que son los mejores castells que estamos trabajando y, si todo va bien, acabaremos con un pilar de 5 que tambi\u00e9n hace un par de a\u00f1os que el pilar de 5 tradicional no lo tenemos. Animamos a todos los bisbalencs a echarnos una mano&#8221;.<\/span><\/p>\n<p style=\"text-align: justify;\"><span style=\"color: #000000;\">El cap de colla de la Joves, Francesc X. Ramon, ha dicho que &#8220;la intenci\u00f3n es hacer el 5d9f&#8221;, y que espera que todos los ensayos vayan bien hasta el mi\u00e9rcoles, para poderlo llevar a la calle Dr Robert.<\/span><\/p>\n<p style=\"text-align: justify;\"><span style=\"color: #000000;\">En cuanto a la Colla Vella, su cap de colla, Albert Mart\u00ednez, ha empezado explicando que &#8220;estamos muy contentos de poder volver a venir a la Bisbal&#8221; y ha afirmado que &#8220;venimos aqu\u00ed a dar el m\u00e1ximo como ha hecho siempre la Colla Vella. Nosotros llevamos todos los castillos preparados, puede salir cualquiera de estos castillos (&#8230;) que si ser\u00e1 el 5 o ser\u00e1 el 4, si ser\u00e1 el 4 o el pilar, si ser\u00e1 el 2&#8230; Los castillos que hicimos en el Firagost est\u00e1n, por lo tanto con unos pocos retoques podr\u00eda ser que llegasen a la Bisbal. Estaremos aqu\u00ed e intentaremos hacerlo lo mejor posible&#8221;.<\/span><\/p>\n<p style=\"text-align: justify;\"><span style=\"color: #000000;\">Antoni Bach, cap de colla de los Castellers de Vilafranca, ha dicho que &#8220;puedo asegurar que intentaremos traer la torre amb <em>folre i manilles<\/em> y las otras dos rondas es lo que tenemos que trabajar, s\u00ed que hemos llevado a <em>pla\u00e7a<\/em> castillos como el 5d9 este a\u00f1o, estamos trabajando el 3d9 con <em>l&#8217;agulla<\/em> o otros castillos&#8230; ya veremos lo que traeremos a <em>pla\u00e7a<\/em>&#8220;<\/span><\/p>\n<p style=\"text-align: justify;\"><span style=\"color: #000000;\">La Diada Castellera de la Mare de D\u00e9u d&#8217;Agost tendr\u00e1 lugar el pr\u00f3ximo mi\u00e9rcoles 15 de agosto a las 12h en la calle Dr. Robert de la Bisbal (delante de la Societat). La Xarxa ofrecer\u00e1 la diada en directo por televisi\u00f3n: <a style=\"color: #000000;\" href=\"https:\/\/www.facebook.com\/castellsenxarxa\/videos\/790963254627694\/\" target=\"_blank\">https:\/\/www.facebook.com\/castellsenxarxa\/videos\/790963254627694\/<\/a><\/span><\/p>\n<p style=\"text-align: justify;\"><span style=\"color: #000000;\">V\u00eddeo de la presentaci\u00f3n de la Diada Castellera:\u00a0<a style=\"color: #000000;\" href=\"https:\/\/www.facebook.com\/AjuntamentBisbalPenedes\/videos\/2057276297823559\/\" target=\"_blank\">https:\/\/www.facebook.com\/AjuntamentBisbalPenedes\/videos\/2057276297823559\/<\/a><\/span><\/p>\n<p><a href=\"http:\/\/bisbalpenedes.com\/web\/wp-content\/uploads\/2018\/08\/IMG_0977-e1533939206957.jpg\"><img loading=\"lazy\" class=\"aligncenter size-large wp-image-6770\" src=\"http:\/\/bisbalpenedes.com\/web\/wp-content\/uploads\/2018\/08\/IMG_0977-e1533939206957-1024x788.jpg\" alt=\"brindis presentacio diada castellera\" width=\"630\" height=\"485\" srcset=\"https:\/\/bisbalpenedes.com\/web\/wp-content\/uploads\/2018\/08\/IMG_0977-e1533939206957-1024x788.jpg 1024w, https:\/\/bisbalpenedes.com\/web\/wp-content\/uploads\/2018\/08\/IMG_0977-e1533939206957-600x462.jpg 600w, https:\/\/bisbalpenedes.com\/web\/wp-content\/uploads\/2018\/08\/IMG_0977-e1533939206957-300x231.jpg 300w, https:\/\/bisbalpenedes.com\/web\/wp-content\/uploads\/2018\/08\/IMG_0977-e1533939206957-768x591.jpg 768w\" sizes=\"(max-width: 630px) 100vw, 630px\" \/><\/a><\/p>\n","protected":false},"excerpt":{"rendered":"<p>Aquest divendres ha tingut lloc la presentaci\u00f3 de la Diada Castellera de la Mare de D\u00e9u d&#8217;Agost de la Bisbal i el sorteig de l&#8217;ordre d&#8217;actuacions. L&#8217;acte ha comen\u00e7at amb &hellip; <a href=\"https:\/\/bisbalpenedes.com\/web\/2018\/08\/10\/ja-sha-decidit-lordre-dactuacions-de-la-diada-castellera-del-15-dagost\/\" class=\"more-link\">Read More<\/a><\/p>\n","protected":false},"author":4,"featured_media":6770,"comment_status":"closed","ping_status":"closed","sticky":false,"template":"","format":"standard","meta":[],"categories":[2161],"tags":[378,1520,377,379,2176,1719,1772,691,2240],"_links":{"self":[{"href":"https:\/\/bisbalpenedes.com\/web\/wp-json\/wp\/v2\/posts\/6766"}],"collection":[{"href":"https:\/\/bisbalpenedes.com\/web\/wp-json\/wp\/v2\/posts"}],"about":[{"href":"https:\/\/bisbalpenedes.com\/web\/wp-json\/wp\/v2\/types\/post"}],"author":[{"embeddable":true,"href":"https:\/\/bisbalpenedes.com\/web\/wp-json\/wp\/v2\/users\/4"}],"replies":[{"embeddable":true,"href":"https:\/\/bisbalpenedes.com\/web\/wp-json\/wp\/v2\/comments?post=6766"}],"version-history":[{"count":4,"href":"https:\/\/bisbalpenedes.com\/web\/wp-json\/wp\/v2\/posts\/6766\/revisions"}],"predecessor-version":[{"id":6772,"href":"https:\/\/bisbalpenedes.com\/web\/wp-json\/wp\/v2\/posts\/6766\/revisions\/6772"}],"wp:featuredmedia":[{"embeddable":true,"href":"https:\/\/bisbalpenedes.com\/web\/wp-json\/wp\/v2\/media\/6770"}],"wp:attachment":[{"href":"https:\/\/bisbalpenedes.com\/web\/wp-json\/wp\/v2\/media?parent=6766"}],"wp:term":[{"taxonomy":"category","embeddable":true,"href":"https:\/\/bisbalpenedes.com\/web\/wp-json\/wp\/v2\/categories?post=6766"},{"taxonomy":"post_tag","embeddable":true,"href":"https:\/\/bisbalpenedes.com\/web\/wp-json\/wp\/v2\/tags?post=6766"}],"curies":[{"name":"wp","href":"https:\/\/api.w.org\/{rel}","templated":true}]}}