{"id":6753,"date":"2018-08-10T10:19:27","date_gmt":"2018-08-10T09:19:27","guid":{"rendered":"http:\/\/bisbalpenedes.com\/web\/?p=6753"},"modified":"2018-08-10T12:10:55","modified_gmt":"2018-08-10T11:10:55","slug":"venda-de-tiquets-per-al-sopar-popular-del-ball-de-diables-de-la-bisbal-del-penedes","status":"publish","type":"post","link":"https:\/\/bisbalpenedes.com\/web\/2018\/08\/10\/venda-de-tiquets-per-al-sopar-popular-del-ball-de-diables-de-la-bisbal-del-penedes\/","title":{"rendered":"Podeu comprar els tiquets per al sopar popular que tindr\u00e0 lloc el dissabte 18 d&#8217;agost fins aquest dissabte 11 d&#8217;agost"},"content":{"rendered":"<p><span style=\"color: #000000;\">El\u00a0<a class=\"profileLink\" style=\"color: #000000;\" href=\"https:\/\/www.facebook.com\/balldiables.bisbalpenedes\/?fref=mentions\" data-hovercard=\"\/ajax\/hovercard\/page.php?id=124585471012022&amp;extragetparams=%7B%22fref%22%3A%22mentions%22%7D\" data-hovercard-prefer-more-content-show=\"1\">Ball de Diables de la Bisbal del Pened\u00e8s<\/a>\u00a0t\u00e9 a la venda els tiquets per al sopar popular que tindr\u00e0 lloc el dissabte 18 d&#8217;agost. Es poden comprar fins dem\u00e0 dissabte 11 d&#8217;agost.<\/span><\/p>\n<hr \/>\n<div class=\"text_exposed_show\">\n<p><span style=\"color: #000000;\">El Ball de Diables de la Bisbal del Pened\u00e8s tiene a la venta los tiques para la cena popular que tendr\u00e1 lugar el s\u00e1bado 18 de agosto. Se pueden comprar hasta ma\u00f1ana s\u00e1bado 11 de agosto.<\/span><\/p>\n<\/div>\n<p><a href=\"http:\/\/bisbalpenedes.com\/web\/wp-content\/uploads\/2018\/08\/sopar-festa-major-diables.jpg\"><img loading=\"lazy\" class=\"aligncenter size-full wp-image-6754\" src=\"http:\/\/bisbalpenedes.com\/web\/wp-content\/uploads\/2018\/08\/sopar-festa-major-diables.jpg\" alt=\"sopar festa major diables\" width=\"660\" height=\"960\" srcset=\"https:\/\/bisbalpenedes.com\/web\/wp-content\/uploads\/2018\/08\/sopar-festa-major-diables.jpg 660w, https:\/\/bisbalpenedes.com\/web\/wp-content\/uploads\/2018\/08\/sopar-festa-major-diables-600x873.jpg 600w, https:\/\/bisbalpenedes.com\/web\/wp-content\/uploads\/2018\/08\/sopar-festa-major-diables-206x300.jpg 206w\" sizes=\"(max-width: 660px) 100vw, 660px\" \/><\/a><\/p>\n","protected":false},"excerpt":{"rendered":"<p>El\u00a0Ball de Diables de la Bisbal del Pened\u00e8s\u00a0t\u00e9 a la venda els tiquets per al sopar popular que tindr\u00e0 lloc el dissabte 18 d&#8217;agost. Es poden comprar fins dem\u00e0 dissabte &hellip; <a href=\"https:\/\/bisbalpenedes.com\/web\/2018\/08\/10\/venda-de-tiquets-per-al-sopar-popular-del-ball-de-diables-de-la-bisbal-del-penedes\/\" class=\"more-link\">Read More<\/a><\/p>\n","protected":false},"author":4,"featured_media":6755,"comment_status":"closed","ping_status":"closed","sticky":false,"template":"","format":"standard","meta":[],"categories":[2161],"tags":[692,280,666,2239],"_links":{"self":[{"href":"https:\/\/bisbalpenedes.com\/web\/wp-json\/wp\/v2\/posts\/6753"}],"collection":[{"href":"https:\/\/bisbalpenedes.com\/web\/wp-json\/wp\/v2\/posts"}],"about":[{"href":"https:\/\/bisbalpenedes.com\/web\/wp-json\/wp\/v2\/types\/post"}],"author":[{"embeddable":true,"href":"https:\/\/bisbalpenedes.com\/web\/wp-json\/wp\/v2\/users\/4"}],"replies":[{"embeddable":true,"href":"https:\/\/bisbalpenedes.com\/web\/wp-json\/wp\/v2\/comments?post=6753"}],"version-history":[{"count":5,"href":"https:\/\/bisbalpenedes.com\/web\/wp-json\/wp\/v2\/posts\/6753\/revisions"}],"predecessor-version":[{"id":6760,"href":"https:\/\/bisbalpenedes.com\/web\/wp-json\/wp\/v2\/posts\/6753\/revisions\/6760"}],"wp:featuredmedia":[{"embeddable":true,"href":"https:\/\/bisbalpenedes.com\/web\/wp-json\/wp\/v2\/media\/6755"}],"wp:attachment":[{"href":"https:\/\/bisbalpenedes.com\/web\/wp-json\/wp\/v2\/media?parent=6753"}],"wp:term":[{"taxonomy":"category","embeddable":true,"href":"https:\/\/bisbalpenedes.com\/web\/wp-json\/wp\/v2\/categories?post=6753"},{"taxonomy":"post_tag","embeddable":true,"href":"https:\/\/bisbalpenedes.com\/web\/wp-json\/wp\/v2\/tags?post=6753"}],"curies":[{"name":"wp","href":"https:\/\/api.w.org\/{rel}","templated":true}]}}