{"id":6748,"date":"2018-08-09T13:11:45","date_gmt":"2018-08-09T12:11:45","guid":{"rendered":"http:\/\/bisbalpenedes.com\/web\/?p=6748"},"modified":"2018-08-09T13:11:45","modified_gmt":"2018-08-09T12:11:45","slug":"avis-per-pluja-per-dijous-9-dagost","status":"publish","type":"post","link":"https:\/\/bisbalpenedes.com\/web\/2018\/08\/09\/avis-per-pluja-per-dijous-9-dagost\/","title":{"rendered":"Av\u00eds per pluja per dijous 9 d&#8217;agost"},"content":{"rendered":"<p>Aquesta tarda est\u00e0 previst que plogui i la pluja podria descarregar amb for\u00e7a. Trobareu m\u00e9s informaci\u00f3 en aquest enlla\u00e7:\u00a0<a href=\"http:\/\/www.meteo.cat\/prediccio\/general\/\" target=\"_blank\">http:\/\/www.meteo.cat\/prediccio\/general\/<\/a><\/p>\n<p>&#8212;<\/p>\n<p>Esta tarde est\u00e1 previsto que llueva y la lluvia podr\u00eda descargar con fuerza. Encontrar\u00e9is m\u00e1s informaci\u00f3n en este enlace:\u00a0<a href=\"http:\/\/www.meteo.cat\/prediccio\/general\/\" target=\"_blank\">http:\/\/www.meteo.cat\/prediccio\/general\/<\/a><\/p>\n<p>&nbsp;<\/p>\n<p><a href=\"http:\/\/bisbalpenedes.com\/web\/wp-content\/uploads\/2018\/08\/intensitat-pluja-9-agost.png\"><img loading=\"lazy\" class=\"aligncenter size-medium wp-image-6749\" src=\"http:\/\/bisbalpenedes.com\/web\/wp-content\/uploads\/2018\/08\/intensitat-pluja-9-agost-300x203.png\" alt=\"intensitat pluja 9 agost\" width=\"300\" height=\"203\" srcset=\"https:\/\/bisbalpenedes.com\/web\/wp-content\/uploads\/2018\/08\/intensitat-pluja-9-agost-300x203.png 300w, https:\/\/bisbalpenedes.com\/web\/wp-content\/uploads\/2018\/08\/intensitat-pluja-9-agost-600x405.png 600w, https:\/\/bisbalpenedes.com\/web\/wp-content\/uploads\/2018\/08\/intensitat-pluja-9-agost-768x519.png 768w, https:\/\/bisbalpenedes.com\/web\/wp-content\/uploads\/2018\/08\/intensitat-pluja-9-agost-1024x691.png 1024w, https:\/\/bisbalpenedes.com\/web\/wp-content\/uploads\/2018\/08\/intensitat-pluja-9-agost.png 1096w\" sizes=\"(max-width: 300px) 100vw, 300px\" \/><\/a><\/p>\n","protected":false},"excerpt":{"rendered":"<p>Aquesta tarda est\u00e0 previst que plogui i la pluja podria descarregar amb for\u00e7a. Trobareu m\u00e9s informaci\u00f3 en aquest enlla\u00e7:\u00a0http:\/\/www.meteo.cat\/prediccio\/general\/ &#8212; Esta tarde est\u00e1 previsto que llueva y la lluvia podr\u00eda &hellip; <a href=\"https:\/\/bisbalpenedes.com\/web\/2018\/08\/09\/avis-per-pluja-per-dijous-9-dagost\/\" class=\"more-link\">Read More<\/a><\/p>\n","protected":false},"author":4,"featured_media":6749,"comment_status":"closed","ping_status":"closed","sticky":false,"template":"","format":"standard","meta":[],"categories":[1628],"tags":[],"_links":{"self":[{"href":"https:\/\/bisbalpenedes.com\/web\/wp-json\/wp\/v2\/posts\/6748"}],"collection":[{"href":"https:\/\/bisbalpenedes.com\/web\/wp-json\/wp\/v2\/posts"}],"about":[{"href":"https:\/\/bisbalpenedes.com\/web\/wp-json\/wp\/v2\/types\/post"}],"author":[{"embeddable":true,"href":"https:\/\/bisbalpenedes.com\/web\/wp-json\/wp\/v2\/users\/4"}],"replies":[{"embeddable":true,"href":"https:\/\/bisbalpenedes.com\/web\/wp-json\/wp\/v2\/comments?post=6748"}],"version-history":[{"count":1,"href":"https:\/\/bisbalpenedes.com\/web\/wp-json\/wp\/v2\/posts\/6748\/revisions"}],"predecessor-version":[{"id":6750,"href":"https:\/\/bisbalpenedes.com\/web\/wp-json\/wp\/v2\/posts\/6748\/revisions\/6750"}],"wp:featuredmedia":[{"embeddable":true,"href":"https:\/\/bisbalpenedes.com\/web\/wp-json\/wp\/v2\/media\/6749"}],"wp:attachment":[{"href":"https:\/\/bisbalpenedes.com\/web\/wp-json\/wp\/v2\/media?parent=6748"}],"wp:term":[{"taxonomy":"category","embeddable":true,"href":"https:\/\/bisbalpenedes.com\/web\/wp-json\/wp\/v2\/categories?post=6748"},{"taxonomy":"post_tag","embeddable":true,"href":"https:\/\/bisbalpenedes.com\/web\/wp-json\/wp\/v2\/tags?post=6748"}],"curies":[{"name":"wp","href":"https:\/\/api.w.org\/{rel}","templated":true}]}}