{"id":6740,"date":"2018-08-07T11:25:45","date_gmt":"2018-08-07T10:25:45","guid":{"rendered":"http:\/\/bisbalpenedes.com\/web\/?p=6740"},"modified":"2018-08-07T11:25:45","modified_gmt":"2018-08-07T10:25:45","slug":"lalcaldessa-de-la-bisbal-del-penedes-agnes-ferre-ha-signat-dos-decrets-de-destitucio-aquest-dilluns-6-dagost","status":"publish","type":"post","link":"https:\/\/bisbalpenedes.com\/web\/2018\/08\/07\/lalcaldessa-de-la-bisbal-del-penedes-agnes-ferre-ha-signat-dos-decrets-de-destitucio-aquest-dilluns-6-dagost\/","title":{"rendered":"L\u2019alcaldessa de la Bisbal del Pened\u00e8s, Agn\u00e8s Ferr\u00e9, ha signat dos decrets de destituci\u00f3 aquest dilluns 6 d\u2019agost"},"content":{"rendered":"<p style=\"text-align: justify;\"><span style=\"color: #000000;\">L\u2019alcaldessa de la Bisbal del Pened\u00e8s, Agn\u00e8s Ferr\u00e9 (PDeCAT) ha signat dos decrets de destituci\u00f3 aquest dilluns 6 d\u2019agost, una decisi\u00f3 que ha vingut motivada per la moci\u00f3 de censura que han presentat aquest dilluns 6 d\u2019agost els cinc regidors d\u2019ERC i la regidora del PSC.<\/span><\/p>\n<p style=\"text-align: justify;\"><span style=\"color: #000000;\">La presentaci\u00f3 d\u2019aquesta moci\u00f3 de censura suposa el trencament del pacte de govern signat al mes de maig de 2015 entre els cinc regidors del \u00a0PDeCAT (abans CIU) i la regidora del PSC, Margarita Antol\u00edn Manso.<\/span><\/p>\n<p style=\"text-align: justify;\"><span style=\"color: #000000;\">Per aquest motiu alcaldia ha signat dos decrets per destituir:<\/span><\/p>\n<p style=\"text-align: justify; padding-left: 30px;\"><span style=\"color: #000000;\">-Margarita Antol\u00edn Manso (PSC), regidora de Benestar Social i Educaci\u00f3 i primera tinent d\u2019alcaldia.<\/span><\/p>\n<p style=\"text-align: justify; padding-left: 30px;\"><span style=\"color: #000000;\">-Marta Aznar Caballero (personal eventual), que ocupava el lloc de treball de confian\u00e7a i d\u2019assessorament especial de les regidories d\u2019Educaci\u00f3 i Benestar Social.<\/span><\/p>\n<p style=\"text-align: justify;\"><span style=\"color: #000000;\">L\u2019equip de govern de l\u2019Ajuntament de la Bisbal del Pened\u00e8s queda aix\u00ed en minoria, ja que compta amb cinc regidors al govern (PDeCAT) i sis a l\u2019oposici\u00f3, cinc regidors d\u2019ERC-AM i una del PSC.<\/span><\/p>\n<p style=\"text-align: justify;\"><span style=\"color: #000000;\">La moci\u00f3 de censura ser\u00e0 votada en un ple que se celebrar\u00e0 el dimecres 22 d\u2019agost a les 12h a la sala de plens.<\/span><\/p>\n<hr \/>\n<p style=\"text-align: justify;\"><span style=\"color: #000000;\">CASTELLANO | La alcaldesa de la Bisbal del Pened\u00e8s, Agn\u00e8s Ferr\u00e9 (PDeCAT) ha firmado dos decretos de destituci\u00f3n este lunes 6 de agosto, una decisi\u00f3n que ha venido motivada por la moci\u00f3n de censura que han presentado este lunes 6 de agosto los cinco concejales de ERC y la concejala del PSC.<\/span><\/p>\n<p style=\"text-align: justify;\"><span style=\"color: #000000;\">La presentaci\u00f3n de esta moci\u00f3n de censura supone la rotura del pacto de gobierno firmado en el mes de mayo del 2015 entre los cinco concejales del PDeCAT (antes CIU) y la concejala del PSC, Margarita Antol\u00edn Manso.<\/span><\/p>\n<p style=\"text-align: justify;\"><span style=\"color: #000000;\">Por este motivo alcald\u00eda ha firmado dos decretos para destituir:<\/span><\/p>\n<p style=\"text-align: justify; padding-left: 30px;\"><span style=\"color: #000000;\">-Margarita Antol\u00edn Manso (PSC), concejala de Benestar Social y Educaci\u00f3 y primera teniente de alcald\u00eda.<\/span><\/p>\n<p style=\"text-align: justify; padding-left: 30px;\"><span style=\"color: #000000;\">-Marta Aznar Caballero (personal eventual), que ocupaba el puesto de trabajo de confianza y asesoramiento especial de las concejal\u00edas de Educaci\u00f3 y Benestar Social.<\/span><\/p>\n<p style=\"text-align: justify;\"><span style=\"color: #000000;\">El equipo de gobierno del Ayuntamiento de la Bisbal del Pened\u00e8s queda as\u00ed en minor\u00eda, ya que cuenta con cinco concejales en el gobierno (PDeCAT) y seis en la oposici\u00f3n, cinco concejales de ERC-AM y una del PSC.<\/span><\/p>\n<p style=\"text-align: justify;\"><span style=\"color: #000000;\">La moci\u00f3n de censura ser\u00e1 votada en un pleno que se celebrar\u00e1 el mi\u00e9rcoles 22 de agosto a las 12h en la sala de plenos.<\/span><\/p>\n","protected":false},"excerpt":{"rendered":"<p>L\u2019alcaldessa de la Bisbal del Pened\u00e8s, Agn\u00e8s Ferr\u00e9 (PDeCAT) ha signat dos decrets de destituci\u00f3 aquest dilluns 6 d\u2019agost, una decisi\u00f3 que ha vingut motivada per la moci\u00f3 de censura &hellip; <a href=\"https:\/\/bisbalpenedes.com\/web\/2018\/08\/07\/lalcaldessa-de-la-bisbal-del-penedes-agnes-ferre-ha-signat-dos-decrets-de-destitucio-aquest-dilluns-6-dagost\/\" class=\"more-link\">Read More<\/a><\/p>\n","protected":false},"author":4,"featured_media":6737,"comment_status":"closed","ping_status":"closed","sticky":false,"template":"","format":"standard","meta":[],"categories":[2057],"tags":[1151,2092,1503,1058,2236,2056,2237,2234],"_links":{"self":[{"href":"https:\/\/bisbalpenedes.com\/web\/wp-json\/wp\/v2\/posts\/6740"}],"collection":[{"href":"https:\/\/bisbalpenedes.com\/web\/wp-json\/wp\/v2\/posts"}],"about":[{"href":"https:\/\/bisbalpenedes.com\/web\/wp-json\/wp\/v2\/types\/post"}],"author":[{"embeddable":true,"href":"https:\/\/bisbalpenedes.com\/web\/wp-json\/wp\/v2\/users\/4"}],"replies":[{"embeddable":true,"href":"https:\/\/bisbalpenedes.com\/web\/wp-json\/wp\/v2\/comments?post=6740"}],"version-history":[{"count":1,"href":"https:\/\/bisbalpenedes.com\/web\/wp-json\/wp\/v2\/posts\/6740\/revisions"}],"predecessor-version":[{"id":6741,"href":"https:\/\/bisbalpenedes.com\/web\/wp-json\/wp\/v2\/posts\/6740\/revisions\/6741"}],"wp:featuredmedia":[{"embeddable":true,"href":"https:\/\/bisbalpenedes.com\/web\/wp-json\/wp\/v2\/media\/6737"}],"wp:attachment":[{"href":"https:\/\/bisbalpenedes.com\/web\/wp-json\/wp\/v2\/media?parent=6740"}],"wp:term":[{"taxonomy":"category","embeddable":true,"href":"https:\/\/bisbalpenedes.com\/web\/wp-json\/wp\/v2\/categories?post=6740"},{"taxonomy":"post_tag","embeddable":true,"href":"https:\/\/bisbalpenedes.com\/web\/wp-json\/wp\/v2\/tags?post=6740"}],"curies":[{"name":"wp","href":"https:\/\/api.w.org\/{rel}","templated":true}]}}