{"id":6736,"date":"2018-08-07T11:22:50","date_gmt":"2018-08-07T10:22:50","guid":{"rendered":"http:\/\/bisbalpenedes.com\/web\/?p=6736"},"modified":"2018-08-07T11:22:50","modified_gmt":"2018-08-07T10:22:50","slug":"el-dimecres-22-dagost-a-les-12h-es-votara-una-mocio-de-censura-al-ple-de-lajuntament-de-la-bisbal-del-penedes","status":"publish","type":"post","link":"https:\/\/bisbalpenedes.com\/web\/2018\/08\/07\/el-dimecres-22-dagost-a-les-12h-es-votara-una-mocio-de-censura-al-ple-de-lajuntament-de-la-bisbal-del-penedes\/","title":{"rendered":"El dimecres 22 d&#8217;agost a les 12h es votar\u00e0 una moci\u00f3 de censura al ple de l&#8217;Ajuntament de la Bisbal del Pened\u00e8s"},"content":{"rendered":"<p><span style=\"color: #000000;\">Aquest dilluns 6 d\u2019agost de 2018, a la tarda, els 5 regidors d\u2019ERC i la regidora del PSC, que fins ara era a l\u2019equip de govern, han entrat per registre una moci\u00f3 de censura contra l\u2019alcaldessa Agn\u00e8s Ferr\u00e9 (PDeCAT) que ser\u00e0 votada en un ple que s\u2019ha convocat per al dia 22 d\u2019agost a les 12h.<\/span><\/p>\n<p style=\"text-align: justify;\"><span style=\"color: #000000;\">El secretari municipal ha dictaminat que la moci\u00f3 reuneix els requisits establerts en l\u2019article 197.1 de la LOREG, ja que:<\/span><\/p>\n<ul style=\"text-align: justify;\">\n<li><span style=\"color: #000000;\">El document ha estat subscrit per sis (6) regidors, que constitueixen la majoria absoluta* del nombre legal de membres de la Corporaci\u00f3 en aquest moment, essent els seg\u00fcents:<\/span><\/li>\n<\/ul>\n<p style=\"text-align: justify;\"><span style=\"color: #000000;\">\u00a0\u00a0\u00a0\u00a0\u00a0\u00a0\u00a0 \u00a0\u00a0\u00a0\u00a0\u00a0\u00a0\u00a0\u00a0\u00a0\u00a0\u00a0\u00a0\u00a0\u00a0\u00a0 <u>-Regidora del PSC:<\/u> Margarita Antol\u00edn Manso<\/span><\/p>\n<p style=\"padding-left: 90px; text-align: justify;\"><span style=\"color: #000000;\"><u>-Regidors d\u2019ERC-AM:<\/u> Pilar Verd\u00fan Vives, M\u00f3nica mar\u00eda P\u00e9rez Garrido, Joaqu\u00edn Rivas Piqueras, Juana Reina Torres i Manuel Gonz\u00e1lez Cabrero.<\/span><\/p>\n<ul style=\"text-align: justify;\">\n<li><span style=\"color: #000000;\">Cap dels regidors que signen la proposta ha subscrit durant aquest mandat una altra moci\u00f3 de censura.<\/span><\/li>\n<li><span style=\"color: #000000;\">La proposta de moci\u00f3 incorpora l\u2019acceptaci\u00f3 expressa de\u00a0la candidata a l\u2019alcaldia, Margarita Antol\u00edn Manso.<\/span><\/li>\n<li><span style=\"color: #000000;\">La moci\u00f3 de censura incorpora les signatures dels regidors subscriptors degudament autentificades per una notaria.<\/span><\/li>\n<\/ul>\n<p style=\"text-align: justify;\"><span style=\"color: #000000;\">La sol\u00b7licitud d\u2019aquesta moci\u00f3 de censura suposa un trencament de l\u2019actual pacte de govern. A finals del mes de maig de 2015, despr\u00e9s de les eleccions, es va signar un pacte de govern entre CIU (ara PDeCAT) i el PSC per a l\u2019actual legislatura format per cinc (5) regidors de CIU (ara PDeCAT) i una (1) regidora del PSC. Aquest pacte estipulava que Agn\u00e8s Ferr\u00e9 (PDeCAT) seria l\u2019alcaldessa i que la regidora Margarita Antol\u00edn (PSC) assumiria el c\u00e0rrec de regidora d\u2019Educaci\u00f3 i Benestar Social i comptaria amb un c\u00e0rrec de confian\u00e7a.<\/span><\/p>\n<p style=\"text-align: justify;\"><span style=\"color: #000000;\">El ple se celebrar\u00e0 el dia 22 d\u2019agost a les 12h del migdia, ja que segons la legislaci\u00f3 vigent, s\u2019ha de convocar el 10\u00e8 dia h\u00e0bil, posterior a la sol\u00b7licitud, a les 12h.<\/span><\/p>\n<p style=\"text-align: justify;\"><span style=\"color: #000000;\"><strong>*Resultats de les eleccions del 24 de maig de 2015 a la Bisbal del Pened\u00e8s:<\/strong><\/span><\/p>\n<p style=\"text-align: justify;\"><span style=\"color: #000000;\">\u00a0\u00a0\u00a0\u00a0\u00a0\u00a0\u00a0\u00a0\u00a0\u00a0\u00a0\u00a0\u00a0\u00a0\u00a0 <strong>ERC-AM: <\/strong>\u00a0\u00a0\u00a0\u00a0\u00a0\u00a0\u00a0\u00a0\u00a0\u00a0\u00a0\u00a0 788 vots (5 regidors)<\/span><\/p>\n<p style=\"text-align: justify;\"><span style=\"color: #000000;\">\u00a0\u00a0\u00a0\u00a0\u00a0\u00a0\u00a0\u00a0\u00a0\u00a0\u00a0\u00a0\u00a0\u00a0\u00a0 <strong>CIU:<\/strong>\u00a0\u00a0\u00a0\u00a0\u00a0\u00a0\u00a0\u00a0\u00a0\u00a0\u00a0\u00a0\u00a0\u00a0\u00a0\u00a0\u00a0\u00a0\u00a0\u00a0\u00a0\u00a0 726 vots (5 regidors)<\/span><\/p>\n<p style=\"text-align: justify;\"><span style=\"color: #000000;\">\u00a0\u00a0\u00a0\u00a0\u00a0\u00a0\u00a0\u00a0\u00a0\u00a0\u00a0\u00a0\u00a0\u00a0\u00a0 <strong>PSC:<\/strong> \u00a0\u00a0\u00a0\u00a0\u00a0\u00a0\u00a0\u00a0\u00a0\u00a0\u00a0\u00a0\u00a0\u00a0\u00a0\u00a0\u00a0\u00a0\u00a0\u00a0\u00a0 189 vots (1 regidor)<\/span><\/p>\n<p style=\"text-align: justify;\"><span style=\"color: #000000;\">\u00a0\u00a0\u00a0\u00a0\u00a0\u00a0\u00a0\u00a0\u00a0\u00a0\u00a0\u00a0\u00a0\u00a0\u00a0 <strong>PP:<\/strong> \u00a0\u00a0\u00a0\u00a0\u00a0\u00a0\u00a0\u00a0\u00a0\u00a0\u00a0\u00a0\u00a0\u00a0\u00a0\u00a0\u00a0\u00a0\u00a0\u00a0\u00a0\u00a0\u00a0 \u00a0\u00a070 vots (0 regidors)<\/span><\/p>\n<hr \/>\n<p style=\"text-align: justify;\"><span style=\"color: #000000;\"><strong>CASTELLANO |<\/strong> Este lunes 6 de agosto del 2018, por la tarde, los 5 concejales de ERC y la concejala del PSC, que hasta ahora estaba en el equipo de gobierno, han entrado por registro una moci\u00f3n de censura contra la alcaldesa Agn\u00e8s Ferr\u00e9 (PDeCAT) que ser\u00e1 votada en un pleno que se ha convocado para el d\u00eda 22 de agosto a las 12h.<\/span><\/p>\n<p style=\"text-align: justify;\"><span style=\"color: #000000;\">El secretario municipal ha dictaminado que la moci\u00f3n re\u00fane los requisitos establecidos en el art\u00edculo 197.1 de la LOREG, ya que:<\/span><\/p>\n<ul style=\"text-align: justify;\">\n<li><span style=\"color: #000000;\">El documento ha sido suscrito por seis (6) concejales, que constituyen la mayor\u00eda absoluta* den n\u00famero legal de miembros de la Corporaci\u00f3n en este momento, siendo los siguientes:\u00a0<\/span><\/li>\n<\/ul>\n<p style=\"text-align: justify;\"><span style=\"color: #000000;\">\u00a0\u00a0\u00a0\u00a0\u00a0\u00a0\u00a0 \u00a0\u00a0\u00a0\u00a0\u00a0\u00a0\u00a0\u00a0\u00a0\u00a0\u00a0\u00a0\u00a0\u00a0\u00a0\u00a0<u>-Regidora del PSC:<\/u>\u00a0Margarita Antol\u00edn Manso<\/span><\/p>\n<p style=\"padding-left: 90px; text-align: justify;\"><span style=\"color: #000000;\"><u>-Regidors d\u2019ERC-AM:<\/u>\u00a0Pilar Verd\u00fan Vives, M\u00f3nica mar\u00eda P\u00e9rez Garrido, Joaqu\u00edn Rivas Piqueras, Juana Reina Torres i Manuel Gonz\u00e1lez Cabrero.<\/span><\/p>\n<ul style=\"text-align: justify;\">\n<li><span style=\"color: #000000;\">Ninguno de los concejales que firman la propuesta ha suscrito durante este mandato ninguna otra moci\u00f3n de censura.<\/span><\/li>\n<li><span style=\"color: #000000;\">La propuesta de moci\u00f3n incorpora la aceptaci\u00f3n expresa de la candidata a la alcald\u00eda, margarita Antol\u00edn Manso.<\/span><\/li>\n<li><span style=\"color: #000000;\">La moci\u00f3n de censura incorpora las firmas de los concejales suscriptores debidamente autentificadas por una notar\u00eda.<\/span><\/li>\n<\/ul>\n<p style=\"text-align: justify;\"><span style=\"color: #000000;\">La solicitud de esta moci\u00f3n de censura supone la rotura del actual pacto de gobierno. A finales del mes de mayo del 2015, despu\u00e9s de las elecciones, se firm\u00f3 un pacto de gobierno entre CIU (ahora PDeCAT) y el PSC para la actual legislatura, formado por cinco (5) concejales de CIU (ahora PDeCAT) y una (1) concejala del PSC. Este pacto estipulaba que Agn\u00e8s Ferr\u00e9 (PDeCAT) ser\u00eda la alcaldesa y que la concejala Margarita Antol\u00edn (PSC) asumir\u00eda el cargo de concejala de Educaci\u00f3n y Bienestar Social y contar\u00eda con un cargo de confianza.<\/span><\/p>\n<p style=\"text-align: justify;\"><span style=\"color: #000000;\">El pleno se celebrar\u00e1 el d\u00eda 22 de agosto a las 12h del mediod\u00eda, ya que seg\u00fan la legislaci\u00f3n vigente, se debe convocar el 10\u00ba d\u00eda h\u00e1bil, posterior a la solicitud, a las 12h.<\/span><\/p>\n<p style=\"text-align: justify;\"><span style=\"color: #000000;\"><strong>*Resultados de las elecciones del 24 de mayo del 2015 en la Bisbal del Pened\u00e8s:<\/strong><\/span><\/p>\n<p style=\"text-align: justify;\"><span style=\"color: #000000;\">\u00a0\u00a0\u00a0\u00a0\u00a0\u00a0\u00a0\u00a0\u00a0\u00a0\u00a0\u00a0\u00a0\u00a0\u00a0\u00a0<strong>ERC-AM:\u00a0<\/strong>\u00a0\u00a0\u00a0\u00a0\u00a0\u00a0\u00a0\u00a0\u00a0\u00a0\u00a0\u00a0 788 votos (5 concejales)<\/span><\/p>\n<p style=\"text-align: justify;\"><span style=\"color: #000000;\">\u00a0\u00a0\u00a0\u00a0\u00a0\u00a0\u00a0\u00a0\u00a0\u00a0\u00a0\u00a0\u00a0\u00a0\u00a0\u00a0<strong>CIU:<\/strong>\u00a0\u00a0\u00a0\u00a0\u00a0\u00a0\u00a0\u00a0\u00a0\u00a0\u00a0\u00a0\u00a0\u00a0\u00a0\u00a0\u00a0\u00a0\u00a0\u00a0\u00a0\u00a0 726 votos (5 concejales)<\/span><\/p>\n<p style=\"text-align: justify;\"><span style=\"color: #000000;\">\u00a0\u00a0\u00a0\u00a0\u00a0\u00a0\u00a0\u00a0\u00a0\u00a0\u00a0\u00a0\u00a0\u00a0\u00a0\u00a0<strong>PSC:<\/strong>\u00a0\u00a0\u00a0\u00a0\u00a0\u00a0\u00a0\u00a0\u00a0\u00a0\u00a0\u00a0\u00a0\u00a0\u00a0\u00a0\u00a0\u00a0\u00a0\u00a0\u00a0\u00a0 189 votos (1 concejala)<\/span><\/p>\n<p style=\"text-align: justify;\"><span style=\"color: #000000;\">\u00a0\u00a0\u00a0\u00a0\u00a0\u00a0\u00a0\u00a0\u00a0\u00a0\u00a0\u00a0\u00a0\u00a0\u00a0\u00a0<strong>PP:<\/strong>\u00a0\u00a0\u00a0\u00a0\u00a0\u00a0\u00a0\u00a0\u00a0\u00a0\u00a0\u00a0\u00a0\u00a0\u00a0\u00a0\u00a0\u00a0\u00a0\u00a0\u00a0\u00a0\u00a0\u00a0 \u00a0\u00a070 votos (0 concejales)<\/span><\/p>\n","protected":false},"excerpt":{"rendered":"<p>Aquest dilluns 6 d\u2019agost de 2018, a la tarda, els 5 regidors d\u2019ERC i la regidora del PSC, que fins ara era a l\u2019equip de govern, han entrat per registre &hellip; <a href=\"https:\/\/bisbalpenedes.com\/web\/2018\/08\/07\/el-dimecres-22-dagost-a-les-12h-es-votara-una-mocio-de-censura-al-ple-de-lajuntament-de-la-bisbal-del-penedes\/\" class=\"more-link\">Read More<\/a><\/p>\n","protected":false},"author":4,"featured_media":6737,"comment_status":"closed","ping_status":"closed","sticky":false,"template":"","format":"standard","meta":[],"categories":[8],"tags":[2234,2235,139],"_links":{"self":[{"href":"https:\/\/bisbalpenedes.com\/web\/wp-json\/wp\/v2\/posts\/6736"}],"collection":[{"href":"https:\/\/bisbalpenedes.com\/web\/wp-json\/wp\/v2\/posts"}],"about":[{"href":"https:\/\/bisbalpenedes.com\/web\/wp-json\/wp\/v2\/types\/post"}],"author":[{"embeddable":true,"href":"https:\/\/bisbalpenedes.com\/web\/wp-json\/wp\/v2\/users\/4"}],"replies":[{"embeddable":true,"href":"https:\/\/bisbalpenedes.com\/web\/wp-json\/wp\/v2\/comments?post=6736"}],"version-history":[{"count":2,"href":"https:\/\/bisbalpenedes.com\/web\/wp-json\/wp\/v2\/posts\/6736\/revisions"}],"predecessor-version":[{"id":6739,"href":"https:\/\/bisbalpenedes.com\/web\/wp-json\/wp\/v2\/posts\/6736\/revisions\/6739"}],"wp:featuredmedia":[{"embeddable":true,"href":"https:\/\/bisbalpenedes.com\/web\/wp-json\/wp\/v2\/media\/6737"}],"wp:attachment":[{"href":"https:\/\/bisbalpenedes.com\/web\/wp-json\/wp\/v2\/media?parent=6736"}],"wp:term":[{"taxonomy":"category","embeddable":true,"href":"https:\/\/bisbalpenedes.com\/web\/wp-json\/wp\/v2\/categories?post=6736"},{"taxonomy":"post_tag","embeddable":true,"href":"https:\/\/bisbalpenedes.com\/web\/wp-json\/wp\/v2\/tags?post=6736"}],"curies":[{"name":"wp","href":"https:\/\/api.w.org\/{rel}","templated":true}]}}