{"id":6721,"date":"2018-08-06T13:28:31","date_gmt":"2018-08-06T12:28:31","guid":{"rendered":"http:\/\/bisbalpenedes.com\/web\/?p=6721"},"modified":"2018-08-06T13:31:01","modified_gmt":"2018-08-06T12:31:01","slug":"les-obres-de-construccio-del-local-social-de-la-miralba-avancen-a-bon-ritme","status":"publish","type":"post","link":"https:\/\/bisbalpenedes.com\/web\/2018\/08\/06\/les-obres-de-construccio-del-local-social-de-la-miralba-avancen-a-bon-ritme\/","title":{"rendered":"Les obres de construcci\u00f3 del local social de la Miralba avancen a bon ritme"},"content":{"rendered":"<p><span style=\"color: #000000;\">Les obres de construcci\u00f3 del local social de la Miralba avancen a bon ritme. Ja s\u2019han comen\u00e7at a al\u00e7ar les parets exteriors! El local estar\u00e0 ubicat al carrer Gladiol i est\u00e0 previst que l\u2019equipament entri en funcionament a finals d\u2019aquest any o principis de l\u2019any vinent.<\/span><\/p>\n<hr \/>\n<p><span style=\"color: #000000;\"><strong>CASTELLANO | <\/strong>Las obras de construcci\u00f3n del local social de la Miralba avanzan a buen ritmo. \u00a1Ya se han empezado a subir las paredes exteriores! El local estar\u00e1 ubicado en la calle Gladiol y est\u00e1 previsto que\u00a0<span class=\"text_exposed_show\">el equipamiento entre en funcionamiento a finales de este a\u00f1o o principios del a\u00f1o que viene.<\/span><\/span><\/p>\n<p><a href=\"http:\/\/bisbalpenedes.com\/web\/wp-content\/uploads\/2018\/08\/local-miralba-evolucio-agost-1.jpg\"><img loading=\"lazy\" class=\"aligncenter size-medium wp-image-6722\" src=\"http:\/\/bisbalpenedes.com\/web\/wp-content\/uploads\/2018\/08\/local-miralba-evolucio-agost-1-300x225.jpg\" alt=\"local miralba evolucio agost 1\" width=\"300\" height=\"225\" srcset=\"https:\/\/bisbalpenedes.com\/web\/wp-content\/uploads\/2018\/08\/local-miralba-evolucio-agost-1-300x225.jpg 300w, https:\/\/bisbalpenedes.com\/web\/wp-content\/uploads\/2018\/08\/local-miralba-evolucio-agost-1-600x450.jpg 600w, https:\/\/bisbalpenedes.com\/web\/wp-content\/uploads\/2018\/08\/local-miralba-evolucio-agost-1-768x576.jpg 768w, https:\/\/bisbalpenedes.com\/web\/wp-content\/uploads\/2018\/08\/local-miralba-evolucio-agost-1.jpg 960w\" sizes=\"(max-width: 300px) 100vw, 300px\" \/><\/a><\/p>\n<p><a href=\"http:\/\/bisbalpenedes.com\/web\/wp-content\/uploads\/2018\/08\/local-miralba-evoluciO-agost-2.jpg\"><img loading=\"lazy\" class=\"aligncenter size-medium wp-image-6724\" src=\"http:\/\/bisbalpenedes.com\/web\/wp-content\/uploads\/2018\/08\/local-miralba-evoluciO-agost-2-300x225.jpg\" alt=\"local miralba evoluciO agost 2\" width=\"300\" height=\"225\" srcset=\"https:\/\/bisbalpenedes.com\/web\/wp-content\/uploads\/2018\/08\/local-miralba-evoluciO-agost-2-300x225.jpg 300w, https:\/\/bisbalpenedes.com\/web\/wp-content\/uploads\/2018\/08\/local-miralba-evoluciO-agost-2-600x450.jpg 600w, https:\/\/bisbalpenedes.com\/web\/wp-content\/uploads\/2018\/08\/local-miralba-evoluciO-agost-2-768x576.jpg 768w, https:\/\/bisbalpenedes.com\/web\/wp-content\/uploads\/2018\/08\/local-miralba-evoluciO-agost-2.jpg 960w\" sizes=\"(max-width: 300px) 100vw, 300px\" \/><\/a><\/p>\n<p>&nbsp;<\/p>\n","protected":false},"excerpt":{"rendered":"<p>Les obres de construcci\u00f3 del local social de la Miralba avancen a bon ritme. Ja s\u2019han comen\u00e7at a al\u00e7ar les parets exteriors! El local estar\u00e0 ubicat al carrer Gladiol i &hellip; <a href=\"https:\/\/bisbalpenedes.com\/web\/2018\/08\/06\/les-obres-de-construccio-del-local-social-de-la-miralba-avancen-a-bon-ritme\/\" class=\"more-link\">Read More<\/a><\/p>\n","protected":false},"author":4,"featured_media":6722,"comment_status":"closed","ping_status":"closed","sticky":false,"template":"","format":"standard","meta":[],"categories":[15],"tags":[77,687,725,1895,247,22,1225,1846],"_links":{"self":[{"href":"https:\/\/bisbalpenedes.com\/web\/wp-json\/wp\/v2\/posts\/6721"}],"collection":[{"href":"https:\/\/bisbalpenedes.com\/web\/wp-json\/wp\/v2\/posts"}],"about":[{"href":"https:\/\/bisbalpenedes.com\/web\/wp-json\/wp\/v2\/types\/post"}],"author":[{"embeddable":true,"href":"https:\/\/bisbalpenedes.com\/web\/wp-json\/wp\/v2\/users\/4"}],"replies":[{"embeddable":true,"href":"https:\/\/bisbalpenedes.com\/web\/wp-json\/wp\/v2\/comments?post=6721"}],"version-history":[{"count":3,"href":"https:\/\/bisbalpenedes.com\/web\/wp-json\/wp\/v2\/posts\/6721\/revisions"}],"predecessor-version":[{"id":6727,"href":"https:\/\/bisbalpenedes.com\/web\/wp-json\/wp\/v2\/posts\/6721\/revisions\/6727"}],"wp:featuredmedia":[{"embeddable":true,"href":"https:\/\/bisbalpenedes.com\/web\/wp-json\/wp\/v2\/media\/6722"}],"wp:attachment":[{"href":"https:\/\/bisbalpenedes.com\/web\/wp-json\/wp\/v2\/media?parent=6721"}],"wp:term":[{"taxonomy":"category","embeddable":true,"href":"https:\/\/bisbalpenedes.com\/web\/wp-json\/wp\/v2\/categories?post=6721"},{"taxonomy":"post_tag","embeddable":true,"href":"https:\/\/bisbalpenedes.com\/web\/wp-json\/wp\/v2\/tags?post=6721"}],"curies":[{"name":"wp","href":"https:\/\/api.w.org\/{rel}","templated":true}]}}