{"id":6706,"date":"2018-08-03T15:56:17","date_gmt":"2018-08-03T14:56:17","guid":{"rendered":"http:\/\/bisbalpenedes.com\/web\/?p=6706"},"modified":"2018-08-13T14:03:17","modified_gmt":"2018-08-13T13:03:17","slug":"la-rehabilitacio-del-poliesportiu-municipal-esta-cada-vegada-mes-a-prop","status":"publish","type":"post","link":"https:\/\/bisbalpenedes.com\/web\/2018\/08\/03\/la-rehabilitacio-del-poliesportiu-municipal-esta-cada-vegada-mes-a-prop\/","title":{"rendered":"La rehabilitaci\u00f3 del poliesportiu municipal est\u00e0 cada vegada m\u00e9s a prop"},"content":{"rendered":"<p style=\"text-align: justify;\"><span style=\"color: #000000;\">Les regidories d&#8217;Esports i Urbanisme informen que aquest dimecres 1 d\u2019agost s\u2019ha publicat al <a href=\"https:\/\/www.diputaciodetarragona.cat\/ebop\/index.php?op=anunci&amp;id=7611&amp;ebop_any=2018\" target=\"_blank\">BOP<\/a> l\u2019aprovaci\u00f3 inicial del projecte b\u00e0sic de les obres de rehabilitaci\u00f3 del poliesportiu municipal i del projecte executiu dels vestidors del pavell\u00f3 municipal.<\/span><\/p>\n<p style=\"text-align: justify;\"><span style=\"color: #000000;\">El projecte b\u00e0sic del poliesportiu municipal est\u00e0 redactat per l\u2019equip de la UTE Anton P\u00e0mies, Josep Angl\u00e8s i Albert P\u00e0mies i es basa en la idea m\u00e9s votada pels bisbalencs i les bisbalenques en el concurs que l\u2019Ajuntament de la Bisbal va promoure l\u2019any 2016. <strong>El projecte inclou tot el complex i compr\u00e8n el nou edifici dels vestidors, el pavell\u00f3 remodelat i l\u2019edifici annex del bar que inclou despatxos per a entitats a la planta soterrani i dues sales a planta coberta.<\/strong><\/span><\/p>\n<p style=\"text-align: justify;\"><span style=\"color: #000000;\">El cost total del projecte \u00e9s d\u20191.411.470\u20ac (IVA incl\u00f2s) dels quals 545.091\u201918\u20ac (IVA incl\u00f2s) es destinaran a l\u2019obra nova dels vestidors. D\u2019aquesta quantitat 150.752\u20ac es pagaran amb una subvenci\u00f3 del PAM i la resta, 394.339\u201918\u20ac, amb fons propis de l\u2019Ajuntament.<\/span><\/p>\n<p style=\"text-align: justify;\"><span style=\"color: #000000;\"><strong>La construcci\u00f3 dels vestidors forma part de la primera fase del projecte \u00a0de rehabilitaci\u00f3 del poliesportiu municipal.<\/strong> Es tracta d\u2019una construcci\u00f3 d\u2019obra nova \u00a0de 364,60m2 distribu\u00efts entre un porxo d\u2019acc\u00e9s, un vest\u00edbul, despatx d\u2019administraci\u00f3, control d\u2019acc\u00e9s, lavabos per al p\u00fablic, 2 vestidors per als equips, un vestidor per als t\u00e8cnics i \u00e0rbitres, infermeria, local de neteja, dos passos (peus bruts i peus nets) i acc\u00e9s a les grades.<\/span><\/p>\n<p style=\"text-align: justify;\"><span style=\"color: #000000;\">Ara, tant el projecte b\u00e0sic global com l\u2019executiu de la primera fase, <strong>hauran d\u2019estar en exposici\u00f3 p\u00fablica durant 30 dies per, posteriorment, resoldre les al\u00b7legacions, si s\u2019escau, i aprovar-los definitivament, la qual cosa permetr\u00e0 licitar les obres de construcci\u00f3 dels vestuaris.<\/strong><\/span><a href=\"http:\/\/bisbalpenedes.com\/web\/wp-content\/uploads\/2018\/08\/VESTUARIS-2.jpg\"><br \/>\n<\/a><\/p>\n<hr \/>\n<p style=\"text-align: justify;\"><span style=\"color: #000000;\"><strong>CASTELLANO |<\/strong> Las Regidories de Esports y Urbanisme informan que este\u00a0 mi\u00e9rcoles 1 de agosto se ha publicado en el <a href=\"https:\/\/www.diputaciodetarragona.cat\/ebop\/index.php?op=anunci&amp;id=7611&amp;ebop_any=2018\" target=\"_blank\">BOP<\/a> la aprobaci\u00f3n inicial del proyecto b\u00e1sico de las obras de rehabilitaci\u00f3n del polideportivo municipal y del proyecto ejecutivo de los vestidores del pabell\u00f3n municipal.<\/span><\/p>\n<p style=\"text-align: justify;\"><span style=\"color: #000000;\">El proyecto b\u00e1sico del polideportivo municipal est\u00e1 redactado por el equipo de la UTE Anton P\u00e0mies, Josep Angl\u00e8s y Albert P\u00e0mies y se basa en la idea m\u00e1s votada por los bisbalencs y las bisbalenques en el concurso que el Ayuntamiento de la Bisbal promovi\u00f3 el a\u00f1o 2016. <strong>El proyecto incluye todo el complejo y comprende el nuevo edificio de los vestidores, el pabell\u00f3n remodelado y el edificio anexo del bar que incluye despachos para entidades en la planta subterr\u00e1neo y dos salas a planta cubierta.<\/strong><\/span><\/p>\n<p style=\"text-align: justify;\"><span style=\"color: #000000;\">El coste total del proyecto es de\u00a01.411.470\u20ac (IVA incluido) de los cuales 545.091\u201918\u20ac (IVA incluido) se destinar\u00e1n a la obra nueva de los vestidores. De esta cantidad 150.752\u20ac se pagar\u00e1n con una subvenci\u00f3n del PAM y el resto, 394.339&#8217;18\u20ac, con fondos propios del Ayuntamiento.<\/span><\/p>\n<p style=\"text-align: justify;\"><span style=\"color: #000000;\"><strong>La construcci\u00f3n de los vestidores forma parte de la primera fase del proyecto de rehabilitaci\u00f3n del polideportivo municipal<\/strong>. Se trata de una construcci\u00f3n de obra nueva de 364,60m2 distribu\u00eddos entre un porche de acceso, un vest\u00edbulo, despacho de administraci\u00f3n, control de acceso, lavabos para el p\u00fablico, 2 vestidores para los equipos, un vestidor para los t\u00e9cnicos y los \u00e1rbitros, enfermer\u00eda, local de limpieza, dos pasos (pies sucios y pies limpios) y acceso a las gradas.<\/span><\/p>\n<p style=\"text-align: justify;\"><span style=\"color: #000000;\">Ahora, tanto el proyecto b\u00e1sico global como el ejecutivo de la primera fase, <strong>deber\u00e1n estar en exposici\u00f3n p\u00fablica durante 30 d\u00edas para, posteriormente, resolver las alegaciones, se procede, y aprobarlos definitivamente, la cual cosa permitir\u00e1 licitar las obras de construcci\u00f3n de los vestuarios.<\/strong><\/span><\/p>\n<p style=\"text-align: justify;\"><a href=\"http:\/\/bisbalpenedes.com\/web\/wp-content\/uploads\/2018\/08\/PROJ_POLI_RET_06.jpg\"><img loading=\"lazy\" class=\"aligncenter size-medium wp-image-6711\" src=\"http:\/\/bisbalpenedes.com\/web\/wp-content\/uploads\/2018\/08\/PROJ_POLI_RET_06-300x81.jpg\" alt=\"PROJ_POLI_RET_06\" width=\"300\" height=\"81\" srcset=\"https:\/\/bisbalpenedes.com\/web\/wp-content\/uploads\/2018\/08\/PROJ_POLI_RET_06-300x81.jpg 300w, https:\/\/bisbalpenedes.com\/web\/wp-content\/uploads\/2018\/08\/PROJ_POLI_RET_06-600x162.jpg 600w, https:\/\/bisbalpenedes.com\/web\/wp-content\/uploads\/2018\/08\/PROJ_POLI_RET_06-768x207.jpg 768w, https:\/\/bisbalpenedes.com\/web\/wp-content\/uploads\/2018\/08\/PROJ_POLI_RET_06-1024x276.jpg 1024w\" sizes=\"(max-width: 300px) 100vw, 300px\" \/><\/a><\/p>\n<p style=\"text-align: justify;\"><a href=\"http:\/\/bisbalpenedes.com\/web\/wp-content\/uploads\/2018\/08\/PROJ_POLI_RET_04.jpg\"><img loading=\"lazy\" class=\"aligncenter size-medium wp-image-6710\" src=\"http:\/\/bisbalpenedes.com\/web\/wp-content\/uploads\/2018\/08\/PROJ_POLI_RET_04-300x155.jpg\" alt=\"PROJ_POLI_RET_04\" width=\"300\" height=\"155\" srcset=\"https:\/\/bisbalpenedes.com\/web\/wp-content\/uploads\/2018\/08\/PROJ_POLI_RET_04-300x155.jpg 300w, https:\/\/bisbalpenedes.com\/web\/wp-content\/uploads\/2018\/08\/PROJ_POLI_RET_04-600x310.jpg 600w, https:\/\/bisbalpenedes.com\/web\/wp-content\/uploads\/2018\/08\/PROJ_POLI_RET_04-768x397.jpg 768w, https:\/\/bisbalpenedes.com\/web\/wp-content\/uploads\/2018\/08\/PROJ_POLI_RET_04-1024x529.jpg 1024w\" sizes=\"(max-width: 300px) 100vw, 300px\" \/><\/a><\/p>\n<p style=\"text-align: justify;\"><a href=\"http:\/\/bisbalpenedes.com\/web\/wp-content\/uploads\/2018\/08\/PROJ_POLI_RET_03.jpg\"><img loading=\"lazy\" class=\"aligncenter size-medium wp-image-6709\" src=\"http:\/\/bisbalpenedes.com\/web\/wp-content\/uploads\/2018\/08\/PROJ_POLI_RET_03-300x160.jpg\" alt=\"PROJ_POLI_RET_03\" width=\"300\" height=\"160\" srcset=\"https:\/\/bisbalpenedes.com\/web\/wp-content\/uploads\/2018\/08\/PROJ_POLI_RET_03-300x160.jpg 300w, https:\/\/bisbalpenedes.com\/web\/wp-content\/uploads\/2018\/08\/PROJ_POLI_RET_03-600x321.jpg 600w, https:\/\/bisbalpenedes.com\/web\/wp-content\/uploads\/2018\/08\/PROJ_POLI_RET_03-768x411.jpg 768w, https:\/\/bisbalpenedes.com\/web\/wp-content\/uploads\/2018\/08\/PROJ_POLI_RET_03-1024x548.jpg 1024w\" sizes=\"(max-width: 300px) 100vw, 300px\" \/><\/a><\/p>\n<p style=\"text-align: justify;\"><a href=\"http:\/\/bisbalpenedes.com\/web\/wp-content\/uploads\/2018\/08\/PROJ_POLI_RET_02.jpg\"><img loading=\"lazy\" class=\"aligncenter size-medium wp-image-6708\" src=\"http:\/\/bisbalpenedes.com\/web\/wp-content\/uploads\/2018\/08\/PROJ_POLI_RET_02-300x162.jpg\" alt=\"PROJ_POLI_RET_02\" width=\"300\" height=\"162\" srcset=\"https:\/\/bisbalpenedes.com\/web\/wp-content\/uploads\/2018\/08\/PROJ_POLI_RET_02-300x162.jpg 300w, https:\/\/bisbalpenedes.com\/web\/wp-content\/uploads\/2018\/08\/PROJ_POLI_RET_02-600x323.jpg 600w, https:\/\/bisbalpenedes.com\/web\/wp-content\/uploads\/2018\/08\/PROJ_POLI_RET_02-768x414.jpg 768w, https:\/\/bisbalpenedes.com\/web\/wp-content\/uploads\/2018\/08\/PROJ_POLI_RET_02-1024x552.jpg 1024w\" sizes=\"(max-width: 300px) 100vw, 300px\" \/><\/a><\/p>\n","protected":false},"excerpt":{"rendered":"<p>Les regidories d&#8217;Esports i Urbanisme informen que aquest dimecres 1 d\u2019agost s\u2019ha publicat al BOP l\u2019aprovaci\u00f3 inicial del projecte b\u00e0sic de les obres de rehabilitaci\u00f3 del poliesportiu municipal i del &hellip; <a href=\"https:\/\/bisbalpenedes.com\/web\/2018\/08\/03\/la-rehabilitacio-del-poliesportiu-municipal-esta-cada-vegada-mes-a-prop\/\" class=\"more-link\">Read More<\/a><\/p>\n","protected":false},"author":4,"featured_media":5185,"comment_status":"closed","ping_status":"closed","sticky":false,"template":"","format":"standard","meta":[],"categories":[19,15],"tags":[2226,2224,2227,2220,675,2222,2225,2221,204,484,2223,2219,1518],"_links":{"self":[{"href":"https:\/\/bisbalpenedes.com\/web\/wp-json\/wp\/v2\/posts\/6706"}],"collection":[{"href":"https:\/\/bisbalpenedes.com\/web\/wp-json\/wp\/v2\/posts"}],"about":[{"href":"https:\/\/bisbalpenedes.com\/web\/wp-json\/wp\/v2\/types\/post"}],"author":[{"embeddable":true,"href":"https:\/\/bisbalpenedes.com\/web\/wp-json\/wp\/v2\/users\/4"}],"replies":[{"embeddable":true,"href":"https:\/\/bisbalpenedes.com\/web\/wp-json\/wp\/v2\/comments?post=6706"}],"version-history":[{"count":7,"href":"https:\/\/bisbalpenedes.com\/web\/wp-json\/wp\/v2\/posts\/6706\/revisions"}],"predecessor-version":[{"id":6783,"href":"https:\/\/bisbalpenedes.com\/web\/wp-json\/wp\/v2\/posts\/6706\/revisions\/6783"}],"wp:featuredmedia":[{"embeddable":true,"href":"https:\/\/bisbalpenedes.com\/web\/wp-json\/wp\/v2\/media\/5185"}],"wp:attachment":[{"href":"https:\/\/bisbalpenedes.com\/web\/wp-json\/wp\/v2\/media?parent=6706"}],"wp:term":[{"taxonomy":"category","embeddable":true,"href":"https:\/\/bisbalpenedes.com\/web\/wp-json\/wp\/v2\/categories?post=6706"},{"taxonomy":"post_tag","embeddable":true,"href":"https:\/\/bisbalpenedes.com\/web\/wp-json\/wp\/v2\/tags?post=6706"}],"curies":[{"name":"wp","href":"https:\/\/api.w.org\/{rel}","templated":true}]}}