{"id":6693,"date":"2018-08-03T14:37:24","date_gmt":"2018-08-03T13:37:24","guid":{"rendered":"http:\/\/bisbalpenedes.com\/web\/?p=6693"},"modified":"2018-08-03T14:51:59","modified_gmt":"2018-08-03T13:51:59","slug":"els-aparells-per-fer-gimnastica-que-els-veins-del-priorat-van-demanar-als-pressupostos-participatius-ja-son-una-realitat","status":"publish","type":"post","link":"https:\/\/bisbalpenedes.com\/web\/2018\/08\/03\/els-aparells-per-fer-gimnastica-que-els-veins-del-priorat-van-demanar-als-pressupostos-participatius-ja-son-una-realitat\/","title":{"rendered":"Els aparells per fer gimn\u00e0stica que els ve\u00efns del Priorat van demanar als Pressupostos Participatius ja s\u00f3n una realitat"},"content":{"rendered":"<div id='gallery-1' class='gallery galleryid-6693 gallery-columns-5 gallery-size-thumbnail'><figure class='gallery-item'>\n\t\t\t<div class='gallery-icon landscape'>\n\t\t\t\t<a href='https:\/\/bisbalpenedes.com\/web\/2018\/08\/03\/els-aparells-per-fer-gimnastica-que-els-veins-del-priorat-van-demanar-als-pressupostos-participatius-ja-son-una-realitat\/aparells-gimnastica-2\/'><img width=\"150\" height=\"150\" src=\"https:\/\/bisbalpenedes.com\/web\/wp-content\/uploads\/2018\/08\/aparells-gimnastica-2-150x150.jpg\" class=\"attachment-thumbnail size-thumbnail\" alt=\"\" loading=\"lazy\" srcset=\"https:\/\/bisbalpenedes.com\/web\/wp-content\/uploads\/2018\/08\/aparells-gimnastica-2-150x150.jpg 150w, https:\/\/bisbalpenedes.com\/web\/wp-content\/uploads\/2018\/08\/aparells-gimnastica-2-300x300.jpg 300w, https:\/\/bisbalpenedes.com\/web\/wp-content\/uploads\/2018\/08\/aparells-gimnastica-2-100x100.jpg 100w\" sizes=\"(max-width: 150px) 100vw, 150px\" \/><\/a>\n\t\t\t<\/div><\/figure><figure class='gallery-item'>\n\t\t\t<div class='gallery-icon landscape'>\n\t\t\t\t<a href='https:\/\/bisbalpenedes.com\/web\/2018\/08\/03\/els-aparells-per-fer-gimnastica-que-els-veins-del-priorat-van-demanar-als-pressupostos-participatius-ja-son-una-realitat\/aparells-gimnastica-3\/'><img width=\"150\" height=\"150\" src=\"https:\/\/bisbalpenedes.com\/web\/wp-content\/uploads\/2018\/08\/aparells-gimnastica-3-150x150.jpg\" class=\"attachment-thumbnail size-thumbnail\" alt=\"\" loading=\"lazy\" srcset=\"https:\/\/bisbalpenedes.com\/web\/wp-content\/uploads\/2018\/08\/aparells-gimnastica-3-150x150.jpg 150w, https:\/\/bisbalpenedes.com\/web\/wp-content\/uploads\/2018\/08\/aparells-gimnastica-3-300x300.jpg 300w, https:\/\/bisbalpenedes.com\/web\/wp-content\/uploads\/2018\/08\/aparells-gimnastica-3-100x100.jpg 100w\" sizes=\"(max-width: 150px) 100vw, 150px\" \/><\/a>\n\t\t\t<\/div><\/figure><figure class='gallery-item'>\n\t\t\t<div class='gallery-icon landscape'>\n\t\t\t\t<a href='https:\/\/bisbalpenedes.com\/web\/2018\/08\/03\/els-aparells-per-fer-gimnastica-que-els-veins-del-priorat-van-demanar-als-pressupostos-participatius-ja-son-una-realitat\/aparells-gimnastica-4\/'><img width=\"150\" height=\"150\" src=\"https:\/\/bisbalpenedes.com\/web\/wp-content\/uploads\/2018\/08\/aparells-gimnastica-4-e1676630604130-150x150.jpg\" class=\"attachment-thumbnail size-thumbnail\" alt=\"\" loading=\"lazy\" srcset=\"https:\/\/bisbalpenedes.com\/web\/wp-content\/uploads\/2018\/08\/aparells-gimnastica-4-e1676630604130-150x150.jpg 150w, https:\/\/bisbalpenedes.com\/web\/wp-content\/uploads\/2018\/08\/aparells-gimnastica-4-e1676630604130-300x300.jpg 300w, https:\/\/bisbalpenedes.com\/web\/wp-content\/uploads\/2018\/08\/aparells-gimnastica-4-e1676630604130-100x100.jpg 100w\" sizes=\"(max-width: 150px) 100vw, 150px\" \/><\/a>\n\t\t\t<\/div><\/figure><figure class='gallery-item'>\n\t\t\t<div class='gallery-icon landscape'>\n\t\t\t\t<a href='https:\/\/bisbalpenedes.com\/web\/2018\/08\/03\/els-aparells-per-fer-gimnastica-que-els-veins-del-priorat-van-demanar-als-pressupostos-participatius-ja-son-una-realitat\/aparells-gimnastica-5\/'><img width=\"150\" height=\"150\" src=\"https:\/\/bisbalpenedes.com\/web\/wp-content\/uploads\/2018\/08\/aparells-gimnastica-5-150x150.jpg\" class=\"attachment-thumbnail size-thumbnail\" alt=\"\" loading=\"lazy\" srcset=\"https:\/\/bisbalpenedes.com\/web\/wp-content\/uploads\/2018\/08\/aparells-gimnastica-5-150x150.jpg 150w, https:\/\/bisbalpenedes.com\/web\/wp-content\/uploads\/2018\/08\/aparells-gimnastica-5-300x300.jpg 300w, https:\/\/bisbalpenedes.com\/web\/wp-content\/uploads\/2018\/08\/aparells-gimnastica-5-100x100.jpg 100w\" sizes=\"(max-width: 150px) 100vw, 150px\" \/><\/a>\n\t\t\t<\/div><\/figure><figure class='gallery-item'>\n\t\t\t<div class='gallery-icon landscape'>\n\t\t\t\t<a href='https:\/\/bisbalpenedes.com\/web\/2018\/08\/03\/els-aparells-per-fer-gimnastica-que-els-veins-del-priorat-van-demanar-als-pressupostos-participatius-ja-son-una-realitat\/aparells-gimnastica-6\/'><img width=\"150\" height=\"150\" src=\"https:\/\/bisbalpenedes.com\/web\/wp-content\/uploads\/2018\/08\/aparells-gimnastica-6-150x150.jpg\" class=\"attachment-thumbnail size-thumbnail\" alt=\"\" loading=\"lazy\" srcset=\"https:\/\/bisbalpenedes.com\/web\/wp-content\/uploads\/2018\/08\/aparells-gimnastica-6-150x150.jpg 150w, https:\/\/bisbalpenedes.com\/web\/wp-content\/uploads\/2018\/08\/aparells-gimnastica-6-300x300.jpg 300w, https:\/\/bisbalpenedes.com\/web\/wp-content\/uploads\/2018\/08\/aparells-gimnastica-6-100x100.jpg 100w\" sizes=\"(max-width: 150px) 100vw, 150px\" \/><\/a>\n\t\t\t<\/div><\/figure>\n\t\t<\/div>\n\n<p style=\"text-align: justify;\"><span style=\"color: #000000;\">La Regidoria de Medi Ambient continua amb el projecte de creaci\u00f3 del parc d&#8217;esbarjo del Priorat de la Bisbal. <a href=\"http:\/\/bisbalpenedes.com\/web\/2018\/07\/11\/els-treballs-per-a-la-creacio-del-parc-desbarjo-del-priorat-de-la-bisbal-estan-molt-avancats\/\" target=\"_blank\">Dies enrere us vam informar de la creaci\u00f3 de diversos camins<\/a> per passejar i\u00a0ara us podem informar que aquesta setmana s&#8217;hi han instal\u00b7lat aparells per a fer gimn\u00e0stica, una de les propostes que van fer els ve\u00efns als Pressupostos Participatius.<\/span><\/p>\n<hr \/>\n<p style=\"text-align: justify;\"><span style=\"color: #000000;\"><strong>CASTELLANO |<\/strong> La Regidoria de Medi Ambient contin\u00faa con el proyecto de creaci\u00f3n del parque de recreo del Priorato de la Bisbal. <a href=\"http:\/\/bisbalpenedes.com\/web\/2018\/07\/11\/els-treballs-per-a-la-creacio-del-parc-desbarjo-del-priorat-de-la-bisbal-estan-molt-avancats\/\" target=\"_blank\">D\u00edas atr\u00e1s os informamos\u00a0de la creaci\u00f3n de varios caminos<\/a> para pasear y ahora os podemos explicar que esta semana se han instalado aparatos para hacer gimnasia, una de las propuestas que los vecinos hicieron en los Presupuestos Participativos.<\/span><\/p>\n","protected":false},"excerpt":{"rendered":"<p>La Regidoria de Medi Ambient continua amb el projecte de creaci\u00f3 del parc d&#8217;esbarjo del Priorat de la Bisbal. Dies enrere us vam informar de la creaci\u00f3 de diversos camins &hellip; <a href=\"https:\/\/bisbalpenedes.com\/web\/2018\/08\/03\/els-aparells-per-fer-gimnastica-que-els-veins-del-priorat-van-demanar-als-pressupostos-participatius-ja-son-una-realitat\/\" class=\"more-link\">Read More<\/a><\/p>\n","protected":false},"author":4,"featured_media":6694,"comment_status":"closed","ping_status":"closed","sticky":false,"template":"","format":"standard","meta":[],"categories":[1047,32],"tags":[306,2217,77,83,980,520],"_links":{"self":[{"href":"https:\/\/bisbalpenedes.com\/web\/wp-json\/wp\/v2\/posts\/6693"}],"collection":[{"href":"https:\/\/bisbalpenedes.com\/web\/wp-json\/wp\/v2\/posts"}],"about":[{"href":"https:\/\/bisbalpenedes.com\/web\/wp-json\/wp\/v2\/types\/post"}],"author":[{"embeddable":true,"href":"https:\/\/bisbalpenedes.com\/web\/wp-json\/wp\/v2\/users\/4"}],"replies":[{"embeddable":true,"href":"https:\/\/bisbalpenedes.com\/web\/wp-json\/wp\/v2\/comments?post=6693"}],"version-history":[{"count":7,"href":"https:\/\/bisbalpenedes.com\/web\/wp-json\/wp\/v2\/posts\/6693\/revisions"}],"predecessor-version":[{"id":6705,"href":"https:\/\/bisbalpenedes.com\/web\/wp-json\/wp\/v2\/posts\/6693\/revisions\/6705"}],"wp:featuredmedia":[{"embeddable":true,"href":"https:\/\/bisbalpenedes.com\/web\/wp-json\/wp\/v2\/media\/6694"}],"wp:attachment":[{"href":"https:\/\/bisbalpenedes.com\/web\/wp-json\/wp\/v2\/media?parent=6693"}],"wp:term":[{"taxonomy":"category","embeddable":true,"href":"https:\/\/bisbalpenedes.com\/web\/wp-json\/wp\/v2\/categories?post=6693"},{"taxonomy":"post_tag","embeddable":true,"href":"https:\/\/bisbalpenedes.com\/web\/wp-json\/wp\/v2\/tags?post=6693"}],"curies":[{"name":"wp","href":"https:\/\/api.w.org\/{rel}","templated":true}]}}