{"id":6688,"date":"2018-08-02T12:56:43","date_gmt":"2018-08-02T11:56:43","guid":{"rendered":"http:\/\/bisbalpenedes.com\/web\/?p=6688"},"modified":"2018-08-02T12:57:38","modified_gmt":"2018-08-02T11:57:38","slug":"lajuntament-de-la-bisbal-del-penedes-i-adf-clot-de-bou-signenen-un-conveni-de-collaboracio","status":"publish","type":"post","link":"https:\/\/bisbalpenedes.com\/web\/2018\/08\/02\/lajuntament-de-la-bisbal-del-penedes-i-adf-clot-de-bou-signenen-un-conveni-de-collaboracio\/","title":{"rendered":"L&#8217;Ajuntament de la Bisbal del Pened\u00e8s i ADF Clot de Bou signenen un conveni de col\u00b7laboraci\u00f3"},"content":{"rendered":"<figure id=\"attachment_6689\" aria-describedby=\"caption-attachment-6689\" style=\"width: 630px\" class=\"wp-caption aligncenter\"><a href=\"http:\/\/bisbalpenedes.com\/web\/wp-content\/uploads\/2018\/08\/DSC02045.jpg\"><img loading=\"lazy\" class=\"wp-image-6689 size-large\" src=\"http:\/\/bisbalpenedes.com\/web\/wp-content\/uploads\/2018\/08\/DSC02045-1024x768.jpg\" alt=\"conveni adf clot de bou\" width=\"630\" height=\"473\" srcset=\"https:\/\/bisbalpenedes.com\/web\/wp-content\/uploads\/2018\/08\/DSC02045-1024x768.jpg 1024w, https:\/\/bisbalpenedes.com\/web\/wp-content\/uploads\/2018\/08\/DSC02045-600x450.jpg 600w, https:\/\/bisbalpenedes.com\/web\/wp-content\/uploads\/2018\/08\/DSC02045-300x225.jpg 300w, https:\/\/bisbalpenedes.com\/web\/wp-content\/uploads\/2018\/08\/DSC02045-768x576.jpg 768w\" sizes=\"(max-width: 630px) 100vw, 630px\" \/><\/a><figcaption id=\"caption-attachment-6689\" class=\"wp-caption-text\">Xavier Ortiz, president de l&#8217;ADF Clot de Bou; Agn\u00e8s Ferr\u00e9, alcaldessa de la Bisbal i Leo Uceda, regidora de Medi Ambient durant la signatura del conveni de col\u00b7laboraci\u00f3<\/figcaption><\/figure>\n<p style=\"text-align: justify;\"><span style=\"color: #000000;\">L\u2019Ajuntament aporta 5.000\u20ac a l&#8217;ADF Clot de Bou perqu\u00e8 aquesta entitat col\u00b7labori amb l\u2019Ajuntament i l\u2019assessori en la redacci\u00f3 i execuci\u00f3 dels plans d\u2019autoprotecci\u00f3 contra incendis forestals i el Pla d\u2019Actuaci\u00f3 Municipal. Mitjan\u00e7ant el conveni l\u2019ADF Clot de Bou es compromet a participar en les tasques de prevenci\u00f3 d\u2019incendis en els actes que organitzi l\u2019Ajuntament, com ara espectacles pirot\u00e8cnics, i en les actuacions sobre l\u2019arbrat p\u00fablic i la neteja vi\u00e0ria en casos excepcionals. A m\u00e9s, el contracte de col\u00b7laboraci\u00f3 posa especial \u00e8mfasi en la col\u00b7laboraci\u00f3 priorit\u00e0ria de l\u2019entitat en cas d\u2019haver d\u2019extingir incendis forestals o prevenir-los, en cas de situacions declarades d\u2019alt risc d\u2019incendi.<\/span><\/p>\n<p style=\"text-align: justify;\"><span style=\"color: #000000;\">L\u2019ADF Clot de Bou haur\u00e0 de justificar, com a m\u00e0xim el 31 de gener de 2019, l\u2019aplicaci\u00f3 de la subvenci\u00f3 concedida mitjan\u00e7ant la documentaci\u00f3 que li requereixi l\u2019Ajuntament de la Bisbal.<\/span><\/p>\n<hr \/>\n<p style=\"text-align: justify;\"><span style=\"color: #000000;\"><strong>CASTELLANO |<\/strong> El Ayuntamiento aporta 5.000\u20ac a ADF Clot de Bou para que esta entidad colabore con el Ayuntamiento y le asesore en la redacci\u00f3n y ejecuci\u00f3n de los planes de autoprotecci\u00f3n contra incendios forestales y el Plan de Actuaci\u00f3n Municipal. Mediante el convenio ADF Clot de Bou se compromete a participar en los trabajos de prevenci\u00f3n de incendios en los actos que organice el Ayuntamiento, como por ejemplo espect\u00e1culos pirot\u00e9cnicos, y en las actuaciones sobre arbolado p\u00fablico y la limpieza viaria en casos excepcionales. Adem\u00e1s, el contrato de colaboraci\u00f3n pone especial \u00e9nfasis en la colaboraci\u00f3n prioritaria de la entidad en caso de tener que extinguir incendios forestales o prevenirlos, en caso de situaciones declaradas de alto riesgo de incendio.<\/span><\/p>\n<p style=\"text-align: justify;\"><span style=\"color: #000000;\">La ADF Clot de Bou deber\u00e1 justificar, como m\u00e1ximo el 31 de enero del 2019, la aplicaci\u00f3n de la subvenci\u00f3n concedida mediante la documentaci\u00f3n que le requiera el Ayuntamiento de la Bisbal.<\/span><\/p>\n<figure id=\"attachment_6689\" aria-describedby=\"caption-attachment-6689\" style=\"width: 630px\" class=\"wp-caption aligncenter\"><a href=\"http:\/\/bisbalpenedes.com\/web\/wp-content\/uploads\/2018\/08\/DSC02045.jpg\"><img loading=\"lazy\" class=\"wp-image-6689 size-large\" src=\"http:\/\/bisbalpenedes.com\/web\/wp-content\/uploads\/2018\/08\/DSC02045-1024x768.jpg\" alt=\"conveni adf clot de bou\" width=\"630\" height=\"473\" srcset=\"https:\/\/bisbalpenedes.com\/web\/wp-content\/uploads\/2018\/08\/DSC02045-1024x768.jpg 1024w, https:\/\/bisbalpenedes.com\/web\/wp-content\/uploads\/2018\/08\/DSC02045-600x450.jpg 600w, https:\/\/bisbalpenedes.com\/web\/wp-content\/uploads\/2018\/08\/DSC02045-300x225.jpg 300w, https:\/\/bisbalpenedes.com\/web\/wp-content\/uploads\/2018\/08\/DSC02045-768x576.jpg 768w\" sizes=\"(max-width: 630px) 100vw, 630px\" \/><\/a><figcaption id=\"caption-attachment-6689\" class=\"wp-caption-text\">Xavier Ortiz, president de l&#8217;ADF Clot de Bou; Agn\u00e8s Ferr\u00e9, alcaldessa de la Bisbal i Leo Uceda, regidora de Medi Ambient durant la signatura del conveni de col\u00b7laboraci\u00f3<\/figcaption><\/figure>\n","protected":false},"excerpt":{"rendered":"<p>L\u2019Ajuntament aporta 5.000\u20ac a l&#8217;ADF Clot de Bou perqu\u00e8 aquesta entitat col\u00b7labori amb l\u2019Ajuntament i l\u2019assessori en la redacci\u00f3 i execuci\u00f3 dels plans d\u2019autoprotecci\u00f3 contra incendis forestals i el Pla &hellip; <a href=\"https:\/\/bisbalpenedes.com\/web\/2018\/08\/02\/lajuntament-de-la-bisbal-del-penedes-i-adf-clot-de-bou-signenen-un-conveni-de-collaboracio\/\" class=\"more-link\">Read More<\/a><\/p>\n","protected":false},"author":4,"featured_media":6689,"comment_status":"closed","ping_status":"closed","sticky":false,"template":"","format":"standard","meta":[],"categories":[20],"tags":[1775,2214,440,351,295,2216,2215,2213],"_links":{"self":[{"href":"https:\/\/bisbalpenedes.com\/web\/wp-json\/wp\/v2\/posts\/6688"}],"collection":[{"href":"https:\/\/bisbalpenedes.com\/web\/wp-json\/wp\/v2\/posts"}],"about":[{"href":"https:\/\/bisbalpenedes.com\/web\/wp-json\/wp\/v2\/types\/post"}],"author":[{"embeddable":true,"href":"https:\/\/bisbalpenedes.com\/web\/wp-json\/wp\/v2\/users\/4"}],"replies":[{"embeddable":true,"href":"https:\/\/bisbalpenedes.com\/web\/wp-json\/wp\/v2\/comments?post=6688"}],"version-history":[{"count":2,"href":"https:\/\/bisbalpenedes.com\/web\/wp-json\/wp\/v2\/posts\/6688\/revisions"}],"predecessor-version":[{"id":6691,"href":"https:\/\/bisbalpenedes.com\/web\/wp-json\/wp\/v2\/posts\/6688\/revisions\/6691"}],"wp:featuredmedia":[{"embeddable":true,"href":"https:\/\/bisbalpenedes.com\/web\/wp-json\/wp\/v2\/media\/6689"}],"wp:attachment":[{"href":"https:\/\/bisbalpenedes.com\/web\/wp-json\/wp\/v2\/media?parent=6688"}],"wp:term":[{"taxonomy":"category","embeddable":true,"href":"https:\/\/bisbalpenedes.com\/web\/wp-json\/wp\/v2\/categories?post=6688"},{"taxonomy":"post_tag","embeddable":true,"href":"https:\/\/bisbalpenedes.com\/web\/wp-json\/wp\/v2\/tags?post=6688"}],"curies":[{"name":"wp","href":"https:\/\/api.w.org\/{rel}","templated":true}]}}