{"id":6682,"date":"2018-08-02T12:36:41","date_gmt":"2018-08-02T11:36:41","guid":{"rendered":"http:\/\/bisbalpenedes.com\/web\/?p=6682"},"modified":"2018-08-02T13:15:42","modified_gmt":"2018-08-02T12:15:42","slug":"la-junta-de-govern-local-ha-aprovat-la-liquidacio-de-quotes-durbanitzacio-provisionals-de-les-parcelles-incloses-al-projecte-de-reparcellacio-del-poligon-industrial-les-planes-per-a-la-invers","status":"publish","type":"post","link":"https:\/\/bisbalpenedes.com\/web\/2018\/08\/02\/la-junta-de-govern-local-ha-aprovat-la-liquidacio-de-quotes-durbanitzacio-provisionals-de-les-parcelles-incloses-al-projecte-de-reparcellacio-del-poligon-industrial-les-planes-per-a-la-invers\/","title":{"rendered":"La Junta de Govern  ha aprovat la liquidaci\u00f3 de quotes d\u2019urbanitzaci\u00f3 provisionals de les parcel\u00b7les del pol\u00edgon industrial les Planes per a la inversi\u00f3 d\u2019increment de pot\u00e8ncia el\u00e8ctrica"},"content":{"rendered":"<p><a href=\"http:\/\/bisbalpenedes.com\/web\/wp-content\/uploads\/2018\/08\/IMG_4700.jpg\"><img loading=\"lazy\" class=\"aligncenter size-large wp-image-6683\" src=\"http:\/\/bisbalpenedes.com\/web\/wp-content\/uploads\/2018\/08\/IMG_4700-1024x683.jpg\" alt=\"torre alta tensio\" width=\"630\" height=\"420\" srcset=\"https:\/\/bisbalpenedes.com\/web\/wp-content\/uploads\/2018\/08\/IMG_4700-1024x683.jpg 1024w, https:\/\/bisbalpenedes.com\/web\/wp-content\/uploads\/2018\/08\/IMG_4700-600x400.jpg 600w, https:\/\/bisbalpenedes.com\/web\/wp-content\/uploads\/2018\/08\/IMG_4700-300x200.jpg 300w, https:\/\/bisbalpenedes.com\/web\/wp-content\/uploads\/2018\/08\/IMG_4700-768x512.jpg 768w\" sizes=\"(max-width: 630px) 100vw, 630px\" \/><\/a><\/p>\n<p style=\"text-align: justify;\"><span style=\"color: #000000;\">La Junta de Govern Local, celebrada aquest dijous 2 d\u2019agost, ha aprovat la liquidaci\u00f3 de les quotes d\u2019urbanitzaci\u00f3 provisionals de les parcel\u00b7les incloses al projecte de reparcel\u00b7laci\u00f3 del Pol\u00edgon Industrial les Planes per a la inversi\u00f3 de l\u2019increment de pot\u00e8ncia el\u00e8ctrica per part d\u2019EDE (Endesa Distribuci\u00f3n El\u00e9ctrica).<\/span><\/p>\n<p style=\"text-align: justify;\"><span style=\"color: #000000;\">Tot i que el 18 d\u2019octubre de 2002 es va aprovar el projecte de reparcel\u00b7laci\u00f3 del Pol\u00edgon Industiral les Planes mitjan\u00e7ant el sistema de cooperaci\u00f3 i, posteriorment, es van executar les obres, va quedar pendent d\u2019executar la connexi\u00f3 el\u00e8ctrica externa del pol\u00edgon industrial. En la Junta de Govern local del 2 de novembre de 2017 es va aprovar definitivament el projecte d\u2019operaci\u00f3 jur\u00eddica complement\u00e0ria de la reparcel\u00b7laci\u00f3 del pol\u00edgon d\u2019actuaci\u00f3 urban\u00edstica les Planes, amb les rectificacions conseq\u00fc\u00e8ncia de les al\u00b7legacions estimades per\u00f2, a causa de les dificultats per aconseguir les llic\u00e8ncies urban\u00edstiques, es va retardar el projecte i, finalment, es va incloure una addenda al conveni signat amb Endesa que va ser aprovada per ple el passat 10 de maig de 2018, la qual cosa permetr\u00e0 tirar endavant l\u2019ampliaci\u00f3 de les infraestructures el\u00e8ctriques per a l\u2019augment de la pot\u00e8ncia contractada al pol\u00edgon industrial.<\/span><\/p>\n<p style=\"text-align: justify;\"><span style=\"color: #000000;\">Les despeses previstes per dur a terme el projecte d\u2019 operaci\u00f3 jur\u00eddica complement\u00e0ria s\u00f3n de 724.399\u201965\u20ac i el pagament de les quotes anir\u00e0 a c\u00e0rrec dels propietaris de les parcel\u00b7les del pol\u00edgon industrial Les Planes. Les liquidacions provisionals practicades seran regularitzades, un cop finalitzi l\u2019obra d\u2019urbanitzaci\u00f3, mitjan\u00e7ant l\u2019aprovaci\u00f3 del compte de liquidaci\u00f3 definitiu.<\/span><\/p>\n<hr \/>\n<p style=\"text-align: justify;\"><span style=\"color: #000000;\"><strong>CASTELLANO |<\/strong> La Junta de Gobierno Local, celebrada este jueves 2 de agosto, ha aprobado la liquidaci\u00f3n de las cuotas de urbanizaci\u00f3n provisionales de las parcelas incluidas en el proyecto de reparcelaci\u00f3n del Pol\u00edgono Industrial les Planes para la inversi\u00f3n del incremento de potencia el\u00e9ctrica por parte de EDE (Endesa Distribuci\u00f3n El\u00e9ctrica).<\/span><\/p>\n<p style=\"text-align: justify;\"><span style=\"color: #000000;\">Aunque el 18 de octubre del 2002 se aprob\u00f3 el proyecto de reparcelaci\u00f3n del Pol\u00edgono Industrial Les Planes mediante el sistema de cooperaci\u00f3n y, posteriormente, se ejecutaron las obras, qued\u00f3 pendiente de ejecutar la conexi\u00f3n el\u00e9ctrica externa del pol\u00edgono industrial. En la Junta de Gobierno local del 2 de noviembre del 2017 se aprob\u00f3 definitivamente el proyecto de operaci\u00f3n jur\u00eddica complementaria de la reparcelaci\u00f3n del pol\u00edgono de actuaci\u00f3n urban\u00edstica Les Planes, con las rectificaciones consecuencia de las alegaciones estimadas pero, a causa de las dificultades para conseguir las licencias urban\u00edsticas, se retras\u00f3 el proyecto y, finalmente, se incluy\u00f3 una adenda al convenio firmado con Endesa que fue aprobada por pleno el pasado 10 de mayo del 2018, la cual cosa permitir\u00e1 llevar a cabo la ampliaci\u00f3n de las infraestructuras el\u00e9ctricas para el aumento de la potencia contratada en el pol\u00edgono industrial.<\/span><\/p>\n<p style=\"text-align: justify;\"><span style=\"color: #000000;\">Los gastos previstos para llevar a cabo el proyecto de operaci\u00f3n jur\u00eddica complementaria son de 724.399&#8217;65\u20ac y el pago de las cuotas ir\u00e1 a cargo de los propietarios de las parcelas del pol\u00edgono industrial Les Planes. Las liquidaciones provisionales practicadas ser\u00e1n regularizadas, una vez finalizada la obra de urbanizaci\u00f3n, mediante la aprobaci\u00f3n de la cuenta de liquidaci\u00f3n definitiva.<\/span><\/p>\n","protected":false},"excerpt":{"rendered":"<p>La Junta de Govern Local, celebrada aquest dijous 2 d\u2019agost, ha aprovat la liquidaci\u00f3 de les quotes d\u2019urbanitzaci\u00f3 provisionals de les parcel\u00b7les incloses al projecte de reparcel\u00b7laci\u00f3 del Pol\u00edgon Industrial &hellip; <a href=\"https:\/\/bisbalpenedes.com\/web\/2018\/08\/02\/la-junta-de-govern-local-ha-aprovat-la-liquidacio-de-quotes-durbanitzacio-provisionals-de-les-parcelles-incloses-al-projecte-de-reparcellacio-del-poligon-industrial-les-planes-per-a-la-invers\/\" class=\"more-link\">Read More<\/a><\/p>\n","protected":false},"author":4,"featured_media":6683,"comment_status":"closed","ping_status":"closed","sticky":false,"template":"","format":"standard","meta":[],"categories":[15],"tags":[439,334,686,443,201,446,905,2212],"_links":{"self":[{"href":"https:\/\/bisbalpenedes.com\/web\/wp-json\/wp\/v2\/posts\/6682"}],"collection":[{"href":"https:\/\/bisbalpenedes.com\/web\/wp-json\/wp\/v2\/posts"}],"about":[{"href":"https:\/\/bisbalpenedes.com\/web\/wp-json\/wp\/v2\/types\/post"}],"author":[{"embeddable":true,"href":"https:\/\/bisbalpenedes.com\/web\/wp-json\/wp\/v2\/users\/4"}],"replies":[{"embeddable":true,"href":"https:\/\/bisbalpenedes.com\/web\/wp-json\/wp\/v2\/comments?post=6682"}],"version-history":[{"count":4,"href":"https:\/\/bisbalpenedes.com\/web\/wp-json\/wp\/v2\/posts\/6682\/revisions"}],"predecessor-version":[{"id":6687,"href":"https:\/\/bisbalpenedes.com\/web\/wp-json\/wp\/v2\/posts\/6682\/revisions\/6687"}],"wp:featuredmedia":[{"embeddable":true,"href":"https:\/\/bisbalpenedes.com\/web\/wp-json\/wp\/v2\/media\/6683"}],"wp:attachment":[{"href":"https:\/\/bisbalpenedes.com\/web\/wp-json\/wp\/v2\/media?parent=6682"}],"wp:term":[{"taxonomy":"category","embeddable":true,"href":"https:\/\/bisbalpenedes.com\/web\/wp-json\/wp\/v2\/categories?post=6682"},{"taxonomy":"post_tag","embeddable":true,"href":"https:\/\/bisbalpenedes.com\/web\/wp-json\/wp\/v2\/tags?post=6682"}],"curies":[{"name":"wp","href":"https:\/\/api.w.org\/{rel}","templated":true}]}}