{"id":6674,"date":"2018-08-02T11:51:29","date_gmt":"2018-08-02T10:51:29","guid":{"rendered":"http:\/\/bisbalpenedes.com\/web\/?p=6674"},"modified":"2018-08-02T12:17:44","modified_gmt":"2018-08-02T11:17:44","slug":"lajuntament-de-la-bisbal-fa-un-pas-mes-per-construir-el-nou-pou-de-lesplai","status":"publish","type":"post","link":"https:\/\/bisbalpenedes.com\/web\/2018\/08\/02\/lajuntament-de-la-bisbal-fa-un-pas-mes-per-construir-el-nou-pou-de-lesplai\/","title":{"rendered":"L\u2019Ajuntament de la Bisbal fa un pas m\u00e9s per construir el nou pou de l\u2019Esplai"},"content":{"rendered":"<p>&nbsp;<\/p>\n<p style=\"text-align: justify;\"><a href=\"http:\/\/bisbalpenedes.com\/web\/wp-content\/uploads\/2018\/08\/CARTELL-LESPLAI.jpg\"><img loading=\"lazy\" class=\"aligncenter size-large wp-image-6679\" src=\"http:\/\/bisbalpenedes.com\/web\/wp-content\/uploads\/2018\/08\/CARTELL-LESPLAI-1024x683.jpg\" alt=\"CARTELL L'ESPLAI\" width=\"630\" height=\"420\" srcset=\"https:\/\/bisbalpenedes.com\/web\/wp-content\/uploads\/2018\/08\/CARTELL-LESPLAI-1024x683.jpg 1024w, https:\/\/bisbalpenedes.com\/web\/wp-content\/uploads\/2018\/08\/CARTELL-LESPLAI-600x400.jpg 600w, https:\/\/bisbalpenedes.com\/web\/wp-content\/uploads\/2018\/08\/CARTELL-LESPLAI-300x200.jpg 300w, https:\/\/bisbalpenedes.com\/web\/wp-content\/uploads\/2018\/08\/CARTELL-LESPLAI-768x512.jpg 768w\" sizes=\"(max-width: 630px) 100vw, 630px\" \/><\/a><\/p>\n<p style=\"text-align: justify;\"><span style=\"color: #000000;\">La Junta de Govern local del 2 d\u2019agost, a partir de la proposta de la Regidoria d\u2019Urbanisme, ha aprovat l\u2019expedient de contractaci\u00f3, mitjan\u00e7ant procediment obert simplificat, per a l\u2019execuci\u00f3 del projecte constructiu de les instal\u00b7lacions d\u2019un pou d\u2019abastament d\u2019aigua a la urbanitzaci\u00f3 l\u2019Esplai. L\u2019import de la licitaci\u00f3 \u00e9s de 81.435,47\u20ac (m\u00e9s IVA).<\/span><\/p>\n<p style=\"text-align: justify;\"><span style=\"color: #000000;\">El projecte del pou ja est\u00e0 aprovat inicialment i l\u2019aprovaci\u00f3 de la licitaci\u00f3 ha estat declarada d\u2019urg\u00e8ncia per inter\u00e8s p\u00fablic per l\u2019Ajuntament, tenint en compte la mancan\u00e7a d\u2019aigua a l\u2019Esplai i el fet que el pou actual no est\u00e0 en condicions per a ser utilitzat.<\/span><\/p>\n<p style=\"text-align: justify;\"><span style=\"color: #000000;\">L\u2019any 2017 l\u2019Ajuntament ja va fer la perforaci\u00f3 del nou pou, que estar\u00e0 ubicat al carrer Joan Mir\u00f3, i ara, amb la partida contemplada al pressupost de l\u2019any 2018 i una part del super\u00e0vit del 2017, es podr\u00e0 finalitzar la part exterior del pou, les instal\u00b7lacions interiors i el bombeig. A m\u00e9s, l\u2019Ag\u00e8ncia Catalana de l\u2019Aigua (ACA) ha notificat a l\u2019Ajuntament que ha aprovat una subvenci\u00f3 del 60% de l\u2019import del projecte constructiu.<\/span><\/p>\n<p style=\"text-align: justify;\"><span style=\"color: #000000;\"><strong>Ara comen\u00e7ar\u00e0 el procediment del concurs p\u00fablic per licitar les obres del projecte de construcci\u00f3<\/strong> i, una vegada s\u2019hagin presentat les empreses i l\u2019Ajuntament compti amb els informes t\u00e8cnics corresponents, es podran adjudicar les obres i, aleshores, es podran dur a terme els treballs constructius previstos per a la finalitzaci\u00f3 del pou de l\u2019Esplai. <strong>L\u2019alcaldessa de la Bisbal i regidora d\u2019Urbanisme, Agn\u00e8s Ferr\u00e9, calcula que el pou estar\u00e0 finalitzat a la tardor.<\/strong><\/span><\/p>\n<hr \/>\n<p style=\"text-align: justify;\"><span style=\"color: #000000;\"><strong>CASTELLANO<\/strong> | La Junta de Gobierno local del 2 de agosto, a partir de la propuesta de la Regidoria de Urbanisme, ha aprobado el expediente de contrataci\u00f3n, mediante procedimiento abierto simplificado, para la ejecuci\u00f3n del proyecto constructivo de las instalaciones de un pOzo de abastecimiento de agua en la urbanizaci\u00f3n l&#8217;Esplai. El importe de la licitaci\u00f3n es de 81.435,47\u20ac (m\u00e9s IVA9.<\/span><\/p>\n<p style=\"text-align: justify;\"><span style=\"color: #000000;\">El proyecto del pozo ya est\u00e1 aprobado inicialmente y la aprobaci\u00f3n de la licitaci\u00f3n ha estado declarada de urgencia por inter\u00e9s p\u00fablico por el Ayuntamiento, teniendo en cuenta la falta de agua en el Esplai y el hecho que el pozo actual no est\u00e1 en condiciones para ser utilizado.<\/span><\/p>\n<p style=\"text-align: justify;\"><span style=\"color: #000000;\">El a\u00f1o 2017 el Ayuntamiento ya hizo la perforaci\u00f3n del nuevo pozo, que estar\u00e1 ubicado en la calle Joan Mir\u00f3, y ahora, con la partida contemplada en el presupuesto del a\u00f1o 2018 y una parte del super\u00e1vit del 2017, se podr\u00e1 finalizar la parte exterior del pozo, las instalaciones interiores y el bombeo. Adem\u00e1s, la Ag\u00e8ncia Catalana de l&#8217;Aigua (ACA) ha notificado al Ayuntamiento que ha aprobado una subvenci\u00f3n del 60% del importe del proyecto constructivo.<\/span><\/p>\n<p style=\"text-align: justify;\"><span style=\"color: #000000;\"><strong>Ahora empezar\u00e1 el procedimiento del concurso p\u00fablico para licitar las obras del proyecto de construcci\u00f3n<\/strong> y, una vez se hayan presentado las empresas y el Ayuntamiento cuente con los informes t\u00e9cnicos correspondientes, se podr\u00e1n adjudicar las obras y, entonces, se podr\u00e1n llevar a cabo los trabajos constructivos previstos para la finalizaci\u00f3n del pozo del Esplai. <strong>La alcaldesa de la Bisbal y regidora de Urbanismo, Agn\u00e8s Ferr\u00e9, calcula que el pozo estar\u00e1 finalizado en oto\u00f1o.<\/strong><\/span><\/p>\n<p>&nbsp;<\/p>\n","protected":false},"excerpt":{"rendered":"<p>&nbsp; La Junta de Govern local del 2 d\u2019agost, a partir de la proposta de la Regidoria d\u2019Urbanisme, ha aprovat l\u2019expedient de contractaci\u00f3, mitjan\u00e7ant procediment obert simplificat, per a l\u2019execuci\u00f3 &hellip; <a href=\"https:\/\/bisbalpenedes.com\/web\/2018\/08\/02\/lajuntament-de-la-bisbal-fa-un-pas-mes-per-construir-el-nou-pou-de-lesplai\/\" class=\"more-link\">Read More<\/a><\/p>\n","protected":false},"author":4,"featured_media":6679,"comment_status":"closed","ping_status":"closed","sticky":false,"template":"","format":"standard","meta":[],"categories":[15],"tags":[768,2211,161,154,725,138,267,275],"_links":{"self":[{"href":"https:\/\/bisbalpenedes.com\/web\/wp-json\/wp\/v2\/posts\/6674"}],"collection":[{"href":"https:\/\/bisbalpenedes.com\/web\/wp-json\/wp\/v2\/posts"}],"about":[{"href":"https:\/\/bisbalpenedes.com\/web\/wp-json\/wp\/v2\/types\/post"}],"author":[{"embeddable":true,"href":"https:\/\/bisbalpenedes.com\/web\/wp-json\/wp\/v2\/users\/4"}],"replies":[{"embeddable":true,"href":"https:\/\/bisbalpenedes.com\/web\/wp-json\/wp\/v2\/comments?post=6674"}],"version-history":[{"count":5,"href":"https:\/\/bisbalpenedes.com\/web\/wp-json\/wp\/v2\/posts\/6674\/revisions"}],"predecessor-version":[{"id":6681,"href":"https:\/\/bisbalpenedes.com\/web\/wp-json\/wp\/v2\/posts\/6674\/revisions\/6681"}],"wp:featuredmedia":[{"embeddable":true,"href":"https:\/\/bisbalpenedes.com\/web\/wp-json\/wp\/v2\/media\/6679"}],"wp:attachment":[{"href":"https:\/\/bisbalpenedes.com\/web\/wp-json\/wp\/v2\/media?parent=6674"}],"wp:term":[{"taxonomy":"category","embeddable":true,"href":"https:\/\/bisbalpenedes.com\/web\/wp-json\/wp\/v2\/categories?post=6674"},{"taxonomy":"post_tag","embeddable":true,"href":"https:\/\/bisbalpenedes.com\/web\/wp-json\/wp\/v2\/tags?post=6674"}],"curies":[{"name":"wp","href":"https:\/\/api.w.org\/{rel}","templated":true}]}}