{"id":6670,"date":"2018-08-02T11:19:45","date_gmt":"2018-08-02T10:19:45","guid":{"rendered":"http:\/\/bisbalpenedes.com\/web\/?p=6670"},"modified":"2018-08-02T11:22:04","modified_gmt":"2018-08-02T10:22:04","slug":"lajuntament-de-la-bisbal-i-cellers-domenys-han-estat-presents-a-la-firagost-fira-exposicio-del-camp-catala","status":"publish","type":"post","link":"https:\/\/bisbalpenedes.com\/web\/2018\/08\/02\/lajuntament-de-la-bisbal-i-cellers-domenys-han-estat-presents-a-la-firagost-fira-exposicio-del-camp-catala\/","title":{"rendered":"L&#8217;Ajuntament de la Bisbal i Cellers Domenys han estat presents a la Firagost &#8211; Fira-Exposici\u00f3 del Camp Catal\u00e0"},"content":{"rendered":"<p style=\"text-align: justify;\"><span style=\"font-size: 10pt; font-family: Verdana, sans-serif; color: #000000;\">L\u2019alcaldessa de la Bisbal del Pened\u00e8s, Agn\u00e8s Ferr\u00e9, va assistir el passat dimarts a la inauguraci\u00f3 de la Firagost i de la 64\u00aa edici\u00f3 de la Fira-Exposici\u00f3 del Camp Catal\u00e0. L\u2019alcaldessa bisbalenca va ser convidada, juntament amb altres alcaldes i alcaldesses de la zona, a la inauguraci\u00f3 oficial que tenia lloc dimarts 31 de juliol, a les 7 de la tarda, al Sal\u00f3 de Sessions de l\u2019Ajuntament de Valls. L\u2019acte va ser presidit pel Conseller de Pol\u00edtiques Digitals i Administraci\u00f3 P\u00fablica de la Generalitat de Catalunya, Jordi Puigner\u00f3 i l\u2019alcalde de Valls, Albert Batet. <\/span><\/p>\n<p style=\"text-align: justify;\"><span style=\"font-size: 10pt; font-family: Verdana, sans-serif; color: #000000;\">La Firagost, Fira-Exposici\u00f3 del Camp Catal\u00e0, \u00e9s un aparador divulgador dels productes de l\u2019agricultura i per a l\u2019agricultura, la viticultura, l\u2019horticultura i la jardineria, entre altres. A banda de les parades, la Fira ha incl\u00f2s activitats complement\u00e0ries com ara exposicions o xerrades. <\/span><\/p>\n<p style=\"text-align: justify;\"><span style=\"font-size: 10pt; font-family: Verdana, sans-serif; color: #000000;\">Despr\u00e9s de la inauguraci\u00f3, l\u2019alcaldessa de la Bisbal va visitar la Fira-Exposici\u00f3 del Camp Catal\u00e0, fent aturada a l\u2019estand de Cellers Domenys. <\/span><\/p>\n<figure id=\"attachment_6671\" aria-describedby=\"caption-attachment-6671\" style=\"width: 630px\" class=\"wp-caption aligncenter\"><a style=\"color: #000000;\" href=\"http:\/\/bisbalpenedes.com\/web\/wp-content\/uploads\/2018\/08\/PHOTO-2018-07-31-22-37-45.jpg\"><img loading=\"lazy\" class=\"wp-image-6671 size-large\" src=\"http:\/\/bisbalpenedes.com\/web\/wp-content\/uploads\/2018\/08\/PHOTO-2018-07-31-22-37-45-1024x768.jpg\" width=\"630\" height=\"473\" srcset=\"https:\/\/bisbalpenedes.com\/web\/wp-content\/uploads\/2018\/08\/PHOTO-2018-07-31-22-37-45-1024x768.jpg 1024w, https:\/\/bisbalpenedes.com\/web\/wp-content\/uploads\/2018\/08\/PHOTO-2018-07-31-22-37-45-600x450.jpg 600w, https:\/\/bisbalpenedes.com\/web\/wp-content\/uploads\/2018\/08\/PHOTO-2018-07-31-22-37-45-300x225.jpg 300w, https:\/\/bisbalpenedes.com\/web\/wp-content\/uploads\/2018\/08\/PHOTO-2018-07-31-22-37-45-768x576.jpg 768w, https:\/\/bisbalpenedes.com\/web\/wp-content\/uploads\/2018\/08\/PHOTO-2018-07-31-22-37-45.jpg 1599w\" sizes=\"(max-width: 630px) 100vw, 630px\" \/><\/a><figcaption id=\"caption-attachment-6671\" class=\"wp-caption-text\"><span style=\"color: #808080;\">D&#8217;esquerra a dreta: Llu\u00eds Urgell, president de Cellers Domenys; Agn\u00e8s Ferr\u00e9, alcaldessa de la Bisbal del Pened\u00e8s; Joan Carles de la Monja, director Territorial d&#8217;Interior a Tarragona; Mag\u00ed Pallar\u00e9s, alcalde de Sant Jaume dels Domenys; Llu\u00eds Roig, gerent de Cellers Domenys.<\/span><\/figcaption><\/figure>\n<p style=\"text-align: justify;\"><strong><span style=\"font-size: 10pt; font-family: Verdana, sans-serif; color: #000000;\">Volem aprofitar aquestes l\u00ednies per felicitar el president de Cellers Domenys, Llu\u00eds Urgell, ja que el passat dijous 26 de juliol va ser reelegit com a membre del Consell Regulador de la Denominaci\u00f3 d\u2019Origen Protegida \u2018cava\u2019. <\/span><\/strong><\/p>\n<hr \/>\n<p style=\"text-align: justify;\"><span style=\"font-size: 10pt; font-family: Verdana, sans-serif; color: #000000;\"><strong>CASTELLANO |<\/strong> La alcaldesa de la Bisbal del Pened\u00e8s, Agn\u00e8s Ferr\u00e9, asisti\u00f3 el pasado martes a la inauguraci\u00f3n de la Firagost y de la 64\u00aa edici\u00f3n de la Fira-Exposici\u00f3 del Camp Catal\u00e0. La alcaldesa bisbalenca fue invitada, juntamente por otros alcaldes y alcaldesas de la zona, a la inauguraci\u00f3n oficial que ten\u00eda lugar el martes 31 de julio, a las 7 de la tarde, en el Sal\u00f3 de Sessions de l\u2019Ajuntament de Valls. El acto fue presidido por el Conseller de Pol\u00edtiques Digitals i Administraci\u00f3 P\u00fablica de la Generalitat de Catalunya, Jordi Puigner\u00f3 y el alcalde de Valls, Albert Batet.<\/span><\/p>\n<p style=\"text-align: justify;\"><span style=\"font-size: 10pt; font-family: Verdana, sans-serif; color: #000000;\">La Firagost, Fira-Exposici\u00f3 del Camp Catal\u00e0, es un escaparate divulgador de los productos de agricultura y para la agricultura, la viticultura, la horticultura y la jardiner\u00eda, entre otros. Adem\u00e1s de las paradas, la Fira ha incluido actividades complementarias como por ejemplo exposiciones o charlas.<\/span><\/p>\n<p style=\"text-align: justify;\"><span style=\"font-size: 10pt; font-family: Verdana, sans-serif; color: #000000;\">Desp\u00faes de la inauguraci\u00f3n, la alcaldesa de la Bisbal visit\u00f3 la Fira-Exposici\u00f3 del Camp Catal\u00e0, haciendo parada en el estand de Cellers Domenys.<\/span><\/p>\n<figure id=\"attachment_6671\" aria-describedby=\"caption-attachment-6671\" style=\"width: 630px\" class=\"wp-caption aligncenter\"><a href=\"http:\/\/bisbalpenedes.com\/web\/wp-content\/uploads\/2018\/08\/PHOTO-2018-07-31-22-37-45.jpg\"><img loading=\"lazy\" class=\"wp-image-6671 size-large\" src=\"http:\/\/bisbalpenedes.com\/web\/wp-content\/uploads\/2018\/08\/PHOTO-2018-07-31-22-37-45-1024x768.jpg\" alt=\"Firagost alcaldessa\" width=\"630\" height=\"473\" srcset=\"https:\/\/bisbalpenedes.com\/web\/wp-content\/uploads\/2018\/08\/PHOTO-2018-07-31-22-37-45-1024x768.jpg 1024w, https:\/\/bisbalpenedes.com\/web\/wp-content\/uploads\/2018\/08\/PHOTO-2018-07-31-22-37-45-600x450.jpg 600w, https:\/\/bisbalpenedes.com\/web\/wp-content\/uploads\/2018\/08\/PHOTO-2018-07-31-22-37-45-300x225.jpg 300w, https:\/\/bisbalpenedes.com\/web\/wp-content\/uploads\/2018\/08\/PHOTO-2018-07-31-22-37-45-768x576.jpg 768w, https:\/\/bisbalpenedes.com\/web\/wp-content\/uploads\/2018\/08\/PHOTO-2018-07-31-22-37-45.jpg 1599w\" sizes=\"(max-width: 630px) 100vw, 630px\" \/><\/a><figcaption id=\"caption-attachment-6671\" class=\"wp-caption-text\"><span style=\"color: #808080;\">D&#8217;esquerra a dreta: Llu\u00eds Urgell, president de Cellers Domenys; Agn\u00e8s Ferr\u00e9, alcaldessa de la Bisbal del Pened\u00e8s; Joan Carles de la Monja, director Territorial d&#8217;Interior a Tarragona; Mag\u00ed Pallar\u00e9s, alcalde de Sant Jaume dels Domenys; Llu\u00eds Roig, gerent de Cellers Domenys.<\/span><\/figcaption><\/figure>\n<p style=\"text-align: justify;\"><strong><span style=\"font-size: 10pt; font-family: Verdana, sans-serif; color: #000000;\">Queremos aprovechar estas l\u00edneas para felicitar al presidente de Cellers Domenys, Llu\u00eds Urgell, ya que el pasado jueves 26 de julio fue reelegido como miembro del Consell Regulador de la Denominaci\u00f3 d\u2019Origen Protegida \u2018cava\u2019.<\/span><\/strong><\/p>\n<p><span style=\"font-size: 10.0pt; font-family: 'Verdana',sans-serif;\">\u00a0<\/span><\/p>\n<p><span style=\"font-size: 10.0pt; font-family: 'Verdana',sans-serif;\">\u00a0<\/span><\/p>\n","protected":false},"excerpt":{"rendered":"<p>L\u2019alcaldessa de la Bisbal del Pened\u00e8s, Agn\u00e8s Ferr\u00e9, va assistir el passat dimarts a la inauguraci\u00f3 de la Firagost i de la 64\u00aa edici\u00f3 de la Fira-Exposici\u00f3 del Camp Catal\u00e0. &hellip; <a href=\"https:\/\/bisbalpenedes.com\/web\/2018\/08\/02\/lajuntament-de-la-bisbal-i-cellers-domenys-han-estat-presents-a-la-firagost-fira-exposicio-del-camp-catala\/\" class=\"more-link\">Read More<\/a><\/p>\n","protected":false},"author":4,"featured_media":6671,"comment_status":"closed","ping_status":"closed","sticky":false,"template":"","format":"standard","meta":[],"categories":[2057],"tags":[2209,2092,2035,1349,2208,2210,1345],"_links":{"self":[{"href":"https:\/\/bisbalpenedes.com\/web\/wp-json\/wp\/v2\/posts\/6670"}],"collection":[{"href":"https:\/\/bisbalpenedes.com\/web\/wp-json\/wp\/v2\/posts"}],"about":[{"href":"https:\/\/bisbalpenedes.com\/web\/wp-json\/wp\/v2\/types\/post"}],"author":[{"embeddable":true,"href":"https:\/\/bisbalpenedes.com\/web\/wp-json\/wp\/v2\/users\/4"}],"replies":[{"embeddable":true,"href":"https:\/\/bisbalpenedes.com\/web\/wp-json\/wp\/v2\/comments?post=6670"}],"version-history":[{"count":2,"href":"https:\/\/bisbalpenedes.com\/web\/wp-json\/wp\/v2\/posts\/6670\/revisions"}],"predecessor-version":[{"id":6673,"href":"https:\/\/bisbalpenedes.com\/web\/wp-json\/wp\/v2\/posts\/6670\/revisions\/6673"}],"wp:featuredmedia":[{"embeddable":true,"href":"https:\/\/bisbalpenedes.com\/web\/wp-json\/wp\/v2\/media\/6671"}],"wp:attachment":[{"href":"https:\/\/bisbalpenedes.com\/web\/wp-json\/wp\/v2\/media?parent=6670"}],"wp:term":[{"taxonomy":"category","embeddable":true,"href":"https:\/\/bisbalpenedes.com\/web\/wp-json\/wp\/v2\/categories?post=6670"},{"taxonomy":"post_tag","embeddable":true,"href":"https:\/\/bisbalpenedes.com\/web\/wp-json\/wp\/v2\/tags?post=6670"}],"curies":[{"name":"wp","href":"https:\/\/api.w.org\/{rel}","templated":true}]}}