{"id":6661,"date":"2018-08-01T17:09:07","date_gmt":"2018-08-01T16:09:07","guid":{"rendered":"http:\/\/bisbalpenedes.com\/web\/?p=6661"},"modified":"2018-08-01T17:17:37","modified_gmt":"2018-08-01T16:17:37","slug":"afectacions-en-el-transit-previstes-per-diumenge-5-dagost","status":"publish","type":"post","link":"https:\/\/bisbalpenedes.com\/web\/2018\/08\/01\/afectacions-en-el-transit-previstes-per-diumenge-5-dagost\/","title":{"rendered":"Afectacions en el tr\u00e0nsit previstes per al diumenge 5 d&#8217;agost al mat\u00ed"},"content":{"rendered":"<p><a href=\"http:\/\/bisbalpenedes.com\/web\/wp-content\/uploads\/2018\/07\/volta_ciclista_18_d.jpg\"><img loading=\"lazy\" class=\"aligncenter size-medium wp-image-6570\" src=\"http:\/\/bisbalpenedes.com\/web\/wp-content\/uploads\/2018\/07\/volta_ciclista_18_d-204x300.jpg\" alt=\"volta_ciclista_18_d\" width=\"204\" height=\"300\" srcset=\"https:\/\/bisbalpenedes.com\/web\/wp-content\/uploads\/2018\/07\/volta_ciclista_18_d-204x300.jpg 204w, https:\/\/bisbalpenedes.com\/web\/wp-content\/uploads\/2018\/07\/volta_ciclista_18_d-600x882.jpg 600w, https:\/\/bisbalpenedes.com\/web\/wp-content\/uploads\/2018\/07\/volta_ciclista_18_d-768x1130.jpg 768w, https:\/\/bisbalpenedes.com\/web\/wp-content\/uploads\/2018\/07\/volta_ciclista_18_d-696x1024.jpg 696w, https:\/\/bisbalpenedes.com\/web\/wp-content\/uploads\/2018\/07\/volta_ciclista_18_d-scaled.jpg 1741w\" sizes=\"(max-width: 204px) 100vw, 204px\" \/><\/a><\/p>\n<p><span style=\"color: #000000;\">El pr\u00f2xim diumenge 5 d&#8217;agost la Bisbal del Pened\u00e8s acollir\u00e0 la 2\u00aa etapa de la 1\u00aa Volta al Baix Pened\u00e8s RUNNBIKES RCB. \u00c9s per aix\u00f2 que us informem que, a partir de les 8 del mat\u00ed, no es podr\u00e0 circular per les seg\u00fcents vies:<\/span><\/p>\n<p style=\"padding-left: 30px;\"><span style=\"color: #000000;\">-Avda. Baix Pened\u00e8s<\/span><\/p>\n<p style=\"padding-left: 30px;\"><span style=\"color: #000000;\">-Avda. Generalitat<\/span><\/p>\n<p style=\"padding-left: 30px;\"><span style=\"color: #000000;\">-Carrer \u00c0ngel Guimer\u00e0<\/span><\/p>\n<p><span style=\"color: #000000;\">Tampoc es podr\u00e0 circular pels carrers que quedin afectats per aquest tall de circulaci\u00f3 ni es podr\u00e0 accedir als garatges i p\u00e0rquings de l&#8217;avda. Baix Pened\u00e8s.<\/span><\/p>\n<p><span style=\"color: #000000;\">El tr\u00e0nsit es restablir\u00e0 quan finalitzi l&#8217;esdeveniment, aproximadament a les 13.30h.<\/span><\/p>\n<p><strong><span style=\"color: #000000;\">Gr\u00e0cies per la vostra comprensi\u00f3.<\/span><\/strong><\/p>\n<hr \/>\n<p><span style=\"color: #000000;\"><strong>CASTELLANO |<\/strong> El pr\u00f3ximo domingo 5 de agosto la Bisbal del Pened\u00e8s acoger\u00e1 la 2\u00aa etapa de la 1\u00aa Volta al Baix Pened\u00e8s RUNNBIKES RCB. Por este motivo os informamos que, a partir de las 8 de la ma\u00f1ana, no se podr\u00e1 circular por las siguientes v\u00edas:<\/span><\/p>\n<p style=\"padding-left: 30px;\"><span style=\"color: #000000;\">-Avda. Baix Pened\u00e8s<\/span><\/p>\n<p style=\"padding-left: 30px;\"><span style=\"color: #000000;\">-Avda. Generalitat<\/span><\/p>\n<p style=\"padding-left: 30px;\"><span style=\"color: #000000;\">-Carrer \u00c0ngel Guimer\u00e0<\/span><\/p>\n<p><span style=\"color: #000000;\">Tampoco se podr\u00e1 circular por las calles que queden afectadas por este corte de circulaci\u00f3n ni se podr\u00e1 acceder a los garajes y parkings de la avda. Baix Pened\u00e8s.<\/span><\/p>\n<p><span style=\"color: #000000;\">El tr\u00e1fico se restablecer\u00e1 cuando finalice el evento, aproximadamente a las 13.30h.<\/span><\/p>\n<p><strong><span style=\"color: #000000;\">Gracias por vuestra comprensi\u00f3n.<\/span><\/strong><\/p>\n","protected":false},"excerpt":{"rendered":"<p>El pr\u00f2xim diumenge 5 d&#8217;agost la Bisbal del Pened\u00e8s acollir\u00e0 la 2\u00aa etapa de la 1\u00aa Volta al Baix Pened\u00e8s RUNNBIKES RCB. \u00c9s per aix\u00f2 que us informem que, a &hellip; <a href=\"https:\/\/bisbalpenedes.com\/web\/2018\/08\/01\/afectacions-en-el-transit-previstes-per-diumenge-5-dagost\/\" class=\"more-link\">Read More<\/a><\/p>\n","protected":false},"author":4,"featured_media":6570,"comment_status":"closed","ping_status":"closed","sticky":false,"template":"","format":"standard","meta":[],"categories":[1628],"tags":[2207,2204,2206,1381,2205],"_links":{"self":[{"href":"https:\/\/bisbalpenedes.com\/web\/wp-json\/wp\/v2\/posts\/6661"}],"collection":[{"href":"https:\/\/bisbalpenedes.com\/web\/wp-json\/wp\/v2\/posts"}],"about":[{"href":"https:\/\/bisbalpenedes.com\/web\/wp-json\/wp\/v2\/types\/post"}],"author":[{"embeddable":true,"href":"https:\/\/bisbalpenedes.com\/web\/wp-json\/wp\/v2\/users\/4"}],"replies":[{"embeddable":true,"href":"https:\/\/bisbalpenedes.com\/web\/wp-json\/wp\/v2\/comments?post=6661"}],"version-history":[{"count":5,"href":"https:\/\/bisbalpenedes.com\/web\/wp-json\/wp\/v2\/posts\/6661\/revisions"}],"predecessor-version":[{"id":6666,"href":"https:\/\/bisbalpenedes.com\/web\/wp-json\/wp\/v2\/posts\/6661\/revisions\/6666"}],"wp:featuredmedia":[{"embeddable":true,"href":"https:\/\/bisbalpenedes.com\/web\/wp-json\/wp\/v2\/media\/6570"}],"wp:attachment":[{"href":"https:\/\/bisbalpenedes.com\/web\/wp-json\/wp\/v2\/media?parent=6661"}],"wp:term":[{"taxonomy":"category","embeddable":true,"href":"https:\/\/bisbalpenedes.com\/web\/wp-json\/wp\/v2\/categories?post=6661"},{"taxonomy":"post_tag","embeddable":true,"href":"https:\/\/bisbalpenedes.com\/web\/wp-json\/wp\/v2\/tags?post=6661"}],"curies":[{"name":"wp","href":"https:\/\/api.w.org\/{rel}","templated":true}]}}