{"id":6652,"date":"2018-08-01T16:12:10","date_gmt":"2018-08-01T15:12:10","guid":{"rendered":"http:\/\/bisbalpenedes.com\/web\/?p=6652"},"modified":"2018-08-01T16:27:34","modified_gmt":"2018-08-01T15:27:34","slug":"aquest-dimecres-1-dagost-sha-comencat-a-treballar-en-la-neteja-de-les-voreres-de-can-gordei","status":"publish","type":"post","link":"https:\/\/bisbalpenedes.com\/web\/2018\/08\/01\/aquest-dimecres-1-dagost-sha-comencat-a-treballar-en-la-neteja-de-les-voreres-de-can-gordei\/","title":{"rendered":"Aquest dimecres 1 d&#8217;agost s&#8217;ha comen\u00e7at a treballar en la neteja de les voreres de Can Gordei"},"content":{"rendered":"<p><a href=\"http:\/\/bisbalpenedes.com\/web\/wp-content\/uploads\/2018\/08\/IMG_3024.jpg\"><img loading=\"lazy\" class=\"aligncenter size-large wp-image-6653\" src=\"http:\/\/bisbalpenedes.com\/web\/wp-content\/uploads\/2018\/08\/IMG_3024-1024x768.jpg\" alt=\"Desbrossament can gordei\" width=\"630\" height=\"473\" srcset=\"https:\/\/bisbalpenedes.com\/web\/wp-content\/uploads\/2018\/08\/IMG_3024-1024x768.jpg 1024w, https:\/\/bisbalpenedes.com\/web\/wp-content\/uploads\/2018\/08\/IMG_3024-600x450.jpg 600w, https:\/\/bisbalpenedes.com\/web\/wp-content\/uploads\/2018\/08\/IMG_3024-300x225.jpg 300w, https:\/\/bisbalpenedes.com\/web\/wp-content\/uploads\/2018\/08\/IMG_3024-768x576.jpg 768w, https:\/\/bisbalpenedes.com\/web\/wp-content\/uploads\/2018\/08\/IMG_3024.jpg 2016w\" sizes=\"(max-width: 630px) 100vw, 630px\" \/><\/a><\/p>\n<p style=\"text-align: justify;\"><span style=\"color: #000000;\">L&#8217;empresa LA CYCA PROJECTS AND SERVICES ha comen\u00e7at les feines de neteja i manteniment de les voreres de Can Gordei aquest dimecres 1 d&#8217;agost de 2018. El passat dijous 19 de juliol de 2018 la Junta de Govern local va aprovar el contracte del servei de desbrossament i manteniment de les voreres de Can Gordei, el Priorat de la Bisbal, l&#8217;Esplai, la Masieta i Santa Cristina amb una durada de dos anys.<\/span><\/p>\n<p style=\"text-align: justify;\"><span style=\"color: #000000;\">Aix\u00ed, la brigada municipal dur\u00e0 a terme el manteniment dels carrers de la Miralba, el nucli, l\u2019Ortig\u00f3s i el Papagai i CYA PROJECTS AND SERVICES els de Can Gordei, l\u2019Esplai, el Priorat de la Bisbal, la Masieta i Santa Cristina.<\/span><\/p>\n<p style=\"text-align: justify;\"><span style=\"color: #000000;\">Les Regidories de Medi Ambient, Barris i Urbanisme tenen com a objectiu millorar la neteja i el control del creixement de les herbes en aquests barris bisbalencs, duent a terme el desbrossament i el manteniment de les voreres durant l\u2019any.<\/span><\/p>\n<hr \/>\n<p style=\"text-align: justify;\"><span style=\"color: #000000;\"><strong>CASTELLANO |<\/strong> La empresa LA CYCA PROJECTS AND SERVICES ha empezado los trabajos de limpieza y mantenimiento de las aceras de Can Gordei este mi\u00e9rcoles 1 de agosto del 2018. El pasado jueves 19 de julio del 2018 la Junta de Gobierno local aprob\u00f3 el contrato del servicio de desbrozamiento y mantenimiento de las aceras de Can Gordei, el Priorat de la Bisbal, l&#8217;Esplai, la Masiesta y Santa Cristina con una duraci\u00f3n de dos a\u00f1os.<\/span><\/p>\n<p style=\"text-align: justify;\"><span style=\"color: #000000;\">As\u00ed, la brigada municipal llevar\u00e1 a cabo el mantenimiento de las calles de la Miralba, el n\u00facleo, l&#8217;Ortig\u00f3s y el Papagai y CYA PROJECTS AND SERVICES los de Can Gordei, l&#8217;Esplai, el Priorat de la Bisbal, la Masieta y Santa Cristina.<\/span><\/p>\n<p style=\"text-align: justify;\"><span style=\"color: #000000;\">Las Regidories de Medi Ambient, Barris y Urbanisme tienen como objetivo mejorar la limpieza y el control del crecimiento de las hierbas en estos barrios bisbalencs, llevando a cabo el desbrozamiento y el mantenimiento de las aceras durante todo el a\u00f1o<\/span>.<\/p>\n","protected":false},"excerpt":{"rendered":"<p>L&#8217;empresa LA CYCA PROJECTS AND SERVICES ha comen\u00e7at les feines de neteja i manteniment de les voreres de Can Gordei aquest dimecres 1 d&#8217;agost de 2018. El passat dijous 19 &hellip; <a href=\"https:\/\/bisbalpenedes.com\/web\/2018\/08\/01\/aquest-dimecres-1-dagost-sha-comencat-a-treballar-en-la-neteja-de-les-voreres-de-can-gordei\/\" class=\"more-link\">Read More<\/a><\/p>\n","protected":false},"author":4,"featured_media":6654,"comment_status":"closed","ping_status":"closed","sticky":false,"template":"","format":"standard","meta":[],"categories":[1047,32,15],"tags":[198,739,359,276,587,335,361,424,623,2131],"_links":{"self":[{"href":"https:\/\/bisbalpenedes.com\/web\/wp-json\/wp\/v2\/posts\/6652"}],"collection":[{"href":"https:\/\/bisbalpenedes.com\/web\/wp-json\/wp\/v2\/posts"}],"about":[{"href":"https:\/\/bisbalpenedes.com\/web\/wp-json\/wp\/v2\/types\/post"}],"author":[{"embeddable":true,"href":"https:\/\/bisbalpenedes.com\/web\/wp-json\/wp\/v2\/users\/4"}],"replies":[{"embeddable":true,"href":"https:\/\/bisbalpenedes.com\/web\/wp-json\/wp\/v2\/comments?post=6652"}],"version-history":[{"count":2,"href":"https:\/\/bisbalpenedes.com\/web\/wp-json\/wp\/v2\/posts\/6652\/revisions"}],"predecessor-version":[{"id":6656,"href":"https:\/\/bisbalpenedes.com\/web\/wp-json\/wp\/v2\/posts\/6652\/revisions\/6656"}],"wp:featuredmedia":[{"embeddable":true,"href":"https:\/\/bisbalpenedes.com\/web\/wp-json\/wp\/v2\/media\/6654"}],"wp:attachment":[{"href":"https:\/\/bisbalpenedes.com\/web\/wp-json\/wp\/v2\/media?parent=6652"}],"wp:term":[{"taxonomy":"category","embeddable":true,"href":"https:\/\/bisbalpenedes.com\/web\/wp-json\/wp\/v2\/categories?post=6652"},{"taxonomy":"post_tag","embeddable":true,"href":"https:\/\/bisbalpenedes.com\/web\/wp-json\/wp\/v2\/tags?post=6652"}],"curies":[{"name":"wp","href":"https:\/\/api.w.org\/{rel}","templated":true}]}}