{"id":6623,"date":"2018-07-31T14:44:43","date_gmt":"2018-07-31T13:44:43","guid":{"rendered":"http:\/\/bisbalpenedes.com\/web\/?p=6623"},"modified":"2018-07-31T14:47:46","modified_gmt":"2018-07-31T13:47:46","slug":"lajuntament-de-la-bisbal-treballa-per-arribar-a-lany-2030-amb-un-40-menys-demissions-de-gasos-defecte-hivernacle","status":"publish","type":"post","link":"https:\/\/bisbalpenedes.com\/web\/2018\/07\/31\/lajuntament-de-la-bisbal-treballa-per-arribar-a-lany-2030-amb-un-40-menys-demissions-de-gasos-defecte-hivernacle\/","title":{"rendered":"L\u2019Ajuntament de la Bisbal treballa per arribar a l\u2019any 2030 amb un 40% menys d\u2019emissions de gasos d\u2019efecte hivernacle"},"content":{"rendered":"<p style=\"text-align: justify;\"><a href=\"http:\/\/bisbalpenedes.com\/web\/wp-content\/uploads\/2018\/07\/LA-BISBAL-DES-DE-LA-RIBA.jpg\"><img loading=\"lazy\" class=\"aligncenter size-medium wp-image-6625\" src=\"http:\/\/bisbalpenedes.com\/web\/wp-content\/uploads\/2018\/07\/LA-BISBAL-DES-DE-LA-RIBA-300x200.jpg\" alt=\"LA BISBAL DES DE LA RIBA\" width=\"300\" height=\"200\" srcset=\"https:\/\/bisbalpenedes.com\/web\/wp-content\/uploads\/2018\/07\/LA-BISBAL-DES-DE-LA-RIBA-300x200.jpg 300w, https:\/\/bisbalpenedes.com\/web\/wp-content\/uploads\/2018\/07\/LA-BISBAL-DES-DE-LA-RIBA-600x400.jpg 600w, https:\/\/bisbalpenedes.com\/web\/wp-content\/uploads\/2018\/07\/LA-BISBAL-DES-DE-LA-RIBA-768x512.jpg 768w, https:\/\/bisbalpenedes.com\/web\/wp-content\/uploads\/2018\/07\/LA-BISBAL-DES-DE-LA-RIBA-1024x683.jpg 1024w\" sizes=\"(max-width: 300px) 100vw, 300px\" \/><\/a><\/p>\n<p style=\"text-align: justify;\">L\u2019Ajuntament de la Bisbal del Pened\u00e8s est\u00e0 treballant en l\u2019elaboraci\u00f3 d\u2019un <strong>Pla d\u2019Acci\u00f3 per a l\u2019Energia Sostenible i el Clima<\/strong> (PAESC) que ser\u00e0 l\u2019eina que guiar\u00e0 el municipi per <strong>arribar a l\u2019any 2030 amb un 40% menys d\u2019emissions de gasos d\u2019efecte hivernacle (GEH)<\/strong> respecte al 2005 i que li permetr\u00e0 estar m\u00e9s ben preparat davant els efectes del canvi clim\u00e0tic.<\/p>\n<p style=\"text-align: justify;\"><span style=\"color: #000000;\">El PAESC \u00e9s un element fonamental per aconseguir els objectius que marca el \u201cPacte d\u2019Alcaldes i Alcaldesses pel Clima i l\u2019Energia\u201d, una iniciativa de la Comissi\u00f3 Europea que impulsa la lluita contra el canvi clim\u00e0tic en l\u2019\u00e0mbit local al qual l\u2019Ajuntament de la Bisbal del Pened\u00e8s s\u2019hi va adherir, de forma volunt\u00e0ria, el dia 23 de novembre de 2017 mitjan\u00e7ant l\u2019aprovaci\u00f3 per Ple. El Pacte pret\u00e9n aglutinar ciutats i pobles amb la finalitat que es puguin <strong>tirar endavant objectius comunitaris de reducci\u00f3 de les emissions de CO\u2082 mitjan\u00e7ant millores en l\u2019efici\u00e8ncia energ\u00e8tica, la implantaci\u00f3 d\u2019energies renovables i la preparaci\u00f3 dels ens locals per poder donar una resposta eficient als efectes del canvi clim\u00e0tic<\/strong>. Mitjan\u00e7ant la signatura d\u2019aquest pacte, l\u2019Ajuntament assumeix el comprom\u00eds de reduir en un 40% les seves emissions de gasos d\u2019efecte hivernacle (GEH) l\u2019any 2030 i millorar la capacitat de reacci\u00f3 i adaptaci\u00f3 enfront dels efectes del canvi clim\u00e0tic.<\/span><\/p>\n<p style=\"text-align: justify;\"><span style=\"color: #000000;\"><strong>Proc\u00e9s d\u2019elaboraci\u00f3 del PAESC<\/strong><\/span><\/p>\n<p style=\"text-align: justify;\"><span style=\"color: #000000;\">El proc\u00e9s d\u2019elaboraci\u00f3 del PAESC s\u2019ha iniciat aquest mes de juliol a les depend\u00e8ncies de l\u2019Ajuntament de la Bisbal del Pened\u00e8s, on es van reunir els representants del municipi juntament amb els representants de la Diputaci\u00f3 de Tarragona i l\u2019equip que donar\u00e0 assist\u00e8ncia t\u00e8cnica als municipis.<\/span><\/p>\n<p style=\"text-align: justify;\"><span style=\"color: #000000;\">La primera fase del proc\u00e9s consisteix en l\u2019elaboraci\u00f3 d\u2019un inventari municipal de consums energ\u00e8tics i emissions de GEH associades als principals sectors d\u2019activitat i en la realitzaci\u00f3 d\u2019avaluacions energ\u00e8tiques a diversos equipaments municipals. En aquesta fase tamb\u00e9 es far\u00e0 una an\u00e0lisi de la vulnerabilitat del municipi vers els efectes del canvi clim\u00e0tic, s\u2019analitzar\u00e0 la situaci\u00f3 actual de la Bisbal i es definir\u00e0 l\u2019estrat\u00e8gia d\u2019actuaci\u00f3 per reduir les emissions de GEH i millorar la capacitat de la vila d\u2019adaptar-se als efectes del canvi clim\u00e0tic.<\/span><\/p>\n<p style=\"text-align: justify;\"><span style=\"color: #000000;\">Amb els resultats de la primera fase es definiran les accions que es faran en l\u2019\u00e0mbit municipal i en el mateix Ajuntament en camps tan diversos com el del foment de la mobilitat sostenible, l\u2019\u00fas del transport p\u00fablic, l\u2019estalvi energ\u00e8tic en l\u2019enllumenat p\u00fablic o l\u2019aplicaci\u00f3 de mesures de millora energ\u00e8tica en els edificis de titularitat municipal. En aquest proc\u00e9s de definici\u00f3 de les accions del PAESC es promour\u00e0 la participaci\u00f3 dels diferents actors locals incorporant un proc\u00e9s de participaci\u00f3 i comunicaci\u00f3 a l\u2019Ajuntament i al municipi.<\/span><\/p>\n<p style=\"text-align: justify;\"><span style=\"color: #000000;\">Durant l\u2019elaboraci\u00f3 del PAESC l\u2019Ajuntament de la Bisbal compta amb la coordinaci\u00f3 de la Diputaci\u00f3 de Tarragona, que promou l\u2019adhesi\u00f3 dels municipis al Pacte i els proporciona l\u2019assist\u00e8ncia t\u00e8cnica perqu\u00e8 puguin complir amb els compromisos adquirits.<\/span><\/p>\n<hr \/>\n<p style=\"text-align: justify;\"><span style=\"color: #000000;\"><strong>CASTELLANO |<\/strong> El Ayuntamiento de la Bisbal del Pened\u00e8s est\u00e1 trabajando en la elaboraci\u00f3n de un <strong>Plan de Acci\u00f3n para la Energ\u00eda Sostenible y el Clima (PAESC)<\/strong> que ser\u00e1 la herramienta que guiar\u00e1 al municipio <strong>para llegar al a\u00f1o 2030 con un 40% menos de emisiones de gases de efecto invernadero (GEI)<\/strong> respecto al 2005 y que le permitir\u00e1 estar m\u00e1s bien preparado frente a los efectos del cambio clim\u00e1tico.<\/span><\/p>\n<p style=\"text-align: justify;\"><span style=\"color: #000000;\">El PAESC es un elemento fundamental para conseguir los objetivos que marca el &#8220;Pacto de Alcaldes y Alcaldesas por el Clima y la Energ\u00eda&#8221;, una iniciativa de la Comisi\u00f3n Europea que impulsa la lucha contra el cambio clim\u00e1tico en el \u00e1mbito local al cual el Ayuntamiento de la Bisbal se adhiri\u00f3, de manera voluntaria, el d\u00eda 23 de noviembre del 2017 mediante la aprobaci\u00f3n por Pleno. El Pacto pretende aglutinar ciudades y pueblos con la finalidad que se puedan <strong>perseguir objetivos comunitarios de reducci\u00f3n de las emisiones de CO\u2082 mediante mejoras en la eficiencia energ\u00e9tica, la implantaci\u00f3n de energ\u00edas renovables y la preparaci\u00f3n de los entes locales para poder dar una respuesta eficiente a los efectos del cambio clim\u00e1tico<\/strong>. Mediante la firma de este pacto, el Ayuntamiento asume el compromiso de reducir en un 40% sus emisiones de gases de efecto invernadero (GEI) el a\u00f1o 2030 y mejorar la capacidad de reacci\u00f3n y adaptaci\u00f3n delante de los efectos del cambio clim\u00e1tico.<\/span><\/p>\n<p style=\"text-align: justify;\"><span style=\"color: #000000;\"><strong>Proceso de elaboraci\u00f3n del PAESC<\/strong><\/span><\/p>\n<p style=\"text-align: justify;\"><span style=\"color: #000000;\">El proceso de elaboraci\u00f3n del PAESC se ha iniciado este mes de julio en las dependencias del Ayuntamiento de la Bisbal del Pened\u00e8s, donde se reunieron los representantes del municipio junto con los representantes de la Diputaci\u00f3n de Tarragona y el equipo que dar\u00e1 asistencia t\u00e9cnica a los municipios.<\/span><\/p>\n<p style=\"text-align: justify;\"><span style=\"color: #000000;\">La primera fase del proceso consiste en la elaboraci\u00f3n de un inventario municipal de consumos energ\u00e9ticos y emisiones de GEI asociadas a los principales sectores de actividad y en la realizaci\u00f3n de evaluaciones energ\u00e9ticas en varios equipamientos municipales. En esta fase tambi\u00e9n se har\u00e1 un an\u00e1lisis de la vulnerabilidad del municipio frente a los efectos del cambio clim\u00e1tico, se analizar\u00e1 la situaci\u00f3n actual de la Bisbal y se definir\u00e1 la estrategia de actuaci\u00f3n para reducir las emisiones de GEI y mejorar la capacidad del pueblo de adaptarse a los efectos del cambio clim\u00e1tico.<\/span><\/p>\n<p style=\"text-align: justify;\"><span style=\"color: #000000;\">Con los resultados de la primera fase se definir\u00e1n las acciones que se har\u00e1n en el \u00e1mbito municipal y en el mismo Ayuntamiento en campos tan diversos como el del fomento de la movilidad sostenible, el uso del transporte p\u00fablico, el ahorro energ\u00e9tico en alumbrado p\u00fablico o la aplicaci\u00f3n de medidas de mejora energ\u00e9tica en los edificios de titularidad municipal. En este proceso de definici\u00f3n de las acciones del PAESC se promover\u00e1 la participaci\u00f3n de los diferentes actores locales incorporando un proceso de participaci\u00f3n y comunicaci\u00f3n en el Ayuntamiento i en el municipio.<\/span><\/p>\n<p style=\"text-align: justify;\"><span style=\"color: #000000;\">Durante la elaboraci\u00f3n del PAESC el Ayuntamiento de la Bisbal cuenta con la coordinaci\u00f3n de la Diputaci\u00f3n de Tarragona, que promueve la adhesi\u00f3n de los municipios al Pacto y les proporciona la asistencia t\u00e9cnica para que puedan cumplir con los compromisos adquiridos.<\/span><\/p>\n<p style=\"text-align: justify;\"><span style=\"color: #000000;\">\u00a0<\/span><\/p>\n","protected":false},"excerpt":{"rendered":"<p>L\u2019Ajuntament de la Bisbal del Pened\u00e8s est\u00e0 treballant en l\u2019elaboraci\u00f3 d\u2019un Pla d\u2019Acci\u00f3 per a l\u2019Energia Sostenible i el Clima (PAESC) que ser\u00e0 l\u2019eina que guiar\u00e0 el municipi per arribar &hellip; <a href=\"https:\/\/bisbalpenedes.com\/web\/2018\/07\/31\/lajuntament-de-la-bisbal-treballa-per-arribar-a-lany-2030-amb-un-40-menys-demissions-de-gasos-defecte-hivernacle\/\" class=\"more-link\">Read More<\/a><\/p>\n","protected":false},"author":4,"featured_media":6625,"comment_status":"closed","ping_status":"closed","sticky":false,"template":"","format":"standard","meta":[],"categories":[32,8],"tags":[2172,673,2170,2171,2167,2169,2166,2168],"_links":{"self":[{"href":"https:\/\/bisbalpenedes.com\/web\/wp-json\/wp\/v2\/posts\/6623"}],"collection":[{"href":"https:\/\/bisbalpenedes.com\/web\/wp-json\/wp\/v2\/posts"}],"about":[{"href":"https:\/\/bisbalpenedes.com\/web\/wp-json\/wp\/v2\/types\/post"}],"author":[{"embeddable":true,"href":"https:\/\/bisbalpenedes.com\/web\/wp-json\/wp\/v2\/users\/4"}],"replies":[{"embeddable":true,"href":"https:\/\/bisbalpenedes.com\/web\/wp-json\/wp\/v2\/comments?post=6623"}],"version-history":[{"count":4,"href":"https:\/\/bisbalpenedes.com\/web\/wp-json\/wp\/v2\/posts\/6623\/revisions"}],"predecessor-version":[{"id":6628,"href":"https:\/\/bisbalpenedes.com\/web\/wp-json\/wp\/v2\/posts\/6623\/revisions\/6628"}],"wp:featuredmedia":[{"embeddable":true,"href":"https:\/\/bisbalpenedes.com\/web\/wp-json\/wp\/v2\/media\/6625"}],"wp:attachment":[{"href":"https:\/\/bisbalpenedes.com\/web\/wp-json\/wp\/v2\/media?parent=6623"}],"wp:term":[{"taxonomy":"category","embeddable":true,"href":"https:\/\/bisbalpenedes.com\/web\/wp-json\/wp\/v2\/categories?post=6623"},{"taxonomy":"post_tag","embeddable":true,"href":"https:\/\/bisbalpenedes.com\/web\/wp-json\/wp\/v2\/tags?post=6623"}],"curies":[{"name":"wp","href":"https:\/\/api.w.org\/{rel}","templated":true}]}}