{"id":6612,"date":"2018-07-31T11:21:38","date_gmt":"2018-07-31T10:21:38","guid":{"rendered":"http:\/\/bisbalpenedes.com\/web\/?p=6612"},"modified":"2018-07-31T17:24:07","modified_gmt":"2018-07-31T16:24:07","slug":"aquesta-festa-major-veuran-la-llum-les-propostes-guanyadores-del-videobox-de-lany-2017","status":"publish","type":"post","link":"https:\/\/bisbalpenedes.com\/web\/2018\/07\/31\/aquesta-festa-major-veuran-la-llum-les-propostes-guanyadores-del-videobox-de-lany-2017\/","title":{"rendered":"Aquesta festa major veuran la llum les propostes guanyadores del Videobox de l&#8217;any 2017"},"content":{"rendered":"<p><span style=\"color: #000000;\">S&#8217;apropa la Festa Major i aix\u00f2 vol dir que les propostes guanyadores del Videobox de l&#8217;any 2017 seran una realitat.<\/span><\/p>\n<p><span style=\"color: #000000;\">D&#8217;una banda, en Ramon, guanyador del premi a la millor idea, va proposar emprar gots reutilitzables durant la Festa Major. Enguany, els gots de la Festa Major seran reutilitzables i les regidories de Joventut i Medi Ambient tiraran endavant la campanya &#8216;Oh my got&#8217;.<\/span><\/p>\n<p><span style=\"color: #000000;\">D&#8217;altra banda, el premi a la idea m\u00e9s original va anar a parar a Els Esventats, que van proposar &#8216;complir el desig de fer el preg\u00f3 de la Festa Major el 2018&#8217; i, com que van guanyar el premi, el seu desig es far\u00e0 realitat.<\/span><\/p>\n<p><span style=\"color: #000000;\">Enguany podreu tornar a gaudir del VideoBox els dies 14 i 16 d&#8217;agost en un espai tancat i preparat per a la gravaci\u00f3 que estar\u00e0 ubicat a l&#8217;envelat.\u00a0Trobareu tota la informaci\u00f3 al programa de la Festa Major.<\/span><\/p>\n<p><a href=\"http:\/\/bisbalpenedes.com\/web\/wp-content\/uploads\/2018\/07\/PROGRAMA-FESTA-MAJOR-LA-BISBAL-015.jpg\"><img loading=\"lazy\" class=\"aligncenter size-full wp-image-6614\" src=\"http:\/\/bisbalpenedes.com\/web\/wp-content\/uploads\/2018\/07\/PROGRAMA-FESTA-MAJOR-LA-BISBAL-015.jpg\" alt=\"oh my got\" width=\"850\" height=\"850\" srcset=\"https:\/\/bisbalpenedes.com\/web\/wp-content\/uploads\/2018\/07\/PROGRAMA-FESTA-MAJOR-LA-BISBAL-015.jpg 850w, https:\/\/bisbalpenedes.com\/web\/wp-content\/uploads\/2018\/07\/PROGRAMA-FESTA-MAJOR-LA-BISBAL-015-300x300.jpg 300w, https:\/\/bisbalpenedes.com\/web\/wp-content\/uploads\/2018\/07\/PROGRAMA-FESTA-MAJOR-LA-BISBAL-015-100x100.jpg 100w, https:\/\/bisbalpenedes.com\/web\/wp-content\/uploads\/2018\/07\/PROGRAMA-FESTA-MAJOR-LA-BISBAL-015-600x600.jpg 600w, https:\/\/bisbalpenedes.com\/web\/wp-content\/uploads\/2018\/07\/PROGRAMA-FESTA-MAJOR-LA-BISBAL-015-150x150.jpg 150w, https:\/\/bisbalpenedes.com\/web\/wp-content\/uploads\/2018\/07\/PROGRAMA-FESTA-MAJOR-LA-BISBAL-015-768x768.jpg 768w\" sizes=\"(max-width: 850px) 100vw, 850px\" \/><\/a><\/p>\n<p>Descarrega&#8217;t el programa de la festa major aqu\u00ed\u00a0<strong>\u2192\u00a0<a href=\"http:\/\/bisbalpenedes.com\/web\/wp-content\/uploads\/2018\/07\/PROGRAMA-FESTA-MAJOR-LA-BISBAL.pdf\">PROGRAMA FESTA MAJOR LA BISBAL<\/a><\/strong><\/p>\n<hr \/>\n<p><span style=\"color: #000000;\"><strong>CASTELLANO |<\/strong> Se acerca la Festa Major y eso significa que las propuestas ganadoras del Videobox del a\u00f1o 2017 ser\u00e1n una realidad.<\/span><\/p>\n<p><span style=\"color: #000000;\">Por un lado, Ramon, el ganador del premio a la mejor idea, propuso usar vasos reutilizables durante la fiesta mayor. Este a\u00f1o los vasos de la fiesta mayor ser\u00e1n reutilizables y las <em>regidories<\/em> de Joventut y Medi Ambient llevaran a cabo la campa\u00f1a &#8216;Oh my got&#8217;.<\/span><\/p>\n<p><span style=\"color: #000000;\">Por otro lado, el premio a la idea m\u00e1s original lo ganaron Els Esventats, que propusieron &#8216;cumplir el deseo de hacer el preg\u00f3n de la Festa major el 2018&#8217; y, como ganaron el premio, su deseo se har\u00e1 realidad.<\/span><\/p>\n<p><span style=\"color: #000000;\">Este a\u00f1o pod\u00e9is volver a disfrutar del VideoBox los d\u00edas 14 y 16 de agosto en un espacio cerrado y preparado para la grabaci\u00f3n que estar\u00e1 ubicado en el envelat. Encontrar\u00e9is toda la informaci\u00f3n en el programa de la Festa Major.<\/span><\/p>\n<p><a href=\"http:\/\/bisbalpenedes.com\/web\/wp-content\/uploads\/2018\/07\/PROGRAMA-FESTA-MAJOR-LA-BISBAL-015.jpg\"><img loading=\"lazy\" class=\"aligncenter size-full wp-image-6614\" src=\"http:\/\/bisbalpenedes.com\/web\/wp-content\/uploads\/2018\/07\/PROGRAMA-FESTA-MAJOR-LA-BISBAL-015.jpg\" alt=\"oh my got\" width=\"850\" height=\"850\" srcset=\"https:\/\/bisbalpenedes.com\/web\/wp-content\/uploads\/2018\/07\/PROGRAMA-FESTA-MAJOR-LA-BISBAL-015.jpg 850w, https:\/\/bisbalpenedes.com\/web\/wp-content\/uploads\/2018\/07\/PROGRAMA-FESTA-MAJOR-LA-BISBAL-015-300x300.jpg 300w, https:\/\/bisbalpenedes.com\/web\/wp-content\/uploads\/2018\/07\/PROGRAMA-FESTA-MAJOR-LA-BISBAL-015-100x100.jpg 100w, https:\/\/bisbalpenedes.com\/web\/wp-content\/uploads\/2018\/07\/PROGRAMA-FESTA-MAJOR-LA-BISBAL-015-600x600.jpg 600w, https:\/\/bisbalpenedes.com\/web\/wp-content\/uploads\/2018\/07\/PROGRAMA-FESTA-MAJOR-LA-BISBAL-015-150x150.jpg 150w, https:\/\/bisbalpenedes.com\/web\/wp-content\/uploads\/2018\/07\/PROGRAMA-FESTA-MAJOR-LA-BISBAL-015-768x768.jpg 768w\" sizes=\"(max-width: 850px) 100vw, 850px\" \/><\/a><\/p>\n<p>Desc\u00e1rgate el programa de la Festa Major aqu\u00ed\u00a0<strong>\u2192\u00a0<a href=\"http:\/\/bisbalpenedes.com\/web\/wp-content\/uploads\/2018\/07\/PROGRAMA-FESTA-MAJOR-LA-BISBAL.pdf\">PROGRAMA FESTA MAJOR LA BISBAL<\/a><\/strong><\/p>\n<p>&nbsp;<\/p>\n<hr \/>\n<p>V\u00eddeo resum del Videobox de la Festa Major 2017:<\/p>\n<p style=\"text-align: center;\"><iframe loading=\"lazy\" src=\"https:\/\/www.youtube.com\/embed\/NA414W-LCew\" width=\"560\" height=\"315\" frameborder=\"0\"><\/iframe><\/p>\n","protected":false},"excerpt":{"rendered":"<p>S&#8217;apropa la Festa Major i aix\u00f2 vol dir que les propostes guanyadores del Videobox de l&#8217;any 2017 seran una realitat. D&#8217;una banda, en Ramon, guanyador del premi a la millor &hellip; <a href=\"https:\/\/bisbalpenedes.com\/web\/2018\/07\/31\/aquesta-festa-major-veuran-la-llum-les-propostes-guanyadores-del-videobox-de-lany-2017\/\" class=\"more-link\">Read More<\/a><\/p>\n","protected":false},"author":4,"featured_media":6614,"comment_status":"closed","ping_status":"closed","sticky":false,"template":"","format":"standard","meta":[],"categories":[2161,1042],"tags":[1945,280,2163,2162,2164,2165,627,706],"_links":{"self":[{"href":"https:\/\/bisbalpenedes.com\/web\/wp-json\/wp\/v2\/posts\/6612"}],"collection":[{"href":"https:\/\/bisbalpenedes.com\/web\/wp-json\/wp\/v2\/posts"}],"about":[{"href":"https:\/\/bisbalpenedes.com\/web\/wp-json\/wp\/v2\/types\/post"}],"author":[{"embeddable":true,"href":"https:\/\/bisbalpenedes.com\/web\/wp-json\/wp\/v2\/users\/4"}],"replies":[{"embeddable":true,"href":"https:\/\/bisbalpenedes.com\/web\/wp-json\/wp\/v2\/comments?post=6612"}],"version-history":[{"count":6,"href":"https:\/\/bisbalpenedes.com\/web\/wp-json\/wp\/v2\/posts\/6612\/revisions"}],"predecessor-version":[{"id":6635,"href":"https:\/\/bisbalpenedes.com\/web\/wp-json\/wp\/v2\/posts\/6612\/revisions\/6635"}],"wp:featuredmedia":[{"embeddable":true,"href":"https:\/\/bisbalpenedes.com\/web\/wp-json\/wp\/v2\/media\/6614"}],"wp:attachment":[{"href":"https:\/\/bisbalpenedes.com\/web\/wp-json\/wp\/v2\/media?parent=6612"}],"wp:term":[{"taxonomy":"category","embeddable":true,"href":"https:\/\/bisbalpenedes.com\/web\/wp-json\/wp\/v2\/categories?post=6612"},{"taxonomy":"post_tag","embeddable":true,"href":"https:\/\/bisbalpenedes.com\/web\/wp-json\/wp\/v2\/tags?post=6612"}],"curies":[{"name":"wp","href":"https:\/\/api.w.org\/{rel}","templated":true}]}}