{"id":661,"date":"2013-11-13T19:02:16","date_gmt":"2013-11-13T13:02:16","guid":{"rendered":"http:\/\/bisbalpenedes.com\/web\/?p=661"},"modified":"2013-11-13T19:02:16","modified_gmt":"2013-11-13T13:02:16","slug":"la-guerra-del-frances-al-penedes-la-batalla-de-la-bisbal","status":"publish","type":"post","link":"https:\/\/bisbalpenedes.com\/web\/2013\/11\/13\/la-guerra-del-frances-al-penedes-la-batalla-de-la-bisbal\/","title":{"rendered":"LA GUERRA DEL FRANC\u00c8S AL PENED\u00c8S LA BATALLA DE LA BISBAL"},"content":{"rendered":"<p>CONFER\u00c8NCIA<\/p>\n<p>15 de novembre a les 19h al cmc<\/p>\n<p>LA GUERRA DEL FRANC\u00c8S AL PENED\u00c8S LA BATALLA DE LA BISBAL<\/p>\n<p>a c\u00e0rrec de Ramon Arnabat Mata, professor d&#8217;Hist\u00f2ria de la URV i president de l&#8217;Institut d&#8217;Estudis Penedesencs. i Jordi Casas Gil autor del llibre de Sant Jordi 2013<\/p>\n<p>&nbsp;<\/p>\n","protected":false},"excerpt":{"rendered":"<p>CONFER\u00c8NCIA 15 de novembre a les 19h al cmc LA GUERRA DEL FRANC\u00c8S AL PENED\u00c8S LA BATALLA DE LA BISBAL a c\u00e0rrec de Ramon Arnabat Mata, professor d&#8217;Hist\u00f2ria de la &hellip; <a href=\"https:\/\/bisbalpenedes.com\/web\/2013\/11\/13\/la-guerra-del-frances-al-penedes-la-batalla-de-la-bisbal\/\" class=\"more-link\">Read More<\/a><\/p>\n","protected":false},"author":1,"featured_media":662,"comment_status":"closed","ping_status":"open","sticky":false,"template":"","format":"standard","meta":[],"categories":[13],"tags":[91],"_links":{"self":[{"href":"https:\/\/bisbalpenedes.com\/web\/wp-json\/wp\/v2\/posts\/661"}],"collection":[{"href":"https:\/\/bisbalpenedes.com\/web\/wp-json\/wp\/v2\/posts"}],"about":[{"href":"https:\/\/bisbalpenedes.com\/web\/wp-json\/wp\/v2\/types\/post"}],"author":[{"embeddable":true,"href":"https:\/\/bisbalpenedes.com\/web\/wp-json\/wp\/v2\/users\/1"}],"replies":[{"embeddable":true,"href":"https:\/\/bisbalpenedes.com\/web\/wp-json\/wp\/v2\/comments?post=661"}],"version-history":[{"count":2,"href":"https:\/\/bisbalpenedes.com\/web\/wp-json\/wp\/v2\/posts\/661\/revisions"}],"predecessor-version":[{"id":664,"href":"https:\/\/bisbalpenedes.com\/web\/wp-json\/wp\/v2\/posts\/661\/revisions\/664"}],"wp:featuredmedia":[{"embeddable":true,"href":"https:\/\/bisbalpenedes.com\/web\/wp-json\/wp\/v2\/media\/662"}],"wp:attachment":[{"href":"https:\/\/bisbalpenedes.com\/web\/wp-json\/wp\/v2\/media?parent=661"}],"wp:term":[{"taxonomy":"category","embeddable":true,"href":"https:\/\/bisbalpenedes.com\/web\/wp-json\/wp\/v2\/categories?post=661"},{"taxonomy":"post_tag","embeddable":true,"href":"https:\/\/bisbalpenedes.com\/web\/wp-json\/wp\/v2\/tags?post=661"}],"curies":[{"name":"wp","href":"https:\/\/api.w.org\/{rel}","templated":true}]}}