{"id":6603,"date":"2018-07-30T08:27:38","date_gmt":"2018-07-30T07:27:38","guid":{"rendered":"http:\/\/bisbalpenedes.com\/web\/?p=6603"},"modified":"2018-07-31T08:50:35","modified_gmt":"2018-07-31T07:50:35","slug":"lajuntament-de-la-bisbal-del-penedes-aprova-el-compte-general-de-lexercici-2017","status":"publish","type":"post","link":"https:\/\/bisbalpenedes.com\/web\/2018\/07\/30\/lajuntament-de-la-bisbal-del-penedes-aprova-el-compte-general-de-lexercici-2017\/","title":{"rendered":"L&#8217;Ajuntament de la Bisbal del Pened\u00e8s aprova el compte General de l&#8217;exercici 2017"},"content":{"rendered":"<p><a href=\"http:\/\/bisbalpenedes.com\/web\/wp-content\/uploads\/2018\/07\/IMG_0188.jpg\"><img loading=\"lazy\" class=\"size-medium wp-image-6604 aligncenter\" src=\"http:\/\/bisbalpenedes.com\/web\/wp-content\/uploads\/2018\/07\/IMG_0188-300x200.jpg\" alt=\"comissio comptes 2017\" width=\"300\" height=\"200\" srcset=\"https:\/\/bisbalpenedes.com\/web\/wp-content\/uploads\/2018\/07\/IMG_0188-300x200.jpg 300w, https:\/\/bisbalpenedes.com\/web\/wp-content\/uploads\/2018\/07\/IMG_0188-600x400.jpg 600w, https:\/\/bisbalpenedes.com\/web\/wp-content\/uploads\/2018\/07\/IMG_0188-768x512.jpg 768w, https:\/\/bisbalpenedes.com\/web\/wp-content\/uploads\/2018\/07\/IMG_0188-1024x683.jpg 1024w\" sizes=\"(max-width: 300px) 100vw, 300px\" \/><\/a><\/p>\n<p style=\"text-align: justify;\"><span style=\"color: #000000;\">El passat divendres 27 de juliol a les 11h es va celebrar la Comissi\u00f3 Especial de Comptes de l\u2019Exercici 2017 amb l\u2019objectiu d\u2019examinar, estudiar i informar del Compte General anual del Pressupost de l\u2019Ajuntament en compliment del que disposa la llei<a style=\"color: #000000;\" href=\"#_ftn1\" name=\"_ftnref1\">[1]<\/a>. La Comissi\u00f3, que es convoca amb quinze dies d\u2019antelaci\u00f3 perqu\u00e8 els regidors i les regidores puguin consultar la documentaci\u00f3 de l\u2019expedient, est\u00e0 integrada per un membre de cada Grup pol\u00edtic de la Corporaci\u00f3 amb vot ponderat, en aquest cas:<\/span><\/p>\n<p style=\"padding-left: 30px; text-align: justify;\"><span style=\"color: #000000;\">-Pere Saumoy en representaci\u00f3 del PDeCAT (5 vots ponderats)<\/span><\/p>\n<p style=\"padding-left: 30px; text-align: justify;\"><span style=\"color: #000000;\">-Pilar Verd\u00fan en representaci\u00f3 d\u2019ERC-AM (5 vots ponderats)<\/span><\/p>\n<p style=\"padding-left: 30px; text-align: justify;\"><span style=\"color: #000000;\">-Maguy Antol\u00edn en representaci\u00f3 del PSC (1 vot ponderat)<\/span><\/p>\n<p style=\"text-align: justify;\"><span style=\"color: #000000;\">De la Comissi\u00f3 tamb\u00e9 en van prendre part l\u2019alcaldessa Agn\u00e8s Ferr\u00e9 com a presidenta i el Secretari-Interventor Municipal.<\/span><\/p>\n<p style=\"text-align: justify;\"><span style=\"color: #000000;\">El regidor d\u2019Hisenda, Pere Saumoy, va informar els assistents que els comptes generals estan \u201canivellats i sanejats amb capacitat de finan\u00e7ament amb un Deute viu en quant a la r\u00e0tio del 39,25% que s\u2019ha recaptat per sobre del que s\u2019ha pressupostat i que, per tant, l\u2019Ajuntament \u00e9s solvent\u201d. Aix\u00ed, l\u2019Ajuntament acompleix:<\/span><\/p>\n<p style=\"padding-left: 30px; text-align: justify;\"><span style=\"color: #000000;\">-La r\u00e0tio d\u2019endeutament, que \u00e9s del 39,26% ( a principis d\u2019aquesta legislatura l\u2019Ajuntament superava el m\u00e0xim perm\u00e8s per la llei, que \u00e9s d\u2019un 110%)<\/span><\/p>\n<p style=\"padding-left: 30px; text-align: justify;\"><span style=\"color: #000000;\">-El per\u00edode mig de pagament \u00e9s de 28,28 dies (a principis de legislatura se superava el m\u00e0xim perm\u00e8s per la llei, que \u00e9s de 30 dies).<\/span><\/p>\n<p style=\"padding-left: 30px; text-align: justify;\"><span style=\"color: #000000;\">-Es compleix la regla de la despesa<\/span><\/p>\n<p style=\"padding-left: 30px; text-align: justify;\"><span style=\"color: #000000;\">-Es compleix l\u2019equilibri patrimonial i financer<\/span><\/p>\n<p style=\"text-align: justify;\"><span style=\"color: #000000;\">El Compte General de 2017 compleix tots els par\u00e0metres que estableix la llei, de la mateixa manera que s\u2019acomplien el 2016 per\u00f2 no en els anys anteriors. Per aquest motiu, des de l\u2019any 2016, s\u2019ha pogut fer inversi\u00f3, ja que l\u2019acompliment d\u2019aquests requisits \u00e9s condici\u00f3 indispensable per poder-ne fer.<\/span><\/p>\n<p style=\"text-align: justify;\"><span style=\"color: #000000;\">La Comissi\u00f3 Especial de Comptes va aprovar el Compte General de l\u2019exercici 2017 amb 6 vots ponderats a favor (PDeCAT i PSC) i 5 vots ponderats en contra (ERC-AM). Ara el compte i l\u2019informe estaran exposats al p\u00fablic durant 15 dies i, quan surti publicat al BOPT, 8 dies m\u00e9s. Durant aquest per\u00edode es poden presentar reclamacions, objeccions i observacions i, aquestes, hauran de ser examinades per la Comissi\u00f3, pr\u00e8via pr\u00e0ctica de les comprovacions oportunes, per a l\u2019emissi\u00f3 d\u2019un nou informe que ser\u00e0 elevat, juntament amb les objeccions, reclamacions o observacions formulades, a votaci\u00f3 plen\u00e0ria. El Compte General de l\u2019exercici 2017 tamb\u00e9 estar\u00e0 a disposici\u00f3 dels interessats a la seu electr\u00f2nica de l\u2019Ajuntament de la Bisbal del Pened\u00e8s [<a style=\"color: #000000;\" href=\"http:\/\/bisbalpenedes.eadministracio.cat\">http:\/\/bisbalpenedes.eadministracio.cat<\/a>]<\/span><\/p>\n<p style=\"text-align: justify;\"><span style=\"color: #000000;\"><a style=\"color: #000000;\" href=\"#_ftnref1\" name=\"_ftn1\">[1]<\/a> Article 116 de la Llei 7\/1985, de 2 d\u2019abril, Reguladora de les Bases de R\u00e8gim Local i en l\u2019article 212 del Text Ref\u00f3s de la Llei Reguladora de les Hisendes Locals aprovat per Reial Decret Legislatiu 2\/2004, de 5 de mar\u00e7.<\/span><\/p>\n<hr \/>\n<p style=\"text-align: justify;\"><a href=\"http:\/\/bisbalpenedes.com\/web\/wp-content\/uploads\/2018\/07\/IMG_0188.jpg\"><img loading=\"lazy\" class=\"aligncenter size-medium wp-image-6604\" src=\"http:\/\/bisbalpenedes.com\/web\/wp-content\/uploads\/2018\/07\/IMG_0188-300x200.jpg\" alt=\"comissio comptes 2017\" width=\"300\" height=\"200\" srcset=\"https:\/\/bisbalpenedes.com\/web\/wp-content\/uploads\/2018\/07\/IMG_0188-300x200.jpg 300w, https:\/\/bisbalpenedes.com\/web\/wp-content\/uploads\/2018\/07\/IMG_0188-600x400.jpg 600w, https:\/\/bisbalpenedes.com\/web\/wp-content\/uploads\/2018\/07\/IMG_0188-768x512.jpg 768w, https:\/\/bisbalpenedes.com\/web\/wp-content\/uploads\/2018\/07\/IMG_0188-1024x683.jpg 1024w\" sizes=\"(max-width: 300px) 100vw, 300px\" \/><\/a><\/p>\n<p style=\"text-align: justify;\"><span style=\"color: #000000;\"><strong>CASTELLANO |<\/strong> El pasado viernes 27 de julio a las 11h se celebr\u00f3 la Comisi\u00f3n Especial de Cuentas del Ejercicio 2017 con el objetivo de examinar, estudiar e informar de la Cuenta General anual del Presupuesto del Ayuntamiento en cumplimiento de lo que dispone la ley\u00a0<a style=\"color: #000000;\" href=\"#_ftn1\" name=\"_ftnref1\">[1]<\/a>. La Comisi\u00f3n, que se convoca con quince d\u00edas de antelaci\u00f3n para qu\u00e9 los concejales y las concejalas puedan consultar la documentaci\u00f3n del expediente, est\u00e1 integrada por un miembro de cada grupo pol\u00edtico de la Corporaci\u00f3n con voto ponderado, en este caso:<\/span><\/p>\n<p style=\"padding-left: 30px; text-align: justify;\"><span style=\"color: #000000;\">-Pere Saumoy en representaci\u00f3n del PDeCAT (5 votos ponderados)<\/span><\/p>\n<p style=\"padding-left: 30px; text-align: justify;\"><span style=\"color: #000000;\">-Pilar Verd\u00fan en representaci\u00f3n de ERC-AM (5 votos ponderados)<\/span><\/p>\n<p style=\"padding-left: 30px; text-align: justify;\"><span style=\"color: #000000;\">-Maguy Antol\u00edn en representaci\u00f3n del PSC (1 voto ponderado)<\/span><\/p>\n<p style=\"text-align: justify;\"><span style=\"color: #000000;\">Tambi\u00e9n tomaron parte de la Comisi\u00f3n la alcaldesa Agn\u00e8s Ferr\u00e9 como presidenta y el Secretario-Interventor Municipal.<\/span><\/p>\n<p style=\"text-align: justify;\"><span style=\"color: #000000;\">El concejal de Hisenda, Pere Saumoy, inform\u00f3 a los asistentes que las cuentas generales est\u00e1n &#8220;niveladas y saneadas con capacidad de financiaci\u00f3n con una Deuda viva en cuanto al ratio del 38,25% que se ha recaudado por encima de lo que se ha presupuestado y que, por lo tanto, el Ayuntamiento es solvente&#8221;. As\u00ed, el Ayuntamiento cumple:<\/span><\/p>\n<p style=\"padding-left: 30px; text-align: justify;\"><span style=\"color: #000000;\">-El ratio de endeudamiento, que es del 39,26% (a principios de esta legislatura el Ayuntamiento superaba el m\u00e1ximo permitido por la ley, que es de un 110%)<\/span><\/p>\n<p style=\"padding-left: 30px; text-align: justify;\"><span style=\"color: #000000;\">-El periodo medio de pago es del 28,28 d\u00edas (a principios de la legislatura se superaba el m\u00e1ximo permitido por la ley, que es de 30 d\u00edas).<\/span><\/p>\n<p style=\"padding-left: 30px; text-align: justify;\"><span style=\"color: #000000;\">-Se cumple la regla de gasto<\/span><\/p>\n<p style=\"padding-left: 30px; text-align: justify;\"><span style=\"color: #000000;\">-Se cumple el equilibrio patrimonial y financiero<\/span><\/p>\n<p style=\"text-align: justify;\"><span style=\"color: #000000;\">La Cuenta General 2017 cumple todos los par\u00e1metros que establece la ley, de la misma manera que se cumpl\u00edan en el a\u00f1o 2016 pero no en los a\u00f1os anteriores. Por este motivo, desde el a\u00f1o 2016, se ha podido hacer inversi\u00f3n, ya que el cumplimiento de estos requisitos es condici\u00f3n indispensable para poderla hacer.<\/span><\/p>\n<p style=\"text-align: justify;\"><span style=\"color: #000000;\">La Comisi\u00f3n Especial de Cuentas aprob\u00f3 la Cuenta General del ejercicio 2017 con 6 votos ponderados a favor (PDeCAT y PSC) y 5 votos ponderados en contra (ERC-AM). Ahora la cuenta y el informe estar\u00e1n expuestos al p\u00fablico durante 15 d\u00edas y, cuando salga publicado en el BOPT, 8 d\u00edas m\u00e1s. Durante este periodo se podr\u00e1n presentar reclamaciones, objeciones y observaciones y, estas, deber\u00e1n ser examinadas por la Comisi\u00f3n, previa pr\u00e1ctica de las comprobaciones oportunas, para la emisi\u00f3n de un nuevo informe que ser\u00e1 elevado, juntamente con las objeciones, reclamaciones u observaciones formuladas, a votaci\u00f3n plenaria. La Cuenta General del ejercicio 2017 tambi\u00e9n estar\u00e1 a disposici\u00f3n de los interesados en la sede electr\u00f3nica del Ayuntamiento de la Bisbal del Pened\u00e8s\u00a0[<a style=\"color: #000000;\" href=\"http:\/\/bisbalpenedes.eadministracio.cat\">http:\/\/bisbalpenedes.eadministracio.cat<\/a>]<\/span><\/p>\n<p style=\"text-align: justify;\"><span style=\"color: #000000;\"><a style=\"color: #000000;\" href=\"#_ftnref1\" name=\"_ftn1\">[1]<\/a>\u00a0Article 116 de la Llei 7\/1985, de 2 d\u2019abril, Reguladora de les Bases de R\u00e8gim Local i en l\u2019article 212 del Text Ref\u00f3s de la Llei Reguladora de les Hisendes Locals aprovat per Reial Decret Legislatiu 2\/2004, de 5 de mar\u00e7.<\/span><\/p>\n","protected":false},"excerpt":{"rendered":"<p>El passat divendres 27 de juliol a les 11h es va celebrar la Comissi\u00f3 Especial de Comptes de l\u2019Exercici 2017 amb l\u2019objectiu d\u2019examinar, estudiar i informar del Compte General anual &hellip; <a href=\"https:\/\/bisbalpenedes.com\/web\/2018\/07\/30\/lajuntament-de-la-bisbal-del-penedes-aprova-el-compte-general-de-lexercici-2017\/\" class=\"more-link\">Read More<\/a><\/p>\n","protected":false},"author":4,"featured_media":6604,"comment_status":"closed","ping_status":"closed","sticky":false,"template":"","format":"standard","meta":[],"categories":[2152,8],"tags":[2077,2154,2160,731,2155,2156,2153,2158,2157,2159],"_links":{"self":[{"href":"https:\/\/bisbalpenedes.com\/web\/wp-json\/wp\/v2\/posts\/6603"}],"collection":[{"href":"https:\/\/bisbalpenedes.com\/web\/wp-json\/wp\/v2\/posts"}],"about":[{"href":"https:\/\/bisbalpenedes.com\/web\/wp-json\/wp\/v2\/types\/post"}],"author":[{"embeddable":true,"href":"https:\/\/bisbalpenedes.com\/web\/wp-json\/wp\/v2\/users\/4"}],"replies":[{"embeddable":true,"href":"https:\/\/bisbalpenedes.com\/web\/wp-json\/wp\/v2\/comments?post=6603"}],"version-history":[{"count":4,"href":"https:\/\/bisbalpenedes.com\/web\/wp-json\/wp\/v2\/posts\/6603\/revisions"}],"predecessor-version":[{"id":6611,"href":"https:\/\/bisbalpenedes.com\/web\/wp-json\/wp\/v2\/posts\/6603\/revisions\/6611"}],"wp:featuredmedia":[{"embeddable":true,"href":"https:\/\/bisbalpenedes.com\/web\/wp-json\/wp\/v2\/media\/6604"}],"wp:attachment":[{"href":"https:\/\/bisbalpenedes.com\/web\/wp-json\/wp\/v2\/media?parent=6603"}],"wp:term":[{"taxonomy":"category","embeddable":true,"href":"https:\/\/bisbalpenedes.com\/web\/wp-json\/wp\/v2\/categories?post=6603"},{"taxonomy":"post_tag","embeddable":true,"href":"https:\/\/bisbalpenedes.com\/web\/wp-json\/wp\/v2\/tags?post=6603"}],"curies":[{"name":"wp","href":"https:\/\/api.w.org\/{rel}","templated":true}]}}