{"id":6583,"date":"2018-07-27T16:32:34","date_gmt":"2018-07-27T15:32:34","guid":{"rendered":"http:\/\/bisbalpenedes.com\/web\/?p=6583"},"modified":"2018-07-27T16:49:36","modified_gmt":"2018-07-27T15:49:36","slug":"diversos-motoristes-estan-fent-malbe-els-camins-del-parc-desbarjo-del-priorat-de-la-bisbal","status":"publish","type":"post","link":"https:\/\/bisbalpenedes.com\/web\/2018\/07\/27\/diversos-motoristes-estan-fent-malbe-els-camins-del-parc-desbarjo-del-priorat-de-la-bisbal\/","title":{"rendered":"Diversos motoristes estan fent malb\u00e9 els camins del parc d&#8217;esbarjo del Priorat de la Bisbal"},"content":{"rendered":"<div id='gallery-1' class='gallery galleryid-6583 gallery-columns-3 gallery-size-thumbnail'><figure class='gallery-item'>\n\t\t\t<div class='gallery-icon portrait'>\n\t\t\t\t<a href='https:\/\/bisbalpenedes.com\/web\/2018\/07\/27\/diversos-motoristes-estan-fent-malbe-els-camins-del-parc-desbarjo-del-priorat-de-la-bisbal\/photo-2018-07-26-12-41-39-1\/'><img width=\"150\" height=\"150\" src=\"https:\/\/bisbalpenedes.com\/web\/wp-content\/uploads\/2018\/07\/PHOTO-2018-07-26-12-41-39-1-150x150.jpg\" class=\"attachment-thumbnail size-thumbnail\" alt=\"\" loading=\"lazy\" srcset=\"https:\/\/bisbalpenedes.com\/web\/wp-content\/uploads\/2018\/07\/PHOTO-2018-07-26-12-41-39-1-150x150.jpg 150w, https:\/\/bisbalpenedes.com\/web\/wp-content\/uploads\/2018\/07\/PHOTO-2018-07-26-12-41-39-1-300x300.jpg 300w, https:\/\/bisbalpenedes.com\/web\/wp-content\/uploads\/2018\/07\/PHOTO-2018-07-26-12-41-39-1-100x100.jpg 100w\" sizes=\"(max-width: 150px) 100vw, 150px\" \/><\/a>\n\t\t\t<\/div><\/figure><figure class='gallery-item'>\n\t\t\t<div class='gallery-icon portrait'>\n\t\t\t\t<a href='https:\/\/bisbalpenedes.com\/web\/2018\/07\/27\/diversos-motoristes-estan-fent-malbe-els-camins-del-parc-desbarjo-del-priorat-de-la-bisbal\/photo-2018-07-26-12-41-40\/'><img width=\"150\" height=\"150\" src=\"https:\/\/bisbalpenedes.com\/web\/wp-content\/uploads\/2018\/07\/PHOTO-2018-07-26-12-41-40-150x150.jpg\" class=\"attachment-thumbnail size-thumbnail\" alt=\"\" loading=\"lazy\" srcset=\"https:\/\/bisbalpenedes.com\/web\/wp-content\/uploads\/2018\/07\/PHOTO-2018-07-26-12-41-40-150x150.jpg 150w, https:\/\/bisbalpenedes.com\/web\/wp-content\/uploads\/2018\/07\/PHOTO-2018-07-26-12-41-40-300x300.jpg 300w, https:\/\/bisbalpenedes.com\/web\/wp-content\/uploads\/2018\/07\/PHOTO-2018-07-26-12-41-40-100x100.jpg 100w\" sizes=\"(max-width: 150px) 100vw, 150px\" \/><\/a>\n\t\t\t<\/div><\/figure><figure class='gallery-item'>\n\t\t\t<div class='gallery-icon landscape'>\n\t\t\t\t<a href='https:\/\/bisbalpenedes.com\/web\/2018\/07\/27\/diversos-motoristes-estan-fent-malbe-els-camins-del-parc-desbarjo-del-priorat-de-la-bisbal\/photo-2018-07-26-12-41-41\/'><img width=\"150\" height=\"150\" src=\"https:\/\/bisbalpenedes.com\/web\/wp-content\/uploads\/2018\/07\/PHOTO-2018-07-26-12-41-41-150x150.jpg\" class=\"attachment-thumbnail size-thumbnail\" alt=\"\" loading=\"lazy\" srcset=\"https:\/\/bisbalpenedes.com\/web\/wp-content\/uploads\/2018\/07\/PHOTO-2018-07-26-12-41-41-150x150.jpg 150w, https:\/\/bisbalpenedes.com\/web\/wp-content\/uploads\/2018\/07\/PHOTO-2018-07-26-12-41-41-300x300.jpg 300w, https:\/\/bisbalpenedes.com\/web\/wp-content\/uploads\/2018\/07\/PHOTO-2018-07-26-12-41-41-100x100.jpg 100w\" sizes=\"(max-width: 150px) 100vw, 150px\" \/><\/a>\n\t\t\t<\/div><\/figure><figure class='gallery-item'>\n\t\t\t<div class='gallery-icon portrait'>\n\t\t\t\t<a href='https:\/\/bisbalpenedes.com\/web\/2018\/07\/27\/diversos-motoristes-estan-fent-malbe-els-camins-del-parc-desbarjo-del-priorat-de-la-bisbal\/photo-2018-07-26-12-41-42\/'><img width=\"150\" height=\"150\" src=\"https:\/\/bisbalpenedes.com\/web\/wp-content\/uploads\/2018\/07\/PHOTO-2018-07-26-12-41-42-150x150.jpg\" class=\"attachment-thumbnail size-thumbnail\" alt=\"\" loading=\"lazy\" srcset=\"https:\/\/bisbalpenedes.com\/web\/wp-content\/uploads\/2018\/07\/PHOTO-2018-07-26-12-41-42-150x150.jpg 150w, https:\/\/bisbalpenedes.com\/web\/wp-content\/uploads\/2018\/07\/PHOTO-2018-07-26-12-41-42-300x300.jpg 300w, https:\/\/bisbalpenedes.com\/web\/wp-content\/uploads\/2018\/07\/PHOTO-2018-07-26-12-41-42-100x100.jpg 100w\" sizes=\"(max-width: 150px) 100vw, 150px\" \/><\/a>\n\t\t\t<\/div><\/figure><figure class='gallery-item'>\n\t\t\t<div class='gallery-icon landscape'>\n\t\t\t\t<a href='https:\/\/bisbalpenedes.com\/web\/2018\/07\/27\/diversos-motoristes-estan-fent-malbe-els-camins-del-parc-desbarjo-del-priorat-de-la-bisbal\/photo-2018-07-26-12-41-45-1\/'><img width=\"150\" height=\"150\" src=\"https:\/\/bisbalpenedes.com\/web\/wp-content\/uploads\/2018\/07\/PHOTO-2018-07-26-12-41-45-1-150x150.jpg\" class=\"attachment-thumbnail size-thumbnail\" alt=\"\" loading=\"lazy\" srcset=\"https:\/\/bisbalpenedes.com\/web\/wp-content\/uploads\/2018\/07\/PHOTO-2018-07-26-12-41-45-1-150x150.jpg 150w, https:\/\/bisbalpenedes.com\/web\/wp-content\/uploads\/2018\/07\/PHOTO-2018-07-26-12-41-45-1-300x300.jpg 300w, https:\/\/bisbalpenedes.com\/web\/wp-content\/uploads\/2018\/07\/PHOTO-2018-07-26-12-41-45-1-100x100.jpg 100w\" sizes=\"(max-width: 150px) 100vw, 150px\" \/><\/a>\n\t\t\t<\/div><\/figure><figure class='gallery-item'>\n\t\t\t<div class='gallery-icon portrait'>\n\t\t\t\t<a href='https:\/\/bisbalpenedes.com\/web\/2018\/07\/27\/diversos-motoristes-estan-fent-malbe-els-camins-del-parc-desbarjo-del-priorat-de-la-bisbal\/photo-2018-07-26-12-41-46-1\/'><img width=\"150\" height=\"150\" src=\"https:\/\/bisbalpenedes.com\/web\/wp-content\/uploads\/2018\/07\/PHOTO-2018-07-26-12-41-46-1-150x150.jpg\" class=\"attachment-thumbnail size-thumbnail\" alt=\"\" loading=\"lazy\" srcset=\"https:\/\/bisbalpenedes.com\/web\/wp-content\/uploads\/2018\/07\/PHOTO-2018-07-26-12-41-46-1-150x150.jpg 150w, https:\/\/bisbalpenedes.com\/web\/wp-content\/uploads\/2018\/07\/PHOTO-2018-07-26-12-41-46-1-300x300.jpg 300w, https:\/\/bisbalpenedes.com\/web\/wp-content\/uploads\/2018\/07\/PHOTO-2018-07-26-12-41-46-1-100x100.jpg 100w\" sizes=\"(max-width: 150px) 100vw, 150px\" \/><\/a>\n\t\t\t<\/div><\/figure>\n\t\t<\/div>\n\n<p style=\"text-align: justify;\"><span style=\"color: #000000;\">Les Regidories de Medi Ambient i Territori est\u00e0 construint un parc d\u2019esbarjo al Priorat de la Bisbal. Darrerament diverses persones han emprat els camins del parc com a circuit de moto i han estat fent malb\u00e9 el patrimoni p\u00fablic en el qual l\u2019Ajuntament est\u00e0 treballant amb la finalitat que pugui ser un lloc perqu\u00e8 els bisbalencs i les bisbalenques puguin descansar, passejar o practicar activitat f\u00edsica.<\/span><\/p>\n<p style=\"text-align: justify;\"><span style=\"color: #000000;\">L\u2019Ajuntament va col\u00b7locar diversos cartells indicant la prohibici\u00f3 de circular en moto per\u00f2, tot i aix\u00f2, aquestes persones no nom\u00e9s hi han seguit circulant sin\u00f3 que han arrencat els cartells.<\/span><\/p>\n<p style=\"text-align: justify;\"><span style=\"color: #000000;\">L\u2019Ajuntament podria denunciar els autors dels fets i reclamar-los l\u2019import dels danys i els desperfectes per haver fet malb\u00e9 el patrimoni p\u00fablic; per haver circulat amb vehicles a motor, de forma reiterada, per una via que no est\u00e0 destinada a aquest \u00fas i que compta amb senyalitzaci\u00f3 que prohibeix de forma expressa la circulaci\u00f3 de motos; i per haver arrencat l\u2019esmentada senyalitzaci\u00f3. Des de l\u2019Ajuntament us preguem que, si heu vist o veieu les persones que estan fent malb\u00e9 el patrimoni p\u00fablic, feu arribar la informaci\u00f3 a l\u2019Ajuntament a fi i efecte que puguem procedir a denunciar els fets davant les autoritats pertinents.<\/span><\/p>\n<hr \/>\n<p style=\"text-align: justify;\"><span style=\"color: #000000;\"><strong>CASTELLANO<\/strong> | Las Regidories de Medi Ambient y Territori est\u00e1n construyendo un parque de recreo en el Priorato de la Bisbal. \u00daltimamente varias personas han utilizado los caminos del parque como circuito de moto y han estado estropeando el patrimonio p\u00fablico en el cual el Ayuntamiento est\u00e1 trabajando con la finalidad que pueda ser un sitio para que los bisbalencs i las bisbalenques puedan descansar, pasear o practicar actividad f\u00edsica.<\/span><\/p>\n<p style=\"text-align: justify;\"><span style=\"color: #000000;\">El Ayuntamiento coloc\u00f3 varios carteles indicando la prohibici\u00f3n de circular en moto pero, aun as\u00ed, estas personas no solo han seguido circulando sinO que han arrancado los carteles.<\/span><\/p>\n<p style=\"text-align: justify;\"><span style=\"color: #000000;\">El Ayuntamiento podr\u00eda denunciar a los autores de los hechos y reclamarles el importe de los da\u00f1os y desperfectos por haber estropeado el patrimonio p\u00fablico; por haber circulado con veh\u00edculos a motor, de forma reiterada, por una v\u00eda que no est\u00e1 destinada a este uso y que cuenta con se\u00f1alizaci\u00f3n que proh\u00edbe de forma expresa la circulaci\u00f3n de motos; y por haber arrancado dicha se\u00f1alizaci\u00f3n. Desde el Ayuntamiento os rogamos que, si hab\u00e9is visto o veis las personas que est\u00e1n estropeando el patrimonio p\u00fablico, hag\u00e1is llegar la informaci\u00f3n al Ayuntamiento a fin y efecto que podamos proceder a denunciar los hechos en las autoridades pertinentes.<\/span><\/p>\n","protected":false},"excerpt":{"rendered":"<p>Les Regidories de Medi Ambient i Territori est\u00e0 construint un parc d\u2019esbarjo al Priorat de la Bisbal. Darrerament diverses persones han emprat els camins del parc com a circuit de &hellip; <a href=\"https:\/\/bisbalpenedes.com\/web\/2018\/07\/27\/diversos-motoristes-estan-fent-malbe-els-camins-del-parc-desbarjo-del-priorat-de-la-bisbal\/\" class=\"more-link\">Read More<\/a><\/p>\n","protected":false},"author":4,"featured_media":6588,"comment_status":"closed","ping_status":"closed","sticky":false,"template":"","format":"standard","meta":[],"categories":[32],"tags":[961,2150,853,1610,2148,2147,2149],"_links":{"self":[{"href":"https:\/\/bisbalpenedes.com\/web\/wp-json\/wp\/v2\/posts\/6583"}],"collection":[{"href":"https:\/\/bisbalpenedes.com\/web\/wp-json\/wp\/v2\/posts"}],"about":[{"href":"https:\/\/bisbalpenedes.com\/web\/wp-json\/wp\/v2\/types\/post"}],"author":[{"embeddable":true,"href":"https:\/\/bisbalpenedes.com\/web\/wp-json\/wp\/v2\/users\/4"}],"replies":[{"embeddable":true,"href":"https:\/\/bisbalpenedes.com\/web\/wp-json\/wp\/v2\/comments?post=6583"}],"version-history":[{"count":1,"href":"https:\/\/bisbalpenedes.com\/web\/wp-json\/wp\/v2\/posts\/6583\/revisions"}],"predecessor-version":[{"id":6590,"href":"https:\/\/bisbalpenedes.com\/web\/wp-json\/wp\/v2\/posts\/6583\/revisions\/6590"}],"wp:featuredmedia":[{"embeddable":true,"href":"https:\/\/bisbalpenedes.com\/web\/wp-json\/wp\/v2\/media\/6588"}],"wp:attachment":[{"href":"https:\/\/bisbalpenedes.com\/web\/wp-json\/wp\/v2\/media?parent=6583"}],"wp:term":[{"taxonomy":"category","embeddable":true,"href":"https:\/\/bisbalpenedes.com\/web\/wp-json\/wp\/v2\/categories?post=6583"},{"taxonomy":"post_tag","embeddable":true,"href":"https:\/\/bisbalpenedes.com\/web\/wp-json\/wp\/v2\/tags?post=6583"}],"curies":[{"name":"wp","href":"https:\/\/api.w.org\/{rel}","templated":true}]}}