{"id":6572,"date":"2018-07-27T12:33:34","date_gmt":"2018-07-27T11:33:34","guid":{"rendered":"http:\/\/bisbalpenedes.com\/web\/?p=6572"},"modified":"2018-07-27T12:36:44","modified_gmt":"2018-07-27T11:36:44","slug":"el-conseller-de-politiques-digitals-i-administracio-ha-visitat-idiada-aquest-dijous-26-de-juliol","status":"publish","type":"post","link":"https:\/\/bisbalpenedes.com\/web\/2018\/07\/27\/el-conseller-de-politiques-digitals-i-administracio-ha-visitat-idiada-aquest-dijous-26-de-juliol\/","title":{"rendered":"El Conseller de Pol\u00edtiques Digitals i Administraci\u00f3 ha visitat Idiada acompanyat pels alcaldes de la Mancomunitat de l&#8217;Albornar"},"content":{"rendered":"<p style=\"text-align: justify;\"><a href=\"http:\/\/bisbalpenedes.com\/web\/wp-content\/uploads\/2018\/07\/IMG_4279_1920x1280.jpg\"><img loading=\"lazy\" class=\"aligncenter size-large wp-image-6575\" src=\"http:\/\/bisbalpenedes.com\/web\/wp-content\/uploads\/2018\/07\/IMG_4279_1920x1280-1024x683.jpg\" alt=\"VISITA IDIADA CONSELLER I ALCALDES\" width=\"630\" height=\"420\" srcset=\"https:\/\/bisbalpenedes.com\/web\/wp-content\/uploads\/2018\/07\/IMG_4279_1920x1280-1024x683.jpg 1024w, https:\/\/bisbalpenedes.com\/web\/wp-content\/uploads\/2018\/07\/IMG_4279_1920x1280-600x400.jpg 600w, https:\/\/bisbalpenedes.com\/web\/wp-content\/uploads\/2018\/07\/IMG_4279_1920x1280-300x200.jpg 300w, https:\/\/bisbalpenedes.com\/web\/wp-content\/uploads\/2018\/07\/IMG_4279_1920x1280-768x512.jpg 768w, https:\/\/bisbalpenedes.com\/web\/wp-content\/uploads\/2018\/07\/IMG_4279_1920x1280.jpg 1920w\" sizes=\"(max-width: 630px) 100vw, 630px\" \/><\/a><\/p>\n<p style=\"text-align: justify;\"><span style=\"color: #000000;\">L&#8217;alcaldessa de la Bisbal, Agn\u00e8s Ferr\u00e9, ha visitat Idiada aquest dijous 26 de juliol, convidada pel Conseller de Pol\u00edtiques Digitals i Administraci\u00f3 P\u00fablica de la Generalitat de Catalunya, Jordi Puigner\u00f3.\u00a0<\/span><\/p>\n<p style=\"text-align: justify;\"><span style=\"color: #000000;\">El Conseller\u00a0ha convidat els quatre alcaldes de la Mancomunitat de l&#8217;Albornar (Albinyana, Banyeres, Santa Oliva i la Bisbal del Pened\u00e8s) a participar en aquesta visita a Idiada en la que el\u00a0Director General d&#8217;Idiada, Carles Grasas, ha fet\u00a0una\u00a0presentaci\u00f3 de l&#8217;empresa, s&#8217;ha visitat la torre de control i s&#8217;ha pogut veure una demostraci\u00f3 pr\u00e0ctica de capacitats al volant d&#8217;un vehicle aut\u00f2nom i connectat.<\/span><\/p>\n<p style=\"text-align: justify;\"><span style=\"color: #000000;\">Aix\u00ed, la trobada ha comptat amb la pres\u00e8ncia del Conseller Jordi Puigner\u00f3; el delegat del Govern al Pened\u00e8s, Pere Regull; l&#8217;alcalde de Banyeres, Amadeu Benach; l&#8217;alcalde de Santa Oliva, Josep Carreras; l&#8217;alcalde d&#8217;Albinyana, Quim Nin; l&#8217;alcaldessa de la Bisbal del Pened\u00e8s, Agn\u00e8s Ferr\u00e9; i, per part d&#8217;Idiada, Carles Grasas, Director General.<\/span><\/p>\n<p style=\"text-align: justify;\"><a href=\"http:\/\/bisbalpenedes.com\/web\/wp-content\/uploads\/2018\/07\/IMG_4326_1920x1280.jpg\"><img loading=\"lazy\" class=\"aligncenter size-large wp-image-6576\" src=\"http:\/\/bisbalpenedes.com\/web\/wp-content\/uploads\/2018\/07\/IMG_4326_1920x1280-1024x683.jpg\" alt=\"REUNIO ALCALDES IDIADA\" width=\"630\" height=\"420\" srcset=\"https:\/\/bisbalpenedes.com\/web\/wp-content\/uploads\/2018\/07\/IMG_4326_1920x1280-1024x683.jpg 1024w, https:\/\/bisbalpenedes.com\/web\/wp-content\/uploads\/2018\/07\/IMG_4326_1920x1280-600x400.jpg 600w, https:\/\/bisbalpenedes.com\/web\/wp-content\/uploads\/2018\/07\/IMG_4326_1920x1280-300x200.jpg 300w, https:\/\/bisbalpenedes.com\/web\/wp-content\/uploads\/2018\/07\/IMG_4326_1920x1280-768x512.jpg 768w, https:\/\/bisbalpenedes.com\/web\/wp-content\/uploads\/2018\/07\/IMG_4326_1920x1280.jpg 1920w\" sizes=\"(max-width: 630px) 100vw, 630px\" \/><\/a><\/p>\n<hr \/>\n<p style=\"text-align: justify;\"><a href=\"http:\/\/bisbalpenedes.com\/web\/wp-content\/uploads\/2018\/07\/IMG_4279_1920x1280.jpg\"><img loading=\"lazy\" class=\"aligncenter size-large wp-image-6575\" src=\"http:\/\/bisbalpenedes.com\/web\/wp-content\/uploads\/2018\/07\/IMG_4279_1920x1280-1024x683.jpg\" alt=\"VISITA IDIADA CONSELLER I ALCALDES\" width=\"630\" height=\"420\" srcset=\"https:\/\/bisbalpenedes.com\/web\/wp-content\/uploads\/2018\/07\/IMG_4279_1920x1280-1024x683.jpg 1024w, https:\/\/bisbalpenedes.com\/web\/wp-content\/uploads\/2018\/07\/IMG_4279_1920x1280-600x400.jpg 600w, https:\/\/bisbalpenedes.com\/web\/wp-content\/uploads\/2018\/07\/IMG_4279_1920x1280-300x200.jpg 300w, https:\/\/bisbalpenedes.com\/web\/wp-content\/uploads\/2018\/07\/IMG_4279_1920x1280-768x512.jpg 768w, https:\/\/bisbalpenedes.com\/web\/wp-content\/uploads\/2018\/07\/IMG_4279_1920x1280.jpg 1920w\" sizes=\"(max-width: 630px) 100vw, 630px\" \/><\/a><\/p>\n<p style=\"text-align: justify;\"><span style=\"color: #000000;\"><strong>CASTELLANO |<\/strong> La alcaldesa de la Bisbal, Agn\u00e8s Ferr\u00e9, ha visitado Idiada este jueves 26 de julio, invitada por el Conseller de Pol\u00edtiques Digitals i Administraci\u00f3 P\u00fablica de la Generalitat de Catalunya, Jordi Puigner\u00f3.<\/span><\/p>\n<p style=\"text-align: justify;\"><span style=\"color: #000000;\">El Conseller ha invitado a los cuatro alcaldes de la Mancomunitat de l&#8217;Albornar (Albinyana, Banyeres, Santa Oliva y la Bisbal del Pened\u00e8s) a participar en esta visita a Idiada en la que el Director General de Idiada, Carles Grasas, ha hecho una presentaci\u00f3n de la empresa, se ha visitado la torre de control y se ha podido ver una demostraci\u00f3n pr\u00e1ctica de capacidades al volante de un veh\u00edculo aut\u00f3nomo y conectado.<\/span><\/p>\n<p style=\"text-align: justify;\"><span style=\"color: #000000;\">As\u00ed, el encuentro ha contado con la presencia del Conseller Jordi Puigner\u00f3; el delegado del Govern en el Pened\u00e8s, Pere Regull; el alcalde de Banyeres, Amadeu Benach, el alcalde de Santa Oliva, Josep Carreras, el alcalde de Albinyana, Quim Nin; la alcaldesa de la Bisbal del Pened\u00e8s, Agn\u00e8s Ferr\u00e9; y, por parte de Idiada, Carles Grasas, Director General.<\/span><\/p>\n<p style=\"text-align: justify;\"><a href=\"http:\/\/bisbalpenedes.com\/web\/wp-content\/uploads\/2018\/07\/IMG_4326_1920x1280.jpg\"><img loading=\"lazy\" class=\"aligncenter size-large wp-image-6576\" src=\"http:\/\/bisbalpenedes.com\/web\/wp-content\/uploads\/2018\/07\/IMG_4326_1920x1280-1024x683.jpg\" alt=\"REUNIO ALCALDES IDIADA\" width=\"630\" height=\"420\" srcset=\"https:\/\/bisbalpenedes.com\/web\/wp-content\/uploads\/2018\/07\/IMG_4326_1920x1280-1024x683.jpg 1024w, https:\/\/bisbalpenedes.com\/web\/wp-content\/uploads\/2018\/07\/IMG_4326_1920x1280-600x400.jpg 600w, https:\/\/bisbalpenedes.com\/web\/wp-content\/uploads\/2018\/07\/IMG_4326_1920x1280-300x200.jpg 300w, https:\/\/bisbalpenedes.com\/web\/wp-content\/uploads\/2018\/07\/IMG_4326_1920x1280-768x512.jpg 768w, https:\/\/bisbalpenedes.com\/web\/wp-content\/uploads\/2018\/07\/IMG_4326_1920x1280.jpg 1920w\" sizes=\"(max-width: 630px) 100vw, 630px\" \/><\/a><\/p>\n","protected":false},"excerpt":{"rendered":"<p>L&#8217;alcaldessa de la Bisbal, Agn\u00e8s Ferr\u00e9, ha visitat Idiada aquest dijous 26 de juliol, convidada pel Conseller de Pol\u00edtiques Digitals i Administraci\u00f3 P\u00fablica de la Generalitat de Catalunya, Jordi Puigner\u00f3.\u00a0 &hellip; <a href=\"https:\/\/bisbalpenedes.com\/web\/2018\/07\/27\/el-conseller-de-politiques-digitals-i-administracio-ha-visitat-idiada-aquest-dijous-26-de-juliol\/\" class=\"more-link\">Read More<\/a><\/p>\n","protected":false},"author":4,"featured_media":6575,"comment_status":"closed","ping_status":"closed","sticky":false,"template":"","format":"standard","meta":[],"categories":[2057],"tags":[2137,1151,1840,2141,2143,2144,2135,2146,326,1936,2138,2140,393,1374,2145,2136,2139,2142],"_links":{"self":[{"href":"https:\/\/bisbalpenedes.com\/web\/wp-json\/wp\/v2\/posts\/6572"}],"collection":[{"href":"https:\/\/bisbalpenedes.com\/web\/wp-json\/wp\/v2\/posts"}],"about":[{"href":"https:\/\/bisbalpenedes.com\/web\/wp-json\/wp\/v2\/types\/post"}],"author":[{"embeddable":true,"href":"https:\/\/bisbalpenedes.com\/web\/wp-json\/wp\/v2\/users\/4"}],"replies":[{"embeddable":true,"href":"https:\/\/bisbalpenedes.com\/web\/wp-json\/wp\/v2\/comments?post=6572"}],"version-history":[{"count":8,"href":"https:\/\/bisbalpenedes.com\/web\/wp-json\/wp\/v2\/posts\/6572\/revisions"}],"predecessor-version":[{"id":6582,"href":"https:\/\/bisbalpenedes.com\/web\/wp-json\/wp\/v2\/posts\/6572\/revisions\/6582"}],"wp:featuredmedia":[{"embeddable":true,"href":"https:\/\/bisbalpenedes.com\/web\/wp-json\/wp\/v2\/media\/6575"}],"wp:attachment":[{"href":"https:\/\/bisbalpenedes.com\/web\/wp-json\/wp\/v2\/media?parent=6572"}],"wp:term":[{"taxonomy":"category","embeddable":true,"href":"https:\/\/bisbalpenedes.com\/web\/wp-json\/wp\/v2\/categories?post=6572"},{"taxonomy":"post_tag","embeddable":true,"href":"https:\/\/bisbalpenedes.com\/web\/wp-json\/wp\/v2\/tags?post=6572"}],"curies":[{"name":"wp","href":"https:\/\/api.w.org\/{rel}","templated":true}]}}