{"id":6568,"date":"2018-07-26T09:21:46","date_gmt":"2018-07-26T08:21:46","guid":{"rendered":"http:\/\/bisbalpenedes.com\/web\/?p=6568"},"modified":"2018-07-26T09:21:46","modified_gmt":"2018-07-26T08:21:46","slug":"lajuntament-de-la-bisbal-col-labora-en-la-1a-volta-al-baix-penedes-runnbikes-rcb","status":"publish","type":"post","link":"https:\/\/bisbalpenedes.com\/web\/2018\/07\/26\/lajuntament-de-la-bisbal-col-labora-en-la-1a-volta-al-baix-penedes-runnbikes-rcb\/","title":{"rendered":"L&#8217;Ajuntament de la Bisbal col.labora en la 1\u00aa Volta al Baix Pened\u00e8s Runnbikes RCB"},"content":{"rendered":"<p><a href=\"http:\/\/bisbalpenedes.com\/web\/wp-content\/uploads\/2018\/07\/volta_ciclista_18_d.jpg\"><img loading=\"lazy\" class=\"aligncenter size-large wp-image-6570\" src=\"http:\/\/bisbalpenedes.com\/web\/wp-content\/uploads\/2018\/07\/volta_ciclista_18_d-696x1024.jpg\" alt=\"volta_ciclista_18_d\" width=\"630\" height=\"927\" srcset=\"https:\/\/bisbalpenedes.com\/web\/wp-content\/uploads\/2018\/07\/volta_ciclista_18_d-696x1024.jpg 696w, https:\/\/bisbalpenedes.com\/web\/wp-content\/uploads\/2018\/07\/volta_ciclista_18_d-600x882.jpg 600w, https:\/\/bisbalpenedes.com\/web\/wp-content\/uploads\/2018\/07\/volta_ciclista_18_d-204x300.jpg 204w, https:\/\/bisbalpenedes.com\/web\/wp-content\/uploads\/2018\/07\/volta_ciclista_18_d-768x1130.jpg 768w, https:\/\/bisbalpenedes.com\/web\/wp-content\/uploads\/2018\/07\/volta_ciclista_18_d-scaled.jpg 1741w\" sizes=\"(max-width: 630px) 100vw, 630px\" \/><\/a><\/p>\n<p><span style=\"color: #000000;\">Els dies 4 i 5 d&#8217;agost tindr\u00e0 lloc la 1\u00aa Volta al Baix Pened\u00e8s Runnbikes RCB. La primera etapa es far\u00e0 el dia 4 d&#8217;agost amb sortida i arribada a Maslloren\u00e7 i la segona etapa\u00a0es far\u00e0 el dia 5 d&#8217;agost amb sortida i arribada ser\u00e0 a la Bisbal del Pened\u00e8s. Per a m\u00e9s informaci\u00f3 i inscripcions us heu d&#8217;adre\u00e7ar al correu electr\u00f2nic runnbikes.team@gmail.com<\/span><\/p>\n<hr \/>\n<p><span style=\"color: #000000;\"><strong>CASTELLANO<\/strong> | Los d\u00edas 4 y 5 de agosto tendr\u00e1 lugar la 1\u00aa Volta al Baix Pened\u00e8s Runnbikes RCB. La segunda etapa se har\u00e1 el 4 de agosto con salida y llegada en Maslloren\u00e7 y la segunda etapa se har\u00e1 el d\u00eda 5 de agosto con salida y llegada en la Bisbal del Pened\u00e8s. Para m\u00e1s informaci\u00f3n e inscripciones os pod\u00e9is dirigir al correo electr\u00f3nico runnbikes.team@gmail.com<\/span><\/p>\n","protected":false},"excerpt":{"rendered":"<p>Els dies 4 i 5 d&#8217;agost tindr\u00e0 lloc la 1\u00aa Volta al Baix Pened\u00e8s Runnbikes RCB. La primera etapa es far\u00e0 el dia 4 d&#8217;agost amb sortida i arribada a &hellip; <a href=\"https:\/\/bisbalpenedes.com\/web\/2018\/07\/26\/lajuntament-de-la-bisbal-col-labora-en-la-1a-volta-al-baix-penedes-runnbikes-rcb\/\" class=\"more-link\">Read More<\/a><\/p>\n","protected":false},"author":4,"featured_media":6570,"comment_status":"closed","ping_status":"closed","sticky":false,"template":"","format":"standard","meta":[],"categories":[19],"tags":[459,393,2134,2133,2132],"_links":{"self":[{"href":"https:\/\/bisbalpenedes.com\/web\/wp-json\/wp\/v2\/posts\/6568"}],"collection":[{"href":"https:\/\/bisbalpenedes.com\/web\/wp-json\/wp\/v2\/posts"}],"about":[{"href":"https:\/\/bisbalpenedes.com\/web\/wp-json\/wp\/v2\/types\/post"}],"author":[{"embeddable":true,"href":"https:\/\/bisbalpenedes.com\/web\/wp-json\/wp\/v2\/users\/4"}],"replies":[{"embeddable":true,"href":"https:\/\/bisbalpenedes.com\/web\/wp-json\/wp\/v2\/comments?post=6568"}],"version-history":[{"count":1,"href":"https:\/\/bisbalpenedes.com\/web\/wp-json\/wp\/v2\/posts\/6568\/revisions"}],"predecessor-version":[{"id":6571,"href":"https:\/\/bisbalpenedes.com\/web\/wp-json\/wp\/v2\/posts\/6568\/revisions\/6571"}],"wp:featuredmedia":[{"embeddable":true,"href":"https:\/\/bisbalpenedes.com\/web\/wp-json\/wp\/v2\/media\/6570"}],"wp:attachment":[{"href":"https:\/\/bisbalpenedes.com\/web\/wp-json\/wp\/v2\/media?parent=6568"}],"wp:term":[{"taxonomy":"category","embeddable":true,"href":"https:\/\/bisbalpenedes.com\/web\/wp-json\/wp\/v2\/categories?post=6568"},{"taxonomy":"post_tag","embeddable":true,"href":"https:\/\/bisbalpenedes.com\/web\/wp-json\/wp\/v2\/tags?post=6568"}],"curies":[{"name":"wp","href":"https:\/\/api.w.org\/{rel}","templated":true}]}}