{"id":6558,"date":"2018-07-25T10:05:53","date_gmt":"2018-07-25T09:05:53","guid":{"rendered":"http:\/\/bisbalpenedes.com\/web\/?p=6558"},"modified":"2018-07-25T10:15:13","modified_gmt":"2018-07-25T09:15:13","slug":"manuel-gonzalez-cabrero-ha-pres-possessio-del-carrec-de-regidor-derc-am","status":"publish","type":"post","link":"https:\/\/bisbalpenedes.com\/web\/2018\/07\/25\/manuel-gonzalez-cabrero-ha-pres-possessio-del-carrec-de-regidor-derc-am\/","title":{"rendered":"Manuel Gonz\u00e1lez Cabrero ha pres possessi\u00f3 del c\u00e0rrec de regidor d&#8217;ERC-AM"},"content":{"rendered":"<p style=\"text-align: justify;\"><a href=\"http:\/\/bisbalpenedes.com\/web\/wp-content\/uploads\/2018\/07\/PLE-EXTRAORDINARI-25-JULIOL-2018.jpg\"><img loading=\"lazy\" class=\"aligncenter size-medium wp-image-6562\" src=\"http:\/\/bisbalpenedes.com\/web\/wp-content\/uploads\/2018\/07\/PLE-EXTRAORDINARI-25-JULIOL-2018-300x200.jpg\" alt=\"PLE EXTRAORDINARI 25 JULIOL 2018\" width=\"300\" height=\"200\" srcset=\"https:\/\/bisbalpenedes.com\/web\/wp-content\/uploads\/2018\/07\/PLE-EXTRAORDINARI-25-JULIOL-2018-300x200.jpg 300w, https:\/\/bisbalpenedes.com\/web\/wp-content\/uploads\/2018\/07\/PLE-EXTRAORDINARI-25-JULIOL-2018-600x400.jpg 600w, https:\/\/bisbalpenedes.com\/web\/wp-content\/uploads\/2018\/07\/PLE-EXTRAORDINARI-25-JULIOL-2018-768x512.jpg 768w, https:\/\/bisbalpenedes.com\/web\/wp-content\/uploads\/2018\/07\/PLE-EXTRAORDINARI-25-JULIOL-2018-1024x683.jpg 1024w\" sizes=\"(max-width: 300px) 100vw, 300px\" \/><\/a><\/p>\n<p style=\"text-align: justify;\"><span style=\"color: #000000;\">Avui dimecres, a les 9h, Manuel Gonz\u00e1lez Cabrero ha pres possessi\u00f3 del c\u00e0rrec de regidor d\u2019ERC-AM en un Ple Extraordinari que ha tingut lloc a l\u2019Ajuntament de la Bisbal del Pened\u00e8s.<\/span><\/p>\n<p style=\"text-align: justify;\"><a href=\"http:\/\/bisbalpenedes.com\/web\/wp-content\/uploads\/2018\/07\/MANUEL-GONZALEZ-REGIDOR-ERC-AM.jpg\"><img loading=\"lazy\" class=\"aligncenter size-medium wp-image-6559\" src=\"http:\/\/bisbalpenedes.com\/web\/wp-content\/uploads\/2018\/07\/MANUEL-GONZALEZ-REGIDOR-ERC-AM-300x200.jpg\" alt=\"MANUEL GONZALEZ REGIDOR ERC-AM\" width=\"300\" height=\"200\" srcset=\"https:\/\/bisbalpenedes.com\/web\/wp-content\/uploads\/2018\/07\/MANUEL-GONZALEZ-REGIDOR-ERC-AM-300x200.jpg 300w, https:\/\/bisbalpenedes.com\/web\/wp-content\/uploads\/2018\/07\/MANUEL-GONZALEZ-REGIDOR-ERC-AM-600x400.jpg 600w, https:\/\/bisbalpenedes.com\/web\/wp-content\/uploads\/2018\/07\/MANUEL-GONZALEZ-REGIDOR-ERC-AM-768x512.jpg 768w, https:\/\/bisbalpenedes.com\/web\/wp-content\/uploads\/2018\/07\/MANUEL-GONZALEZ-REGIDOR-ERC-AM-1024x683.jpg 1024w\" sizes=\"(max-width: 300px) 100vw, 300px\" \/><\/a><\/p>\n<p style=\"text-align: justify;\"><span style=\"color: #000000;\">Al grup municipal d\u2019ERC-AM li corresponen cinc regidors a l\u2019Ajuntament de la Bisbal del Pened\u00e8s des de les passades eleccions del 24 de maig de 2015. Fins ara ocupaven el seu c\u00e0rrec de regidors: Joaquin Rivas Piqueras, M\u00f3nica P\u00e9rez Garrido, Pilar Verd\u00fan Vives i Juana Reina Torres.<\/span><\/p>\n<p style=\"text-align: justify;\"><span style=\"color: #000000;\">Es d\u00f3na el cas que, de les quinze persones que formaven part de la llista del grup municipal d\u2019ERC-AM a les passades eleccions, deu han renunciat a ser regidores i una, Margarita Barber\u00e0, va morir de forma sobtada al maig de 2018. Per tot plegat, amb els candidats de la llista nom\u00e9s es podien ocupar els escons de quatre dels cinc regidors que li corresponen a ERC-AM, que s\u00f3n els que exercien fins avui, i el regidor que ha pres possessi\u00f3 del c\u00e0rrec, Manuel Gonz\u00e1lez, no formava part dels candidats de la llista per\u00f2, segons <a style=\"color: #000000;\" href=\"https:\/\/www.boe.es\/buscar\/act.php?id=BOE-A-1985-11672\">l\u2019article 182 de la LOREG (Llei Org\u00e0nica 5\/1985, de 19 de juny, de R\u00e8gim Electoral General)<\/a>, \u201cen el cas que (&#8230;) no quedessin possibles candidats o suplents a nomenar, les vacants seran cobertes per qualsevol ciutad\u00e0 major d\u2019edat que no estigui afectat per un motiu d\u2019inelegibilitat\u201d.<\/span><\/p>\n<hr \/>\n<p style=\"text-align: justify;\"><a href=\"http:\/\/bisbalpenedes.com\/web\/wp-content\/uploads\/2018\/07\/PLE-EXTRAORDINARI-25-JULIOL-2018.jpg\"><img loading=\"lazy\" class=\"aligncenter size-medium wp-image-6562\" src=\"http:\/\/bisbalpenedes.com\/web\/wp-content\/uploads\/2018\/07\/PLE-EXTRAORDINARI-25-JULIOL-2018-300x200.jpg\" alt=\"PLE EXTRAORDINARI 25 JULIOL 2018\" width=\"300\" height=\"200\" srcset=\"https:\/\/bisbalpenedes.com\/web\/wp-content\/uploads\/2018\/07\/PLE-EXTRAORDINARI-25-JULIOL-2018-300x200.jpg 300w, https:\/\/bisbalpenedes.com\/web\/wp-content\/uploads\/2018\/07\/PLE-EXTRAORDINARI-25-JULIOL-2018-600x400.jpg 600w, https:\/\/bisbalpenedes.com\/web\/wp-content\/uploads\/2018\/07\/PLE-EXTRAORDINARI-25-JULIOL-2018-768x512.jpg 768w, https:\/\/bisbalpenedes.com\/web\/wp-content\/uploads\/2018\/07\/PLE-EXTRAORDINARI-25-JULIOL-2018-1024x683.jpg 1024w\" sizes=\"(max-width: 300px) 100vw, 300px\" \/><\/a><\/p>\n<p style=\"text-align: justify;\"><span style=\"color: #000000;\"><strong>CASTELLANO<\/strong> | Hoy mi\u00e9rcoles, a las 9h, Manuel Gonz\u00e1lez Cabrero ha tomado posesi\u00f3n del cargo de concejal de ERC-AM en un Pleno Extraordinario que ha tenido lugar en el Ayuntamiento de la Bisbal del Pened\u00e8s.<\/span><\/p>\n<p style=\"text-align: justify;\"><a href=\"http:\/\/bisbalpenedes.com\/web\/wp-content\/uploads\/2018\/07\/MANUEL-GONZALEZ-REGIDOR-ERC-AM.jpg\"><img loading=\"lazy\" class=\"aligncenter size-medium wp-image-6559\" src=\"http:\/\/bisbalpenedes.com\/web\/wp-content\/uploads\/2018\/07\/MANUEL-GONZALEZ-REGIDOR-ERC-AM-300x200.jpg\" alt=\"MANUEL GONZALEZ REGIDOR ERC-AM\" width=\"300\" height=\"200\" srcset=\"https:\/\/bisbalpenedes.com\/web\/wp-content\/uploads\/2018\/07\/MANUEL-GONZALEZ-REGIDOR-ERC-AM-300x200.jpg 300w, https:\/\/bisbalpenedes.com\/web\/wp-content\/uploads\/2018\/07\/MANUEL-GONZALEZ-REGIDOR-ERC-AM-600x400.jpg 600w, https:\/\/bisbalpenedes.com\/web\/wp-content\/uploads\/2018\/07\/MANUEL-GONZALEZ-REGIDOR-ERC-AM-768x512.jpg 768w, https:\/\/bisbalpenedes.com\/web\/wp-content\/uploads\/2018\/07\/MANUEL-GONZALEZ-REGIDOR-ERC-AM-1024x683.jpg 1024w\" sizes=\"(max-width: 300px) 100vw, 300px\" \/><\/a><\/p>\n<p style=\"text-align: justify;\"><span style=\"color: #000000;\">Al grupo municipal de ERC-AM le corresponden cinco concejales en el Ayuntamiento de la Bisbal del Pened\u00e8s desde las pasadas elecciones del 24 de mayo del 2015. Hasta ahora ocupaban su cargo de concejales: Joaquin Rivas Piqueras, M\u00f3nica P\u00e9rez Garrido, Pilar Verd\u00fan Vives y Juana Reina Torres.<\/span><\/p>\n<p style=\"text-align: justify;\"><span style=\"color: #000000;\">Se da el caso que, de las quince personas que formaban parte de la lista del grupo municipal de ERC-AM en las pasadas elecciones, diez han renunciado a ocupar el cargo de concejal\/a y una, Margarita Barber\u00e0, muri\u00f3 de forma inesperada en mayo del 2018. Teniendo en cuenta la situaci\u00f3n, con los candidatos de la lista solo se pod\u00edan ocupar los esca\u00f1os de cuatro de lso cinco concejales que le correspond\u00edan a ERC-AM, que son los que ejerc\u00edan hasta hoy, y el concejal que ha tomado posesi\u00f3n del cargo, Manuel Gonz\u00e1lez, no formaba parte de los candidatos de la lista pero, seg\u00fan el <a style=\"color: #000000;\" href=\"https:\/\/www.boe.es\/buscar\/act.php?id=BOE-A-1985-11672\" target=\"_blank\">art\u00edculo 182 de la LOREG (Ley Org\u00e1nica 5\/1985, de 19 de junio, de R\u00e9gimen Electoral General)<\/a>, &#8220;en el caso que\u00a0 (&#8230;) no quedasen posibles candidatos o suplentes a nombrar, las vacantes ser\u00e1n cubiertas por cualquier ciudadano mayor de edad que no est\u00e9 incurso en causa de inelegibilidad&#8221;.<\/span><\/p>\n<p>&nbsp;<\/p>\n","protected":false},"excerpt":{"rendered":"<p>Avui dimecres, a les 9h, Manuel Gonz\u00e1lez Cabrero ha pres possessi\u00f3 del c\u00e0rrec de regidor d\u2019ERC-AM en un Ple Extraordinari que ha tingut lloc a l\u2019Ajuntament de la Bisbal del &hellip; <a href=\"https:\/\/bisbalpenedes.com\/web\/2018\/07\/25\/manuel-gonzalez-cabrero-ha-pres-possessio-del-carrec-de-regidor-derc-am\/\" class=\"more-link\">Read More<\/a><\/p>\n","protected":false},"author":4,"featured_media":6559,"comment_status":"closed","ping_status":"closed","sticky":false,"template":"","format":"standard","meta":[],"categories":[4],"tags":[945,2128,2129,969],"_links":{"self":[{"href":"https:\/\/bisbalpenedes.com\/web\/wp-json\/wp\/v2\/posts\/6558"}],"collection":[{"href":"https:\/\/bisbalpenedes.com\/web\/wp-json\/wp\/v2\/posts"}],"about":[{"href":"https:\/\/bisbalpenedes.com\/web\/wp-json\/wp\/v2\/types\/post"}],"author":[{"embeddable":true,"href":"https:\/\/bisbalpenedes.com\/web\/wp-json\/wp\/v2\/users\/4"}],"replies":[{"embeddable":true,"href":"https:\/\/bisbalpenedes.com\/web\/wp-json\/wp\/v2\/comments?post=6558"}],"version-history":[{"count":4,"href":"https:\/\/bisbalpenedes.com\/web\/wp-json\/wp\/v2\/posts\/6558\/revisions"}],"predecessor-version":[{"id":6564,"href":"https:\/\/bisbalpenedes.com\/web\/wp-json\/wp\/v2\/posts\/6558\/revisions\/6564"}],"wp:featuredmedia":[{"embeddable":true,"href":"https:\/\/bisbalpenedes.com\/web\/wp-json\/wp\/v2\/media\/6559"}],"wp:attachment":[{"href":"https:\/\/bisbalpenedes.com\/web\/wp-json\/wp\/v2\/media?parent=6558"}],"wp:term":[{"taxonomy":"category","embeddable":true,"href":"https:\/\/bisbalpenedes.com\/web\/wp-json\/wp\/v2\/categories?post=6558"},{"taxonomy":"post_tag","embeddable":true,"href":"https:\/\/bisbalpenedes.com\/web\/wp-json\/wp\/v2\/tags?post=6558"}],"curies":[{"name":"wp","href":"https:\/\/api.w.org\/{rel}","templated":true}]}}