{"id":6551,"date":"2018-07-24T16:10:48","date_gmt":"2018-07-24T15:10:48","guid":{"rendered":"http:\/\/bisbalpenedes.com\/web\/?p=6551"},"modified":"2018-07-24T16:23:52","modified_gmt":"2018-07-24T15:23:52","slug":"lajuntament-de-la-bisbal-ha-signat-un-conveni-de-collaboracio-amb-joventut-bisbalenca-cf","status":"publish","type":"post","link":"https:\/\/bisbalpenedes.com\/web\/2018\/07\/24\/lajuntament-de-la-bisbal-ha-signat-un-conveni-de-collaboracio-amb-joventut-bisbalenca-cf\/","title":{"rendered":"L\u2019Ajuntament de la Bisbal ha signat un conveni de col\u00b7laboraci\u00f3 amb la Joventut Bisbalenca CF"},"content":{"rendered":"<p style=\"text-align: justify;\"><a href=\"http:\/\/bisbalpenedes.com\/web\/wp-content\/uploads\/2018\/07\/FullSizeRender.jpg\"><img loading=\"lazy\" class=\"aligncenter size-medium wp-image-6554\" src=\"http:\/\/bisbalpenedes.com\/web\/wp-content\/uploads\/2018\/07\/FullSizeRender-300x230.jpg\" alt=\"JOVENTUT BISBALENCA CONVENI\" width=\"300\" height=\"230\" srcset=\"https:\/\/bisbalpenedes.com\/web\/wp-content\/uploads\/2018\/07\/FullSizeRender-300x230.jpg 300w, https:\/\/bisbalpenedes.com\/web\/wp-content\/uploads\/2018\/07\/FullSizeRender-600x460.jpg 600w, https:\/\/bisbalpenedes.com\/web\/wp-content\/uploads\/2018\/07\/FullSizeRender-768x589.jpg 768w, https:\/\/bisbalpenedes.com\/web\/wp-content\/uploads\/2018\/07\/FullSizeRender-1024x786.jpg 1024w, https:\/\/bisbalpenedes.com\/web\/wp-content\/uploads\/2018\/07\/FullSizeRender.jpg 1194w\" sizes=\"(max-width: 300px) 100vw, 300px\" \/><\/a><\/p>\n<p style=\"text-align: justify;\"><span style=\"color: #000000;\">L\u2019Ajuntament de la Bisbal del Pened\u00e8s va aprovar per Junta de Govern, el passat dijous 19 de juliol, un conveni de col\u00b7laboraci\u00f3 amb l\u2019entitat esportiva Joventut Bisbalenca CF per a la temporada 2018\/2019. L\u2019Acord, que s\u2019ha signat aquest dilluns 23 de juliol, t\u00e9 validesa de l\u20191 de juliol de 2018 al 30 de juny de 2019 i inclou una subvenci\u00f3 de 20.000\u20ac que l\u2019Ajuntament abonar\u00e0 en dos pagaments (un el 2018 i l\u2019altre el 2019) i la cessi\u00f3 de les instal\u00b7lacions esportives per al desenvolupament de les activitats del club (camp de gespa artificial i vestuaris).<\/span><\/p>\n<p style=\"text-align: justify;\"><span style=\"color: #000000;\">Amb la signatura del conveni, el club es compromet a realitzar les seg\u00fcents actuacions:<\/span><\/p>\n<p style=\"padding-left: 30px; text-align: justify;\"><span style=\"color: #000000;\">-Promoci\u00f3 de l\u2019esport en el municipi, fomentant la pr\u00e0ctica esportiva de car\u00e0cter formatiu i en competici\u00f3, en especial el futbol.<\/span><\/p>\n<p style=\"padding-left: 30px; text-align: justify;\"><span style=\"color: #000000;\">-Inscripci\u00f3 del club a la Federaci\u00f3 Catalana de Futbol en les categories i equips que es formin.<\/span><\/p>\n<p style=\"padding-left: 30px; text-align: justify;\"><span style=\"color: #000000;\">-Presentar la justificaci\u00f3 econ\u00f2mica corresponent al per\u00edode de compres de l\u20191 de juliol de 2018 al 30 de juny de 2019.<\/span><\/p>\n<p style=\"text-align: justify;\"><span style=\"color: #000000;\">La Regidoria d\u2019Esports persegueix l\u2019objectiu de potenciar l\u2019esport al municipi, fomentant les activitats esportives de car\u00e0cter formatiu i de competici\u00f3, especialment les del futbol bisbalenc que promou l\u2019entitat Joventut Bisbalenca CF, ja que es tracta d\u2019una entitat dedicada al foment i la pr\u00e0ctica habitual de l\u2019activitat esportiva sense \u00e0nim de lucre.<\/span><\/p>\n<hr \/>\n<p style=\"text-align: justify;\"><span style=\"color: #000000;\">CASTELLANO | El Ayuntamiento de la Bisbal del Pened\u00e8s aprob\u00f3 por Junta de Gobierno, el pasado jueves 19 de julio, un convenio de colaboraci\u00f3n con la entidad deportiva Joventut Bisbalenca CF para la temporada 2018\/2019. El acuerdo, que se ha firmado este lunes 23 de julio, tiene validez del 1 de julio del 2018 al 30 de junio del 2019 e incluye una subvenci\u00f3n de 20.000\u20ac que el Ayuntamiento abonar\u00e1 en dos pagos (uno en el 2018 y el otro en el 2019) y la cesi\u00f3n de las instalaciones deportivas para el desarrollo de las actividades del club (campo de c\u00e9sped artificial y vestuarios).<\/span><\/p>\n<p style=\"text-align: justify;\"><span style=\"color: #000000;\">Con la firma del convenio, el club se compromete a realizar las siguientes actuaciones:<\/span><\/p>\n<p style=\"padding-left: 30px; text-align: justify;\"><span style=\"color: #000000;\">-Promoci\u00f3n del deporte en el municipio, fomentando la pr\u00e1ctica deportiva con car\u00e1cter formativo y en competici\u00f3n, en especial el f\u00fatbol.<\/span><\/p>\n<p style=\"padding-left: 30px; text-align: justify;\"><span style=\"color: #000000;\">-Inscripci\u00f3n del club en la Federaci\u00f3 Catalana de Futbol en las categor\u00edas y equipos que se formen.<\/span><\/p>\n<p style=\"padding-left: 30px; text-align: justify;\"><span style=\"color: #000000;\">-Presentar la justificaci\u00f3n econ\u00f3mica correspondiente al periodo de compras del 1 de julio del 2018 al 30 de junio del 2019.<\/span><\/p>\n<p style=\"text-align: justify;\"><span style=\"color: #000000;\">La Regidoria d&#8217;Esports persigue el objetivo de potenciar el deporte en el municipio, fomentando las actividades deportivas de car\u00e1cter formativo y de competici\u00f3n, especialmente las del f\u00fatbol bisbalenc que promueve la entidad Joventut Bisbalenca CF, ya que se trata de una entidad dedicada al fomento y la pr\u00e1ctica habitual de la actividad deportiva sin \u00e1nimo de lucro.<\/span><\/p>\n","protected":false},"excerpt":{"rendered":"<p>L\u2019Ajuntament de la Bisbal del Pened\u00e8s va aprovar per Junta de Govern, el passat dijous 19 de juliol, un conveni de col\u00b7laboraci\u00f3 amb l\u2019entitat esportiva Joventut Bisbalenca CF per a &hellip; <a href=\"https:\/\/bisbalpenedes.com\/web\/2018\/07\/24\/lajuntament-de-la-bisbal-ha-signat-un-conveni-de-collaboracio-amb-joventut-bisbalenca-cf\/\" class=\"more-link\">Read More<\/a><\/p>\n","protected":false},"author":4,"featured_media":6554,"comment_status":"closed","ping_status":"closed","sticky":false,"template":"","format":"standard","meta":[],"categories":[19],"tags":[440,368,367,345,1065,99,102],"_links":{"self":[{"href":"https:\/\/bisbalpenedes.com\/web\/wp-json\/wp\/v2\/posts\/6551"}],"collection":[{"href":"https:\/\/bisbalpenedes.com\/web\/wp-json\/wp\/v2\/posts"}],"about":[{"href":"https:\/\/bisbalpenedes.com\/web\/wp-json\/wp\/v2\/types\/post"}],"author":[{"embeddable":true,"href":"https:\/\/bisbalpenedes.com\/web\/wp-json\/wp\/v2\/users\/4"}],"replies":[{"embeddable":true,"href":"https:\/\/bisbalpenedes.com\/web\/wp-json\/wp\/v2\/comments?post=6551"}],"version-history":[{"count":3,"href":"https:\/\/bisbalpenedes.com\/web\/wp-json\/wp\/v2\/posts\/6551\/revisions"}],"predecessor-version":[{"id":6556,"href":"https:\/\/bisbalpenedes.com\/web\/wp-json\/wp\/v2\/posts\/6551\/revisions\/6556"}],"wp:featuredmedia":[{"embeddable":true,"href":"https:\/\/bisbalpenedes.com\/web\/wp-json\/wp\/v2\/media\/6554"}],"wp:attachment":[{"href":"https:\/\/bisbalpenedes.com\/web\/wp-json\/wp\/v2\/media?parent=6551"}],"wp:term":[{"taxonomy":"category","embeddable":true,"href":"https:\/\/bisbalpenedes.com\/web\/wp-json\/wp\/v2\/categories?post=6551"},{"taxonomy":"post_tag","embeddable":true,"href":"https:\/\/bisbalpenedes.com\/web\/wp-json\/wp\/v2\/tags?post=6551"}],"curies":[{"name":"wp","href":"https:\/\/api.w.org\/{rel}","templated":true}]}}