{"id":6517,"date":"2018-07-20T15:40:42","date_gmt":"2018-07-20T14:40:42","guid":{"rendered":"http:\/\/bisbalpenedes.com\/web\/?p=6517"},"modified":"2018-07-20T15:46:15","modified_gmt":"2018-07-20T14:46:15","slug":"la-regidoria-de-serveis-socials-organitza-una-xerrada-sobre-les-hipoteques-els-desnonaments-i-els-abusos-bancaris","status":"publish","type":"post","link":"https:\/\/bisbalpenedes.com\/web\/2018\/07\/20\/la-regidoria-de-serveis-socials-organitza-una-xerrada-sobre-les-hipoteques-els-desnonaments-i-els-abusos-bancaris\/","title":{"rendered":"La Regidoria de Serveis Socials organitza una xerrada sobre problem\u00e0tiques relacionades amb les hipoteques, els desnonaments i els abusos bancaris"},"content":{"rendered":"<p><span style=\"color: #000000;\">La Regidoria de Serveis Socials ha programat una confer\u00e8ncia sobre els problemes amb les hipoteques, els desnonaments i els abusos bancaris que tindr\u00e0 lloc el proper divendres 27 de juliol a les 19h al CMC. La confer\u00e8ncia anir\u00e0 a c\u00e0rrec d&#8217;Andr\u00e9s Giordana i Manel Garc\u00eda Baya.<\/span><\/p>\n<hr \/>\n<p><span style=\"color: #000000;\"><strong>CASTELLANO |<\/strong> La Regidoria de Servicios Sociales ha programado una conferencia sobre los problemas con las hipotecas, los desahucios y los abusos bancarios que tendr\u00e1 lugar el pr\u00f3ximo viernes 27 de julio a las 19h en el CMC. La conferencia ir\u00e1 a cargo de Andr\u00e9s Giordana y Manel Garc\u00eda <\/span><\/p>\n<p><span style=\"color: #000000;\"><a href=\"http:\/\/bisbalpenedes.com\/web\/wp-content\/uploads\/2018\/07\/xerrada-pah-maguy.jpg\"><img loading=\"lazy\" class=\"aligncenter size-medium wp-image-6518\" src=\"http:\/\/bisbalpenedes.com\/web\/wp-content\/uploads\/2018\/07\/xerrada-pah-maguy-214x300.jpg\" alt=\"XERRADA HIPOTEQUES\" width=\"214\" height=\"300\" srcset=\"https:\/\/bisbalpenedes.com\/web\/wp-content\/uploads\/2018\/07\/xerrada-pah-maguy-214x300.jpg 214w, https:\/\/bisbalpenedes.com\/web\/wp-content\/uploads\/2018\/07\/xerrada-pah-maguy-600x841.jpg 600w, https:\/\/bisbalpenedes.com\/web\/wp-content\/uploads\/2018\/07\/xerrada-pah-maguy-768x1077.jpg 768w, https:\/\/bisbalpenedes.com\/web\/wp-content\/uploads\/2018\/07\/xerrada-pah-maguy-730x1024.jpg 730w, https:\/\/bisbalpenedes.com\/web\/wp-content\/uploads\/2018\/07\/xerrada-pah-maguy.jpg 1819w\" sizes=\"(max-width: 214px) 100vw, 214px\" \/><\/a>Baya.<\/span><\/p>\n","protected":false},"excerpt":{"rendered":"<p>La Regidoria de Serveis Socials ha programat una confer\u00e8ncia sobre els problemes amb les hipoteques, els desnonaments i els abusos bancaris que tindr\u00e0 lloc el proper divendres 27 de juliol &hellip; <a href=\"https:\/\/bisbalpenedes.com\/web\/2018\/07\/20\/la-regidoria-de-serveis-socials-organitza-una-xerrada-sobre-les-hipoteques-els-desnonaments-i-els-abusos-bancaris\/\" class=\"more-link\">Read More<\/a><\/p>\n","protected":false},"author":4,"featured_media":0,"comment_status":"closed","ping_status":"closed","sticky":false,"template":"","format":"standard","meta":[],"categories":[17],"tags":[2122,2125,59,2124,2123,268,45],"_links":{"self":[{"href":"https:\/\/bisbalpenedes.com\/web\/wp-json\/wp\/v2\/posts\/6517"}],"collection":[{"href":"https:\/\/bisbalpenedes.com\/web\/wp-json\/wp\/v2\/posts"}],"about":[{"href":"https:\/\/bisbalpenedes.com\/web\/wp-json\/wp\/v2\/types\/post"}],"author":[{"embeddable":true,"href":"https:\/\/bisbalpenedes.com\/web\/wp-json\/wp\/v2\/users\/4"}],"replies":[{"embeddable":true,"href":"https:\/\/bisbalpenedes.com\/web\/wp-json\/wp\/v2\/comments?post=6517"}],"version-history":[{"count":3,"href":"https:\/\/bisbalpenedes.com\/web\/wp-json\/wp\/v2\/posts\/6517\/revisions"}],"predecessor-version":[{"id":6521,"href":"https:\/\/bisbalpenedes.com\/web\/wp-json\/wp\/v2\/posts\/6517\/revisions\/6521"}],"wp:attachment":[{"href":"https:\/\/bisbalpenedes.com\/web\/wp-json\/wp\/v2\/media?parent=6517"}],"wp:term":[{"taxonomy":"category","embeddable":true,"href":"https:\/\/bisbalpenedes.com\/web\/wp-json\/wp\/v2\/categories?post=6517"},{"taxonomy":"post_tag","embeddable":true,"href":"https:\/\/bisbalpenedes.com\/web\/wp-json\/wp\/v2\/tags?post=6517"}],"curies":[{"name":"wp","href":"https:\/\/api.w.org\/{rel}","templated":true}]}}