{"id":6493,"date":"2018-07-19T20:22:33","date_gmt":"2018-07-19T19:22:33","guid":{"rendered":"http:\/\/bisbalpenedes.com\/web\/?p=6493"},"modified":"2018-07-19T20:25:46","modified_gmt":"2018-07-19T19:25:46","slug":"lajuntament-de-la-bisbal-treballa-amb-lobjectiu-de-promoure-i-impulsar-politiques-turistiques-coordinades-en-lambit-de-la-do-penedes-en-el-marc-de-lassemblea-del-consorci-de-promocio-turistica","status":"publish","type":"post","link":"https:\/\/bisbalpenedes.com\/web\/2018\/07\/19\/lajuntament-de-la-bisbal-treballa-amb-lobjectiu-de-promoure-i-impulsar-politiques-turistiques-coordinades-en-lambit-de-la-do-penedes-en-el-marc-de-lassemblea-del-consorci-de-promocio-turistica\/","title":{"rendered":"L&#8217;Ajuntament de la Bisbal treballa amb l&#8217;objectiu de promoure i impulsar pol\u00edtiques tur\u00edstiques coordinades en l&#8217;\u00e0mbit de la DO Pened\u00e8s en el marc del Consorci de Promoci\u00f3 Tur\u00edstica del Pened\u00e8s"},"content":{"rendered":"<div class=\"\" data-block=\"true\" data-editor=\"81b4d\" data-offset-key=\"4gph8-0-0\">\n<div class=\"_1mf _1mj\" data-offset-key=\"4gph8-0-0\"><\/div>\n<div class=\"_1mf _1mj\" data-offset-key=\"4gph8-0-0\"><a href=\"http:\/\/bisbalpenedes.com\/web\/wp-content\/uploads\/2018\/07\/consorci-turisme-1.jpg\"><img loading=\"lazy\" class=\"aligncenter size-medium wp-image-6494\" src=\"http:\/\/bisbalpenedes.com\/web\/wp-content\/uploads\/2018\/07\/consorci-turisme-1-300x225.jpg\" alt=\"consorci turisme 1\" width=\"300\" height=\"225\" srcset=\"https:\/\/bisbalpenedes.com\/web\/wp-content\/uploads\/2018\/07\/consorci-turisme-1-300x225.jpg 300w, https:\/\/bisbalpenedes.com\/web\/wp-content\/uploads\/2018\/07\/consorci-turisme-1-600x450.jpg 600w, https:\/\/bisbalpenedes.com\/web\/wp-content\/uploads\/2018\/07\/consorci-turisme-1-768x576.jpg 768w, https:\/\/bisbalpenedes.com\/web\/wp-content\/uploads\/2018\/07\/consorci-turisme-1.jpg 960w\" sizes=\"(max-width: 300px) 100vw, 300px\" \/><\/a>L\u2019alcaldessa de la Bisbal del Pened\u00e8s, Agn\u00e8s Ferr\u00e9, ha assistit avui dijous a l\u2019Assemblea del Consorci de Promoci\u00f3 Tur\u00edstica del Pened\u00e8s que ha tingut lloc a Vilafranca.<\/div>\n<div class=\"_1mf _1mj\" data-offset-key=\"4gph8-0-0\">El Consorci de Promoci\u00f3 Tur\u00edstica del Pened\u00e8s \u00e9s un organisme format per entitats p\u00fabliques i privades, creat amb l\u2019objectiu de promoure i impulsar pol\u00edtiques tur\u00edstiques coordinades en l\u2019\u00e0mbit de la Denominaci\u00f3 d\u2019Origen Pened\u00e8s.<\/div>\n<\/div>\n<div class=\"\" data-block=\"true\" data-editor=\"81b4d\" data-offset-key=\"cbt42-0-0\">\n<div class=\"_1mf _1mj\" data-offset-key=\"cbt42-0-0\">Podeu consultar el web del Consorci en aquest enlla\u00e7:\u00a0<a href=\"http:\/\/www.enoturismepenedes.cat\/ca\" target=\"_blank\">http:\/\/www.enoturismepenedes.cat\/ca<\/a><\/div>\n<\/div>\n<div class=\"\" data-block=\"true\" data-editor=\"81b4d\" data-offset-key=\"6clvr-0-0\">\n<div class=\"_1mf _1mj\" data-offset-key=\"6clvr-0-0\">\u2014<\/div>\n<\/div>\n<div class=\"\" data-block=\"true\" data-editor=\"81b4d\" data-offset-key=\"gkno-0-0\"><\/div>\n<div class=\"\" data-block=\"true\" data-editor=\"81b4d\" data-offset-key=\"7h2ih-0-0\">\n<div class=\"_1mf _1mj\" data-offset-key=\"7h2ih-0-0\"><b>CASTELLANO<\/b>\u00a0| La alcaldesa de la Bisbal del Pened\u00e8s, Agn\u00e8s Ferr\u00e9, ha asistido hoy jueves a la Assemblea del Consorci de Promoci\u00f3 Tur\u00edstica del Pened\u00e8s que ha tenido lugar en Vilafranca.<\/div>\n<div class=\"_1mf _1mj\" data-offset-key=\"7h2ih-0-0\">El Consorci de Promoci\u00f3 Tur\u00edstica del Pened\u00e8s es un organismo formado por entidades p\u00fablicas y privadas, creado con el objetivo de promover e impulsar pol\u00edticas tur\u00edsticas coordinadas en el \u00e1mbito de la Denominaci\u00f3n de Origen Pened\u00e8s.<\/div>\n<\/div>\n<div class=\"\" data-block=\"true\" data-editor=\"81b4d\" data-offset-key=\"ass7l-0-0\">\n<div class=\"_1mf _1mj\" data-offset-key=\"ass7l-0-0\">Pod\u00e9is consultar la web del Consorci en este enlace:\u00a0<a href=\"http:\/\/www.enoturismepenedes.cat\/ca\" target=\"_blank\">http:\/\/www.enoturismepenedes.cat\/ca<\/a><\/div>\n<div class=\"_1mf _1mj\" data-offset-key=\"ass7l-0-0\"><a href=\"http:\/\/bisbalpenedes.com\/web\/wp-content\/uploads\/2018\/07\/consorci-turisme-2.jpg\"><img loading=\"lazy\" class=\"aligncenter size-medium wp-image-6495\" src=\"http:\/\/bisbalpenedes.com\/web\/wp-content\/uploads\/2018\/07\/consorci-turisme-2-300x225.jpg\" alt=\"consorci turisme 2\" width=\"300\" height=\"225\" srcset=\"https:\/\/bisbalpenedes.com\/web\/wp-content\/uploads\/2018\/07\/consorci-turisme-2-300x225.jpg 300w, https:\/\/bisbalpenedes.com\/web\/wp-content\/uploads\/2018\/07\/consorci-turisme-2-600x450.jpg 600w, https:\/\/bisbalpenedes.com\/web\/wp-content\/uploads\/2018\/07\/consorci-turisme-2-768x576.jpg 768w, https:\/\/bisbalpenedes.com\/web\/wp-content\/uploads\/2018\/07\/consorci-turisme-2.jpg 960w\" sizes=\"(max-width: 300px) 100vw, 300px\" \/><\/a><\/div>\n<\/div>\n<div class=\"text_exposed_show\"><\/div>\n","protected":false},"excerpt":{"rendered":"<p>L\u2019alcaldessa de la Bisbal del Pened\u00e8s, Agn\u00e8s Ferr\u00e9, ha assistit avui dijous a l\u2019Assemblea del Consorci de Promoci\u00f3 Tur\u00edstica del Pened\u00e8s que ha tingut lloc a Vilafranca. El Consorci de &hellip; <a href=\"https:\/\/bisbalpenedes.com\/web\/2018\/07\/19\/lajuntament-de-la-bisbal-treballa-amb-lobjectiu-de-promoure-i-impulsar-politiques-turistiques-coordinades-en-lambit-de-la-do-penedes-en-el-marc-de-lassemblea-del-consorci-de-promocio-turistica\/\" class=\"more-link\">Read More<\/a><\/p>\n","protected":false},"author":4,"featured_media":6494,"comment_status":"closed","ping_status":"closed","sticky":false,"template":"","format":"standard","meta":[],"categories":[2057],"tags":[2117,2119,2118,1041,1374,328],"_links":{"self":[{"href":"https:\/\/bisbalpenedes.com\/web\/wp-json\/wp\/v2\/posts\/6493"}],"collection":[{"href":"https:\/\/bisbalpenedes.com\/web\/wp-json\/wp\/v2\/posts"}],"about":[{"href":"https:\/\/bisbalpenedes.com\/web\/wp-json\/wp\/v2\/types\/post"}],"author":[{"embeddable":true,"href":"https:\/\/bisbalpenedes.com\/web\/wp-json\/wp\/v2\/users\/4"}],"replies":[{"embeddable":true,"href":"https:\/\/bisbalpenedes.com\/web\/wp-json\/wp\/v2\/comments?post=6493"}],"version-history":[{"count":2,"href":"https:\/\/bisbalpenedes.com\/web\/wp-json\/wp\/v2\/posts\/6493\/revisions"}],"predecessor-version":[{"id":6497,"href":"https:\/\/bisbalpenedes.com\/web\/wp-json\/wp\/v2\/posts\/6493\/revisions\/6497"}],"wp:featuredmedia":[{"embeddable":true,"href":"https:\/\/bisbalpenedes.com\/web\/wp-json\/wp\/v2\/media\/6494"}],"wp:attachment":[{"href":"https:\/\/bisbalpenedes.com\/web\/wp-json\/wp\/v2\/media?parent=6493"}],"wp:term":[{"taxonomy":"category","embeddable":true,"href":"https:\/\/bisbalpenedes.com\/web\/wp-json\/wp\/v2\/categories?post=6493"},{"taxonomy":"post_tag","embeddable":true,"href":"https:\/\/bisbalpenedes.com\/web\/wp-json\/wp\/v2\/tags?post=6493"}],"curies":[{"name":"wp","href":"https:\/\/api.w.org\/{rel}","templated":true}]}}