{"id":6484,"date":"2018-07-18T10:59:29","date_gmt":"2018-07-18T09:59:29","guid":{"rendered":"http:\/\/bisbalpenedes.com\/web\/?p=6484"},"modified":"2018-07-18T10:59:29","modified_gmt":"2018-07-18T09:59:29","slug":"la-matricula-de-lescola-de-musica-de-la-bisbal-sobrira-del-23-al-31-de-juliol","status":"publish","type":"post","link":"https:\/\/bisbalpenedes.com\/web\/2018\/07\/18\/la-matricula-de-lescola-de-musica-de-la-bisbal-sobrira-del-23-al-31-de-juliol\/","title":{"rendered":"La matr\u00edcula de l&#8217;Escola de M\u00fasica de la Bisbal s&#8217;obrir\u00e0 del 23 al 31 de juliol"},"content":{"rendered":"<p style=\"text-align: justify;\"><span style=\"color: #000000;\">L\u2019Escola de M\u00fasica de la Bisbal obre el per\u00edode de matriculaci\u00f3 de l\u2019alumnat del dilluns 23 de juliol al dimarts 31 de juliol de 2018.<\/span><\/p>\n<p style=\"text-align: justify;\"><span style=\"color: #000000;\">Les classes comen\u00e7aran coincidint amb l\u2019inici del curs escolar.<\/span><\/p>\n<p style=\"text-align: justify;\"><span style=\"color: #000000;\">S\u2019ofereixen classes de piano, guitarra i bateria, a banda de les classes de sensibilitzaci\u00f3, llenguatge musical, conjunt i roda d\u2019instruments.<\/span><\/p>\n<p style=\"text-align: justify;\"><span style=\"color: #000000;\">Les places disponibles s\u00f3n limitades.<\/span><\/p>\n<p style=\"text-align: justify;\"><span style=\"color: #000000;\">Recordem que l\u2019Escola de M\u00fasica est\u00e0 oberta a tota la poblaci\u00f3, independentment\u00a0de l\u2019edat que tingui. Per a m\u00e9s informaci\u00f3 sobre la matr\u00edcula cal adre\u00e7ar-se a l\u2019Ajuntament de la Bisbal del Pened\u00e8s o a l\u2019Escola, al tel\u00e8fon 617184409 o al correu electr\u00f2nic <a style=\"color: #000000;\" href=\"mailto:emmbisbalpenedes@gmail.com\">emmbisbalpenedes@gmail.com<\/a><\/span><\/p>\n<hr \/>\n<p style=\"text-align: justify;\"><span style=\"color: #000000;\"><strong>CASTELLANO<\/strong> | La Escola de M\u00fasica de la Bisbal abre el periodo de matriculaci\u00f3n del alumnado del lunes 23 de julio al martes 31 de julio del 2018.<\/span><\/p>\n<p style=\"text-align: justify;\"><span style=\"color: #000000;\">Las clases empezar\u00e1n coincidiendo con el inicio del curso escolar.<\/span><\/p>\n<p style=\"text-align: justify;\"><span style=\"color: #000000;\">Se ofrecen clases de piano, guitarra y bater\u00eda, a parte de las clases de sensibilizaci\u00f3n, lenguaje musical, conjunto y rueda de instrumentos.<\/span><\/p>\n<p style=\"text-align: justify;\"><span style=\"color: #000000;\">Las plazas disponibles son limitadas.<\/span><\/p>\n<p style=\"text-align: justify;\"><span style=\"color: #000000;\">Recordamos que la Escola de M\u00fasica est\u00e1 abierta a toda la poblaci\u00f3n, independientemente de la edad que tenga. Para m\u00e1s informaci\u00f3n sobre la matr\u00edcula hay que dirigirse al Ayuntamiento de la Bisbal del Pened\u00e8s o a la Escola, al tel\u00e9fono 617184409 o al correo electr\u00f3nico <span style=\"text-decoration: underline;\">emmbisbalpenedes@gmail.com<\/span>\u00a0<\/span><\/p>\n","protected":false},"excerpt":{"rendered":"<p>L\u2019Escola de M\u00fasica de la Bisbal obre el per\u00edode de matriculaci\u00f3 de l\u2019alumnat del dilluns 23 de juliol al dimarts 31 de juliol de 2018. Les classes comen\u00e7aran coincidint amb &hellip; <a href=\"https:\/\/bisbalpenedes.com\/web\/2018\/07\/18\/la-matricula-de-lescola-de-musica-de-la-bisbal-sobrira-del-23-al-31-de-juliol\/\" class=\"more-link\">Read More<\/a><\/p>\n","protected":false},"author":4,"featured_media":6485,"comment_status":"closed","ping_status":"closed","sticky":false,"template":"","format":"standard","meta":[],"categories":[13],"tags":[548,65,781,546,273,183,72,547],"_links":{"self":[{"href":"https:\/\/bisbalpenedes.com\/web\/wp-json\/wp\/v2\/posts\/6484"}],"collection":[{"href":"https:\/\/bisbalpenedes.com\/web\/wp-json\/wp\/v2\/posts"}],"about":[{"href":"https:\/\/bisbalpenedes.com\/web\/wp-json\/wp\/v2\/types\/post"}],"author":[{"embeddable":true,"href":"https:\/\/bisbalpenedes.com\/web\/wp-json\/wp\/v2\/users\/4"}],"replies":[{"embeddable":true,"href":"https:\/\/bisbalpenedes.com\/web\/wp-json\/wp\/v2\/comments?post=6484"}],"version-history":[{"count":1,"href":"https:\/\/bisbalpenedes.com\/web\/wp-json\/wp\/v2\/posts\/6484\/revisions"}],"predecessor-version":[{"id":6486,"href":"https:\/\/bisbalpenedes.com\/web\/wp-json\/wp\/v2\/posts\/6484\/revisions\/6486"}],"wp:featuredmedia":[{"embeddable":true,"href":"https:\/\/bisbalpenedes.com\/web\/wp-json\/wp\/v2\/media\/6485"}],"wp:attachment":[{"href":"https:\/\/bisbalpenedes.com\/web\/wp-json\/wp\/v2\/media?parent=6484"}],"wp:term":[{"taxonomy":"category","embeddable":true,"href":"https:\/\/bisbalpenedes.com\/web\/wp-json\/wp\/v2\/categories?post=6484"},{"taxonomy":"post_tag","embeddable":true,"href":"https:\/\/bisbalpenedes.com\/web\/wp-json\/wp\/v2\/tags?post=6484"}],"curies":[{"name":"wp","href":"https:\/\/api.w.org\/{rel}","templated":true}]}}