{"id":6475,"date":"2018-07-18T08:25:35","date_gmt":"2018-07-18T07:25:35","guid":{"rendered":"http:\/\/bisbalpenedes.com\/web\/?p=6475"},"modified":"2018-07-18T11:48:52","modified_gmt":"2018-07-18T10:48:52","slug":"lajuntament-de-la-bisbal-del-penedes-patrocina-tres-bisbalencs","status":"publish","type":"post","link":"https:\/\/bisbalpenedes.com\/web\/2018\/07\/18\/lajuntament-de-la-bisbal-del-penedes-patrocina-tres-bisbalencs\/","title":{"rendered":"L&#8217;Ajuntament de la Bisbal del Pened\u00e8s patrocina tres bisbalencs"},"content":{"rendered":"<p style=\"text-align: justify;\"><span style=\"color: #000000;\">La Bisbal del Pened\u00e8s patrocina tres bisbalencs que realitzen activitats esportives o culturals en \u00e0mbits supramunicipals nacionals i internacionals. Aix\u00ed, portaran el nom i l\u2019escut del poble impr\u00e8s i visible all\u00e0 on vagin a realitzar campionats, exposicions, confer\u00e8ncies o altres activitats en el seu camp d\u2019actuaci\u00f3.<\/span><\/p>\n<p style=\"text-align: justify;\"><span style=\"color: #000000;\">Enguany l\u2019Ajuntament de la Bisbal del Pened\u00e8s comptava amb 2000\u20ac destinats a patrocinis i aquests han estat repartits entre els tres, fent entrega de 650\u20ac a cada bisbalenc patrocinat.<\/span><\/p>\n<p style=\"text-align: justify;\"><span style=\"color: #000000;\">Els bisbalencs que han rebut aquesta dotaci\u00f3 econ\u00f2mica enguany s\u00f3n els seg\u00fcents (a la fotografia apareixen amb la regidora d\u2019Esports, Leo Uceda, en el moment de la signatura del contracte de patrocini):<\/span><\/p>\n<p>&nbsp;<\/p>\n<p style=\"text-align: center;\"><a href=\"http:\/\/bisbalpenedes.com\/web\/wp-content\/uploads\/2018\/07\/DAVID-PEDROLA-PATROCINIS.jpg\"><img loading=\"lazy\" class=\"size-medium wp-image-6476 aligncenter\" src=\"http:\/\/bisbalpenedes.com\/web\/wp-content\/uploads\/2018\/07\/DAVID-PEDROLA-PATROCINIS-300x200.jpg\" alt=\"DAVID PEDROLA PATROCINIS\" width=\"300\" height=\"200\" srcset=\"https:\/\/bisbalpenedes.com\/web\/wp-content\/uploads\/2018\/07\/DAVID-PEDROLA-PATROCINIS-300x200.jpg 300w, https:\/\/bisbalpenedes.com\/web\/wp-content\/uploads\/2018\/07\/DAVID-PEDROLA-PATROCINIS-600x400.jpg 600w, https:\/\/bisbalpenedes.com\/web\/wp-content\/uploads\/2018\/07\/DAVID-PEDROLA-PATROCINIS-768x512.jpg 768w, https:\/\/bisbalpenedes.com\/web\/wp-content\/uploads\/2018\/07\/DAVID-PEDROLA-PATROCINIS-1024x683.jpg 1024w\" sizes=\"(max-width: 300px) 100vw, 300px\" \/><\/a><\/p>\n<p style=\"text-align: center;\">David Pedrola, pescador d\u2019Alta Competici\u00f3 Catalana<\/p>\n<p style=\"text-align: center;\"><a href=\"http:\/\/bisbalpenedes.com\/web\/wp-content\/uploads\/2018\/07\/AITOR-PEDROLA-PATROCINIS.jpg\"><img loading=\"lazy\" class=\"aligncenter size-medium wp-image-6477\" src=\"http:\/\/bisbalpenedes.com\/web\/wp-content\/uploads\/2018\/07\/AITOR-PEDROLA-PATROCINIS-300x200.jpg\" alt=\"AITOR PEDROLA PATROCINIS\" width=\"300\" height=\"200\" srcset=\"https:\/\/bisbalpenedes.com\/web\/wp-content\/uploads\/2018\/07\/AITOR-PEDROLA-PATROCINIS-300x200.jpg 300w, https:\/\/bisbalpenedes.com\/web\/wp-content\/uploads\/2018\/07\/AITOR-PEDROLA-PATROCINIS-600x400.jpg 600w, https:\/\/bisbalpenedes.com\/web\/wp-content\/uploads\/2018\/07\/AITOR-PEDROLA-PATROCINIS-768x512.jpg 768w, https:\/\/bisbalpenedes.com\/web\/wp-content\/uploads\/2018\/07\/AITOR-PEDROLA-PATROCINIS-1024x683.jpg 1024w\" sizes=\"(max-width: 300px) 100vw, 300px\" \/><\/a><\/p>\n<p style=\"text-align: center;\">Aitor Pedrola, pescador d\u2019Alta Competici\u00f3 Catalana<\/p>\n<p style=\"text-align: center;\"><a href=\"http:\/\/bisbalpenedes.com\/web\/wp-content\/uploads\/2018\/07\/IMG_9065.jpg\"><img loading=\"lazy\" class=\"aligncenter size-medium wp-image-6478\" src=\"http:\/\/bisbalpenedes.com\/web\/wp-content\/uploads\/2018\/07\/IMG_9065-300x200.jpg\" alt=\"oriol rodriguez patrocini\" width=\"300\" height=\"200\" srcset=\"https:\/\/bisbalpenedes.com\/web\/wp-content\/uploads\/2018\/07\/IMG_9065-300x200.jpg 300w, https:\/\/bisbalpenedes.com\/web\/wp-content\/uploads\/2018\/07\/IMG_9065-600x400.jpg 600w, https:\/\/bisbalpenedes.com\/web\/wp-content\/uploads\/2018\/07\/IMG_9065-768x512.jpg 768w, https:\/\/bisbalpenedes.com\/web\/wp-content\/uploads\/2018\/07\/IMG_9065-1024x683.jpg 1024w\" sizes=\"(max-width: 300px) 100vw, 300px\" \/><\/a><\/p>\n<p style=\"text-align: center;\">Oriol Rodr\u00edguez, pilot de moto bisbalenc<\/p>\n<hr \/>\n<p style=\"text-align: justify;\"><span style=\"color: #000000;\"><strong>CASTELLANO<\/strong> | La Bisbal del Pened\u00e8s patrocina a tres bisbalencs que realizan actividades deportivas o culturales en \u00e1mbitos supramunicipales nacionales e internacionales. As\u00ed, llevar\u00e1n el nombre y el escudo del pueblo impreso y visible all\u00ed donde vayan a realizar campeonatos, exposiciones, conferencias u otras actividades en su campo de actuaci\u00f3n.<\/span><\/p>\n<p style=\"text-align: justify;\"><span style=\"color: #000000;\">Este a\u00f1o el Ayuntamiento de la Bisbal del Pened\u00e8s contaba con 2000\u20ac destinados a patrocinios y estos han sido repartidos entre los tres, haciendo entrega de 650\u20ac a cada bisbalenc patrocinado.<\/span><\/p>\n<p style=\"text-align: justify;\"><span style=\"color: #000000;\">Los bisbalencs que han recibido esta dotaci\u00f3n econ\u00f3mica este a\u00f1o son los siguientes (en la fotograf\u00eda aparecen con la regidora d&#8217;Esports, Leo Uceda, en el momento de la firma del contrato de patrocinio):<\/span><\/p>\n<p>&nbsp;<\/p>\n<p style=\"text-align: center;\"><a href=\"http:\/\/bisbalpenedes.com\/web\/wp-content\/uploads\/2018\/07\/DAVID-PEDROLA-PATROCINIS.jpg\"><img loading=\"lazy\" class=\"size-medium wp-image-6476 aligncenter\" src=\"http:\/\/bisbalpenedes.com\/web\/wp-content\/uploads\/2018\/07\/DAVID-PEDROLA-PATROCINIS-300x200.jpg\" alt=\"DAVID PEDROLA PATROCINIS\" width=\"300\" height=\"200\" srcset=\"https:\/\/bisbalpenedes.com\/web\/wp-content\/uploads\/2018\/07\/DAVID-PEDROLA-PATROCINIS-300x200.jpg 300w, https:\/\/bisbalpenedes.com\/web\/wp-content\/uploads\/2018\/07\/DAVID-PEDROLA-PATROCINIS-600x400.jpg 600w, https:\/\/bisbalpenedes.com\/web\/wp-content\/uploads\/2018\/07\/DAVID-PEDROLA-PATROCINIS-768x512.jpg 768w, https:\/\/bisbalpenedes.com\/web\/wp-content\/uploads\/2018\/07\/DAVID-PEDROLA-PATROCINIS-1024x683.jpg 1024w\" sizes=\"(max-width: 300px) 100vw, 300px\" \/><\/a><\/p>\n<p style=\"text-align: center;\">David Pedrola, pescador de Alta Competici\u00f3n Catalana<\/p>\n<p style=\"text-align: center;\"><a href=\"http:\/\/bisbalpenedes.com\/web\/wp-content\/uploads\/2018\/07\/AITOR-PEDROLA-PATROCINIS.jpg\"><img loading=\"lazy\" class=\"aligncenter size-medium wp-image-6477\" src=\"http:\/\/bisbalpenedes.com\/web\/wp-content\/uploads\/2018\/07\/AITOR-PEDROLA-PATROCINIS-300x200.jpg\" alt=\"AITOR PEDROLA PATROCINIS\" width=\"300\" height=\"200\" srcset=\"https:\/\/bisbalpenedes.com\/web\/wp-content\/uploads\/2018\/07\/AITOR-PEDROLA-PATROCINIS-300x200.jpg 300w, https:\/\/bisbalpenedes.com\/web\/wp-content\/uploads\/2018\/07\/AITOR-PEDROLA-PATROCINIS-600x400.jpg 600w, https:\/\/bisbalpenedes.com\/web\/wp-content\/uploads\/2018\/07\/AITOR-PEDROLA-PATROCINIS-768x512.jpg 768w, https:\/\/bisbalpenedes.com\/web\/wp-content\/uploads\/2018\/07\/AITOR-PEDROLA-PATROCINIS-1024x683.jpg 1024w\" sizes=\"(max-width: 300px) 100vw, 300px\" \/><\/a><\/p>\n<p style=\"text-align: center;\">Aitor Pedrola, pescador de Alta Competici\u00f3n Catalana<\/p>\n<p style=\"text-align: center;\"><a href=\"http:\/\/bisbalpenedes.com\/web\/wp-content\/uploads\/2018\/07\/IMG_9065.jpg\"><img loading=\"lazy\" class=\"aligncenter size-medium wp-image-6478\" src=\"http:\/\/bisbalpenedes.com\/web\/wp-content\/uploads\/2018\/07\/IMG_9065-300x200.jpg\" alt=\"oriol rodriguez patrocini\" width=\"300\" height=\"200\" srcset=\"https:\/\/bisbalpenedes.com\/web\/wp-content\/uploads\/2018\/07\/IMG_9065-300x200.jpg 300w, https:\/\/bisbalpenedes.com\/web\/wp-content\/uploads\/2018\/07\/IMG_9065-600x400.jpg 600w, https:\/\/bisbalpenedes.com\/web\/wp-content\/uploads\/2018\/07\/IMG_9065-768x512.jpg 768w, https:\/\/bisbalpenedes.com\/web\/wp-content\/uploads\/2018\/07\/IMG_9065-1024x683.jpg 1024w\" sizes=\"(max-width: 300px) 100vw, 300px\" \/><\/a><\/p>\n<p style=\"text-align: center;\">Oriol Rodr\u00edguez, piloto de moto bisbalenc<\/p>\n<h6><span style=\"color: #808080;\">*Un contracte de patrocini, segons la Llei General de Publicitat, \u00e9s aquell pel qual el patrocinat, a canvi d\u2019una ajuda econ\u00f2mica per a la realitzaci\u00f3 de la seva activitat esportiva, ben\u00e8fica, cultural, cient\u00edfica o d\u2019un altre tipus, es compromet a col\u00b7laborar portant publicitat del patrocinador.<\/span><\/h6>\n","protected":false},"excerpt":{"rendered":"<p>La Bisbal del Pened\u00e8s patrocina tres bisbalencs que realitzen activitats esportives o culturals en \u00e0mbits supramunicipals nacionals i internacionals. Aix\u00ed, portaran el nom i l\u2019escut del poble impr\u00e8s i visible &hellip; <a href=\"https:\/\/bisbalpenedes.com\/web\/2018\/07\/18\/lajuntament-de-la-bisbal-del-penedes-patrocina-tres-bisbalencs\/\" class=\"more-link\">Read More<\/a><\/p>\n","protected":false},"author":4,"featured_media":6476,"comment_status":"closed","ping_status":"closed","sticky":false,"template":"","format":"standard","meta":[],"categories":[19],"tags":[744,745,1315,740,455,1806,2112],"_links":{"self":[{"href":"https:\/\/bisbalpenedes.com\/web\/wp-json\/wp\/v2\/posts\/6475"}],"collection":[{"href":"https:\/\/bisbalpenedes.com\/web\/wp-json\/wp\/v2\/posts"}],"about":[{"href":"https:\/\/bisbalpenedes.com\/web\/wp-json\/wp\/v2\/types\/post"}],"author":[{"embeddable":true,"href":"https:\/\/bisbalpenedes.com\/web\/wp-json\/wp\/v2\/users\/4"}],"replies":[{"embeddable":true,"href":"https:\/\/bisbalpenedes.com\/web\/wp-json\/wp\/v2\/comments?post=6475"}],"version-history":[{"count":4,"href":"https:\/\/bisbalpenedes.com\/web\/wp-json\/wp\/v2\/posts\/6475\/revisions"}],"predecessor-version":[{"id":6489,"href":"https:\/\/bisbalpenedes.com\/web\/wp-json\/wp\/v2\/posts\/6475\/revisions\/6489"}],"wp:featuredmedia":[{"embeddable":true,"href":"https:\/\/bisbalpenedes.com\/web\/wp-json\/wp\/v2\/media\/6476"}],"wp:attachment":[{"href":"https:\/\/bisbalpenedes.com\/web\/wp-json\/wp\/v2\/media?parent=6475"}],"wp:term":[{"taxonomy":"category","embeddable":true,"href":"https:\/\/bisbalpenedes.com\/web\/wp-json\/wp\/v2\/categories?post=6475"},{"taxonomy":"post_tag","embeddable":true,"href":"https:\/\/bisbalpenedes.com\/web\/wp-json\/wp\/v2\/tags?post=6475"}],"curies":[{"name":"wp","href":"https:\/\/api.w.org\/{rel}","templated":true}]}}