{"id":6469,"date":"2018-07-17T16:20:54","date_gmt":"2018-07-17T15:20:54","guid":{"rendered":"http:\/\/bisbalpenedes.com\/web\/?p=6469"},"modified":"2018-07-17T16:36:27","modified_gmt":"2018-07-17T15:36:27","slug":"comunicat-de-lajuntament-de-la-bisbal-del-penedes-sobre-els-talls-daigua-nocturns-a-lesplai","status":"publish","type":"post","link":"https:\/\/bisbalpenedes.com\/web\/2018\/07\/17\/comunicat-de-lajuntament-de-la-bisbal-del-penedes-sobre-els-talls-daigua-nocturns-a-lesplai\/","title":{"rendered":"Comunicat de l&#8217;Ajuntament de la Bisbal del Pened\u00e8s sobre els talls d&#8217;aigua nocturns a l&#8217;Esplai"},"content":{"rendered":"<p style=\"text-align: justify;\"><span style=\"color: #000000;\">La nit del passat diumenge 15 de juliol Aqualia va tancar el dip\u00f2sit d\u2019aigua de l\u2019Esplai perqu\u00e8, segons ens van informar, presentava uns nivells d\u2019aigua molt baixos. Des de l\u2019Ajuntament vam contactar amb ells i ens van informar que al mat\u00ed ja havien restablert el servei.<\/span><\/p>\n<p style=\"text-align: justify;\"><span style=\"color: #000000;\">Aquest dilluns han tornat a tallar l\u2019aigua de l\u2019Esplai i, quan hem contactat amb Aqualia, ens han informat que, sempre que el dip\u00f2sit de l\u2019Esplai estigui gaireb\u00e9 buit a \u00faltima hora de la tarda, el tancaran a les 23h i el tornaran a obrir a les 07h per assegurar que el pou recupera els nivells normals.<\/span><\/p>\n<p style=\"text-align: justify;\"><span style=\"color: #000000;\">Tenint en compte aquesta situaci\u00f3, us preguem que tingueu en compte aquestes<\/span><\/p>\n<p style=\"text-align: justify;\"><span style=\"color: #000000;\"><strong>RECOMANACIONS PER ALS VE\u00cfNS DE L\u2019ESPLAI I CAN GORDEI<\/strong><\/span><\/p>\n<p style=\"padding-left: 30px; text-align: justify;\"><span style=\"color: #000000;\">-El pou de l\u2019Esplai s\u2019abasteix, actualment, del de Can Gordei. \u00c9s per aix\u00f2 que us recomanem, als ve\u00efns d\u2019ambd\u00f3s barris, que eviteu emprar m\u00e9s aigua de l\u2019estrictament necess\u00e0ria, tenint en compte la situaci\u00f3 excepcional en la qual ens trobem. Recomanem que, amb la finalitat de preservar els nivells d\u2019aigua i evitar el perjudici dels vostres ve\u00efns, utilitzeu l\u2019aigua de boca de forma responsable tenint en compte la situaci\u00f3, evitant omplir piscines o regar amb aigua de boca.<\/span><\/p>\n<p style=\"padding-left: 30px; text-align: justify;\"><span style=\"color: #000000;\">-\u00c9s aconsellable que els ve\u00efns facin una previsi\u00f3 de l\u2019\u00fas de l\u2019aigua tenint en compte els talls que es poden donar.<\/span><\/p>\n<p style=\"padding-left: 30px; text-align: justify;\"><span style=\"color: #000000;\">-Tingueu garrafes o cubells d\u2019aigua preparats per si necessiteu aigua de forma urgent.<\/span><\/p>\n<p style=\"padding-left: 30px; text-align: justify;\"><span style=\"color: #000000;\">-Si l\u2019aigua s\u2019obre a les 7h, pot trigar fins a 3 o 4 hores a arribar a tothom, depenent del consum d\u2019aigua que hi hagi en aquell moment en les primeres cases on arribi l\u2019aigua. Per tant, demanem que aquells ve\u00efns als quals els arribi primer l\u2019aigua, en facin un \u00fas responsable per contribuir a la recuperaci\u00f3 de l\u2019aigua a tota la xarxa de la zona.<\/span><\/p>\n<p style=\"text-align: justify;\"><span style=\"color: #000000;\"><strong>Recordem als ve\u00efns de la zona que l\u2019Ajuntament de la Bisbal est\u00e0 treballant en la creaci\u00f3 del nou pou de l\u2019Esplai, amb l\u2019objectiu d\u2019acabar amb aquest tipus de problem\u00e0tiques, i est\u00e0 previst que l\u2019obra es pugui finalitzar aquesta tardor.<\/strong><\/span><\/p>\n<hr \/>\n<p style=\"text-align: justify;\"><span style=\"color: #000000;\"><strong>CASTELLANO<\/strong> | La noche del pasado domingo 15 de julio Aqualia cerr\u00f3 el dep\u00f3sito de agua del Esplai porque, seg\u00fan nos informaron, presentaba unos niveles de agua muy bajos. Desde el Ayuntamiento contactamos con ellos y nos informaron que por la ma\u00f1ana ya hab\u00edan restablecido el servicio.<\/span><\/p>\n<p style=\"text-align: justify;\"><span style=\"color: #000000;\">Este lunes ha vuelto a cerrar el agua en l&#8217;Esplai y, cuando hemos contactado con Aqualia, nos han informado que, siempre que el dep\u00f3sito de l&#8217;Esplai est\u00e9 casi vac\u00edo a \u00faltima hora de la tarde, lo cerrar\u00e1n a las 23h y lo volver\u00e1n a abrir a las 07h para asegurar que el pozo recupera los niveles normales.<\/span><\/p>\n<p style=\"text-align: justify;\"><span style=\"color: #000000;\">Teniendo en cuenta esta situaci\u00f3n, os rogamos que teng\u00e1is en cuenta estas<\/span><\/p>\n<p style=\"text-align: justify;\"><span style=\"color: #000000;\"><strong>RECOMENDACIONES PARA LOS VECINOS DE L&#8217;ESPLAI Y CAN GORDEI<\/strong><\/span><\/p>\n<p style=\"padding-left: 30px; text-align: justify;\"><span style=\"color: #000000;\">-El pozo de l&#8217;Esplai se abastece, actualmente, del de Can Gordei. Es por este motivo que os recomendamos, a los vecinos de ambos barrios, que evit\u00e9is utilizar m\u00e1s agua de la estrictamente necesaria, teniendo en cuenta la situaci\u00f3n excepcional en la que nos encontramos. Recomendamos que, con la finalidad de preservar los niveles de agua y evitar el prejuicio de vuestros vecinos, utilic\u00e9is el agua de boca de forma responsable teniendo en cuenta la situaci\u00f3n, evitando llenar piscinas o regar con agua de boca.<\/span><\/p>\n<p style=\"padding-left: 30px; text-align: justify;\"><span style=\"color: #000000;\">-Es aconsejable que los vecinos hagan una previsi\u00f3n del uso del agua teniendo en cuenta los cortes que se pueden dar.<\/span><\/p>\n<p style=\"padding-left: 30px; text-align: justify;\"><span style=\"color: #000000;\">-Tened garragas o cubos de agua preparados por si necesit\u00e1is agua de forma urgente.<\/span><\/p>\n<p style=\"padding-left: 30px; text-align: justify;\"><span style=\"color: #000000;\">-Si el agua se abre a las 7h, puede tardar hasta 3 o 4 horas a llegar a todos los vecinos, dependiendo del consumo de agua que haya en ese momento en las primeras casa en las que llegue el agua. Por lo tanto, pedimos que aquellos vecinos a los que le llegue primero el agua, hagan un uso responsable de la misma para contribuir a la recuperaci\u00f3n del agua de toda la red de la zona.<\/span><\/p>\n<p style=\"text-align: justify;\"><span style=\"color: #000000;\"><strong>Recordamos a los vecinos de la zona que el Ayuntamiento de la Bisbal est\u00e1 trabajando en la creaci\u00f3n del nuevo pozo de l&#8217;Esplai, con el objetivo de acabar con este tipo de problem\u00e1ticas, y est\u00e1 previsto que la obra se pueda finalizar este oto\u00f1o.<\/strong><\/span><\/p>\n<hr \/>\n<p style=\"text-align: justify;\">Aqualia ha ubicat aquests cartells en diversos punts de l&#8217;Esplai per informar la ciutadania\/Aqualia ha ubicado estos carteles en varios puntos de l&#8217;Esplai para informar a la ciudadan\u00eda.<\/p>\n<p style=\"text-align: justify;\"><a href=\"http:\/\/bisbalpenedes.com\/web\/wp-content\/uploads\/2018\/07\/Cartell-aqualia-17-07-18-001.jpg\"><img loading=\"lazy\" class=\"size-large wp-image-6470 aligncenter\" src=\"http:\/\/bisbalpenedes.com\/web\/wp-content\/uploads\/2018\/07\/Cartell-aqualia-17-07-18-001-724x1024.jpg\" alt=\"Cartell aqualia 17-07-18-001\" width=\"630\" height=\"891\" srcset=\"https:\/\/bisbalpenedes.com\/web\/wp-content\/uploads\/2018\/07\/Cartell-aqualia-17-07-18-001-724x1024.jpg 724w, https:\/\/bisbalpenedes.com\/web\/wp-content\/uploads\/2018\/07\/Cartell-aqualia-17-07-18-001-600x848.jpg 600w, https:\/\/bisbalpenedes.com\/web\/wp-content\/uploads\/2018\/07\/Cartell-aqualia-17-07-18-001-212x300.jpg 212w, https:\/\/bisbalpenedes.com\/web\/wp-content\/uploads\/2018\/07\/Cartell-aqualia-17-07-18-001-768x1086.jpg 768w, https:\/\/bisbalpenedes.com\/web\/wp-content\/uploads\/2018\/07\/Cartell-aqualia-17-07-18-001.jpg 1191w\" sizes=\"(max-width: 630px) 100vw, 630px\" \/><\/a><\/p>\n","protected":false},"excerpt":{"rendered":"<p>La nit del passat diumenge 15 de juliol Aqualia va tancar el dip\u00f2sit d\u2019aigua de l\u2019Esplai perqu\u00e8, segons ens van informar, presentava uns nivells d\u2019aigua molt baixos. Des de l\u2019Ajuntament &hellip; <a href=\"https:\/\/bisbalpenedes.com\/web\/2018\/07\/17\/comunicat-de-lajuntament-de-la-bisbal-del-penedes-sobre-els-talls-daigua-nocturns-a-lesplai\/\" class=\"more-link\">Read More<\/a><\/p>\n","protected":false},"author":4,"featured_media":6470,"comment_status":"closed","ping_status":"closed","sticky":false,"template":"","format":"standard","meta":[],"categories":[1628],"tags":[161,649,198,138,2111,292,275],"_links":{"self":[{"href":"https:\/\/bisbalpenedes.com\/web\/wp-json\/wp\/v2\/posts\/6469"}],"collection":[{"href":"https:\/\/bisbalpenedes.com\/web\/wp-json\/wp\/v2\/posts"}],"about":[{"href":"https:\/\/bisbalpenedes.com\/web\/wp-json\/wp\/v2\/types\/post"}],"author":[{"embeddable":true,"href":"https:\/\/bisbalpenedes.com\/web\/wp-json\/wp\/v2\/users\/4"}],"replies":[{"embeddable":true,"href":"https:\/\/bisbalpenedes.com\/web\/wp-json\/wp\/v2\/comments?post=6469"}],"version-history":[{"count":4,"href":"https:\/\/bisbalpenedes.com\/web\/wp-json\/wp\/v2\/posts\/6469\/revisions"}],"predecessor-version":[{"id":6474,"href":"https:\/\/bisbalpenedes.com\/web\/wp-json\/wp\/v2\/posts\/6469\/revisions\/6474"}],"wp:featuredmedia":[{"embeddable":true,"href":"https:\/\/bisbalpenedes.com\/web\/wp-json\/wp\/v2\/media\/6470"}],"wp:attachment":[{"href":"https:\/\/bisbalpenedes.com\/web\/wp-json\/wp\/v2\/media?parent=6469"}],"wp:term":[{"taxonomy":"category","embeddable":true,"href":"https:\/\/bisbalpenedes.com\/web\/wp-json\/wp\/v2\/categories?post=6469"},{"taxonomy":"post_tag","embeddable":true,"href":"https:\/\/bisbalpenedes.com\/web\/wp-json\/wp\/v2\/tags?post=6469"}],"curies":[{"name":"wp","href":"https:\/\/api.w.org\/{rel}","templated":true}]}}