{"id":6467,"date":"2018-07-17T16:04:25","date_gmt":"2018-07-17T15:04:25","guid":{"rendered":"http:\/\/bisbalpenedes.com\/web\/?p=6467"},"modified":"2018-07-17T16:04:25","modified_gmt":"2018-07-17T15:04:25","slug":"lajuntament-lamenta-la-mort-dun-vei-de-la-bisbal-que-presumptament-ha-mort-a-causa-dun-incendi-que-sha-declarat-al-seu-habitatge","status":"publish","type":"post","link":"https:\/\/bisbalpenedes.com\/web\/2018\/07\/17\/lajuntament-lamenta-la-mort-dun-vei-de-la-bisbal-que-presumptament-ha-mort-a-causa-dun-incendi-que-sha-declarat-al-seu-habitatge\/","title":{"rendered":"L&#8217;Ajuntament lamenta la mort d&#8217;un ve\u00ed de la Bisbal que presumptament ha mort a causa d&#8217;un incendi que s&#8217;ha declarat al seu habitatge"},"content":{"rendered":"<p style=\"text-align: justify;\"><span style=\"color: #000000;\">L\u2019Ajuntament de la Bisbal del Pened\u00e8s lamenta la mort d\u2019un ve\u00ed de la Bisbal resident al carrer Flamenc Rosat del Papagai, que ha traspassat, presumptament, a causa de l\u2019incendi que s&#8217;ha declarat al seu habitatge aquest migdia.<\/span><br \/>\n<span style=\"color: #000000;\">El foc ja est\u00e0 apagat. Ara s\u2019est\u00e0 treballant en la investigaci\u00f3 de les causes de l&#8217;incendi i de la mort d&#8217;aquest ve\u00ed del municipi.<\/span><br \/>\n<span style=\"color: #000000;\">L\u2019Ajuntament de la Bisbal no disposa, a hores d\u2019ara, de m\u00e9s informaci\u00f3 sobre aquest succ\u00e9s.<\/span><\/p>\n<p style=\"text-align: justify;\"><span style=\"color: #000000;\">&#8212;<\/span><\/p>\n<div class=\"text_exposed_show\">\n<p style=\"text-align: justify;\"><span style=\"color: #000000;\"><strong>CASTELLANO<\/strong> | El Ayuntamiento de la Bisbal del Pened\u00e8s lamenta la muerte de un vecino de la Bisbal, residente en la calle Flamenc Rosat del Papagai, que ha traspasado, presuntamente, a causa del incendio que se ha declarado en su vivienda este mediod\u00eda.<\/span><br \/>\n<span style=\"color: #000000;\">El fuego ya est\u00e1 apagado. Ahora se est\u00e1 trabajando en la investigaci\u00f3n de las causas del incendio y de la muerte de este vecino del municipio.<\/span><br \/>\n<span style=\"color: #000000;\">El Ayuntamiento de la Bisbal no dispone, en la actualidad, de m\u00e1s informaci\u00f3n sobre este suceso.<\/span><\/p>\n<\/div>\n","protected":false},"excerpt":{"rendered":"<p>L\u2019Ajuntament de la Bisbal del Pened\u00e8s lamenta la mort d\u2019un ve\u00ed de la Bisbal resident al carrer Flamenc Rosat del Papagai, que ha traspassat, presumptament, a causa de l\u2019incendi que &hellip; <a href=\"https:\/\/bisbalpenedes.com\/web\/2018\/07\/17\/lajuntament-lamenta-la-mort-dun-vei-de-la-bisbal-que-presumptament-ha-mort-a-causa-dun-incendi-que-sha-declarat-al-seu-habitatge\/\" class=\"more-link\">Read More<\/a><\/p>\n","protected":false},"author":4,"featured_media":4174,"comment_status":"closed","ping_status":"closed","sticky":false,"template":"","format":"standard","meta":[],"categories":[2057],"tags":[1177,2110,2107,2108,2109],"_links":{"self":[{"href":"https:\/\/bisbalpenedes.com\/web\/wp-json\/wp\/v2\/posts\/6467"}],"collection":[{"href":"https:\/\/bisbalpenedes.com\/web\/wp-json\/wp\/v2\/posts"}],"about":[{"href":"https:\/\/bisbalpenedes.com\/web\/wp-json\/wp\/v2\/types\/post"}],"author":[{"embeddable":true,"href":"https:\/\/bisbalpenedes.com\/web\/wp-json\/wp\/v2\/users\/4"}],"replies":[{"embeddable":true,"href":"https:\/\/bisbalpenedes.com\/web\/wp-json\/wp\/v2\/comments?post=6467"}],"version-history":[{"count":1,"href":"https:\/\/bisbalpenedes.com\/web\/wp-json\/wp\/v2\/posts\/6467\/revisions"}],"predecessor-version":[{"id":6468,"href":"https:\/\/bisbalpenedes.com\/web\/wp-json\/wp\/v2\/posts\/6467\/revisions\/6468"}],"wp:featuredmedia":[{"embeddable":true,"href":"https:\/\/bisbalpenedes.com\/web\/wp-json\/wp\/v2\/media\/4174"}],"wp:attachment":[{"href":"https:\/\/bisbalpenedes.com\/web\/wp-json\/wp\/v2\/media?parent=6467"}],"wp:term":[{"taxonomy":"category","embeddable":true,"href":"https:\/\/bisbalpenedes.com\/web\/wp-json\/wp\/v2\/categories?post=6467"},{"taxonomy":"post_tag","embeddable":true,"href":"https:\/\/bisbalpenedes.com\/web\/wp-json\/wp\/v2\/tags?post=6467"}],"curies":[{"name":"wp","href":"https:\/\/api.w.org\/{rel}","templated":true}]}}