{"id":6460,"date":"2018-07-17T12:09:51","date_gmt":"2018-07-17T11:09:51","guid":{"rendered":"http:\/\/bisbalpenedes.com\/web\/?p=6460"},"modified":"2018-07-17T12:09:51","modified_gmt":"2018-07-17T11:09:51","slug":"aquest-divendres-20-de-juliol-a-les-19-30h-el-cmc-acollira-una-xerrada-informativa-sobre-la-fibromialgia","status":"publish","type":"post","link":"https:\/\/bisbalpenedes.com\/web\/2018\/07\/17\/aquest-divendres-20-de-juliol-a-les-19-30h-el-cmc-acollira-una-xerrada-informativa-sobre-la-fibromialgia\/","title":{"rendered":"Aquest divendres 20 de juliol a les 19.30h el CMC acollir\u00e0 una xerrada informativa sobre la fibromi\u00e0lgia"},"content":{"rendered":"<p style=\"text-align: left;\"><span style=\"color: #000000;\">El divendres 20 de juliol, a les 19.30h, el CMC acollir\u00e0 una xerrada informativa sobre la fibromi\u00e0lgia que anir\u00e0 a c\u00e0rrec del Dr. Perunella del Centre la riera del Vendrell, la psic\u00f2loga-coach Neus Navarro i l&#8217;associaci\u00f3 AFIBROMED.<\/span><\/p>\n<hr \/>\n<p style=\"text-align: left;\"><span style=\"color: #000000;\"><strong>CASTELLANO<\/strong> | El viernes 20 de julio, a las 19.30h, el CMC acoger\u00e1 una charla informativa sobre la fibromialgia que ir\u00e1 a cargo del Dr. Perunella del Centre la Riera del Vendrell, la psic\u00f3loga-coach Neus Navarro y la asociaci\u00f3n AFIBROMED.<\/span><\/p>\n<p style=\"text-align: center;\"><a href=\"http:\/\/bisbalpenedes.com\/web\/wp-content\/uploads\/2018\/07\/XERRADA_FIBROMIALGIA_18b.jpg\"><img loading=\"lazy\" class=\"size-large wp-image-6461 aligncenter\" src=\"http:\/\/bisbalpenedes.com\/web\/wp-content\/uploads\/2018\/07\/XERRADA_FIBROMIALGIA_18b-724x1024.jpg\" alt=\"XERRADA_FIBROMIALGIA_18b\" width=\"630\" height=\"891\" srcset=\"https:\/\/bisbalpenedes.com\/web\/wp-content\/uploads\/2018\/07\/XERRADA_FIBROMIALGIA_18b-724x1024.jpg 724w, https:\/\/bisbalpenedes.com\/web\/wp-content\/uploads\/2018\/07\/XERRADA_FIBROMIALGIA_18b-600x848.jpg 600w, https:\/\/bisbalpenedes.com\/web\/wp-content\/uploads\/2018\/07\/XERRADA_FIBROMIALGIA_18b-212x300.jpg 212w, https:\/\/bisbalpenedes.com\/web\/wp-content\/uploads\/2018\/07\/XERRADA_FIBROMIALGIA_18b-768x1086.jpg 768w, https:\/\/bisbalpenedes.com\/web\/wp-content\/uploads\/2018\/07\/XERRADA_FIBROMIALGIA_18b.jpg 1754w\" sizes=\"(max-width: 630px) 100vw, 630px\" \/><\/a><\/p>\n","protected":false},"excerpt":{"rendered":"<p>El divendres 20 de juliol, a les 19.30h, el CMC acollir\u00e0 una xerrada informativa sobre la fibromi\u00e0lgia que anir\u00e0 a c\u00e0rrec del Dr. Perunella del Centre la riera del Vendrell, &hellip; <a href=\"https:\/\/bisbalpenedes.com\/web\/2018\/07\/17\/aquest-divendres-20-de-juliol-a-les-19-30h-el-cmc-acollira-una-xerrada-informativa-sobre-la-fibromialgia\/\" class=\"more-link\">Read More<\/a><\/p>\n","protected":false},"author":4,"featured_media":6461,"comment_status":"closed","ping_status":"closed","sticky":false,"template":"","format":"standard","meta":[],"categories":[14],"tags":[226,2104,2103,2105,28],"_links":{"self":[{"href":"https:\/\/bisbalpenedes.com\/web\/wp-json\/wp\/v2\/posts\/6460"}],"collection":[{"href":"https:\/\/bisbalpenedes.com\/web\/wp-json\/wp\/v2\/posts"}],"about":[{"href":"https:\/\/bisbalpenedes.com\/web\/wp-json\/wp\/v2\/types\/post"}],"author":[{"embeddable":true,"href":"https:\/\/bisbalpenedes.com\/web\/wp-json\/wp\/v2\/users\/4"}],"replies":[{"embeddable":true,"href":"https:\/\/bisbalpenedes.com\/web\/wp-json\/wp\/v2\/comments?post=6460"}],"version-history":[{"count":1,"href":"https:\/\/bisbalpenedes.com\/web\/wp-json\/wp\/v2\/posts\/6460\/revisions"}],"predecessor-version":[{"id":6462,"href":"https:\/\/bisbalpenedes.com\/web\/wp-json\/wp\/v2\/posts\/6460\/revisions\/6462"}],"wp:featuredmedia":[{"embeddable":true,"href":"https:\/\/bisbalpenedes.com\/web\/wp-json\/wp\/v2\/media\/6461"}],"wp:attachment":[{"href":"https:\/\/bisbalpenedes.com\/web\/wp-json\/wp\/v2\/media?parent=6460"}],"wp:term":[{"taxonomy":"category","embeddable":true,"href":"https:\/\/bisbalpenedes.com\/web\/wp-json\/wp\/v2\/categories?post=6460"},{"taxonomy":"post_tag","embeddable":true,"href":"https:\/\/bisbalpenedes.com\/web\/wp-json\/wp\/v2\/tags?post=6460"}],"curies":[{"name":"wp","href":"https:\/\/api.w.org\/{rel}","templated":true}]}}