{"id":6438,"date":"2018-07-16T09:18:08","date_gmt":"2018-07-16T08:18:08","guid":{"rendered":"http:\/\/bisbalpenedes.com\/web\/?p=6438"},"modified":"2018-07-16T09:18:08","modified_gmt":"2018-07-16T08:18:08","slug":"la-societat-celebra-la-festa-major-xica-els-dies-21-i-22-de-juliol","status":"publish","type":"post","link":"https:\/\/bisbalpenedes.com\/web\/2018\/07\/16\/la-societat-celebra-la-festa-major-xica-els-dies-21-i-22-de-juliol\/","title":{"rendered":"La Societat celebra la Festa Major Xica els dies 21 i 22 de juliol"},"content":{"rendered":"<p><span style=\"color: #000000;\">La Societat celebra la Festa major Xica el proper cap de setmana.<\/span><\/p>\n<p><span style=\"color: #000000;\">El dissabte 21 de juliol\u00a0 a les 22h hi haur\u00e0 havaneres amb el grup Son de l&#8217;Havana i rom cremat t\u00edpic de la Bisbal.<\/span><\/p>\n<p><span style=\"color: #000000;\">El diumenge 22 a les 9h hi haur\u00e0 matinades amb els Grallers de la Societat i a les 12h Cercavila amb els Geganters de la Societat.<\/span><\/p>\n<hr \/>\n<p><span style=\"color: #000000;\"><strong>CASTELLANO<\/strong> | La Societat celebra la Festa major Xica el pr\u00f3ximo fin de semana.<\/span><\/p>\n<p><span style=\"color: #000000;\">El s\u00e1bado 21 de julio a las 22h habr\u00e1 habaneras con el grupo Son de l&#8217;Havana y ron quemado t\u00edpico de la Bisbal.<\/span><\/p>\n<p><span style=\"color: #000000;\">El domingo 22 de julio a las 9h habr\u00e1 matinades con los Grallers de la Societat y a las 12h Cercavila con los Geganters de la Societat.<\/span><\/p>\n<p><a href=\"http:\/\/bisbalpenedes.com\/web\/wp-content\/uploads\/2018\/07\/FESTA-MAJOR-XICA-2018.jpg\"><img loading=\"lazy\" class=\"aligncenter size-large wp-image-6439\" src=\"http:\/\/bisbalpenedes.com\/web\/wp-content\/uploads\/2018\/07\/FESTA-MAJOR-XICA-2018-724x1024.jpg\" alt=\"FESTA-MAJOR-XICA-2018\" width=\"630\" height=\"891\" srcset=\"https:\/\/bisbalpenedes.com\/web\/wp-content\/uploads\/2018\/07\/FESTA-MAJOR-XICA-2018-724x1024.jpg 724w, https:\/\/bisbalpenedes.com\/web\/wp-content\/uploads\/2018\/07\/FESTA-MAJOR-XICA-2018-600x848.jpg 600w, https:\/\/bisbalpenedes.com\/web\/wp-content\/uploads\/2018\/07\/FESTA-MAJOR-XICA-2018-212x300.jpg 212w, https:\/\/bisbalpenedes.com\/web\/wp-content\/uploads\/2018\/07\/FESTA-MAJOR-XICA-2018-768x1086.jpg 768w, https:\/\/bisbalpenedes.com\/web\/wp-content\/uploads\/2018\/07\/FESTA-MAJOR-XICA-2018.jpg 1754w\" sizes=\"(max-width: 630px) 100vw, 630px\" \/><\/a><\/p>\n","protected":false},"excerpt":{"rendered":"<p>La Societat celebra la Festa major Xica el proper cap de setmana. El dissabte 21 de juliol\u00a0 a les 22h hi haur\u00e0 havaneres amb el grup Son de l&#8217;Havana i &hellip; <a href=\"https:\/\/bisbalpenedes.com\/web\/2018\/07\/16\/la-societat-celebra-la-festa-major-xica-els-dies-21-i-22-de-juliol\/\" class=\"more-link\">Read More<\/a><\/p>\n","protected":false},"author":4,"featured_media":6439,"comment_status":"closed","ping_status":"closed","sticky":false,"template":"","format":"standard","meta":[],"categories":[1042],"tags":[631,653,238,300,630,2101],"_links":{"self":[{"href":"https:\/\/bisbalpenedes.com\/web\/wp-json\/wp\/v2\/posts\/6438"}],"collection":[{"href":"https:\/\/bisbalpenedes.com\/web\/wp-json\/wp\/v2\/posts"}],"about":[{"href":"https:\/\/bisbalpenedes.com\/web\/wp-json\/wp\/v2\/types\/post"}],"author":[{"embeddable":true,"href":"https:\/\/bisbalpenedes.com\/web\/wp-json\/wp\/v2\/users\/4"}],"replies":[{"embeddable":true,"href":"https:\/\/bisbalpenedes.com\/web\/wp-json\/wp\/v2\/comments?post=6438"}],"version-history":[{"count":1,"href":"https:\/\/bisbalpenedes.com\/web\/wp-json\/wp\/v2\/posts\/6438\/revisions"}],"predecessor-version":[{"id":6440,"href":"https:\/\/bisbalpenedes.com\/web\/wp-json\/wp\/v2\/posts\/6438\/revisions\/6440"}],"wp:featuredmedia":[{"embeddable":true,"href":"https:\/\/bisbalpenedes.com\/web\/wp-json\/wp\/v2\/media\/6439"}],"wp:attachment":[{"href":"https:\/\/bisbalpenedes.com\/web\/wp-json\/wp\/v2\/media?parent=6438"}],"wp:term":[{"taxonomy":"category","embeddable":true,"href":"https:\/\/bisbalpenedes.com\/web\/wp-json\/wp\/v2\/categories?post=6438"},{"taxonomy":"post_tag","embeddable":true,"href":"https:\/\/bisbalpenedes.com\/web\/wp-json\/wp\/v2\/tags?post=6438"}],"curies":[{"name":"wp","href":"https:\/\/api.w.org\/{rel}","templated":true}]}}