{"id":6421,"date":"2018-07-13T15:42:14","date_gmt":"2018-07-13T14:42:14","guid":{"rendered":"http:\/\/bisbalpenedes.com\/web\/?p=6421"},"modified":"2018-07-13T15:43:05","modified_gmt":"2018-07-13T14:43:05","slug":"lalcaldessa-de-la-bisbal-participa-en-una-jornada-dedicada-a-la-inversio-en-creixement-ocupacio-innovacio-i-energia-verda","status":"publish","type":"post","link":"https:\/\/bisbalpenedes.com\/web\/2018\/07\/13\/lalcaldessa-de-la-bisbal-participa-en-una-jornada-dedicada-a-la-inversio-en-creixement-ocupacio-innovacio-i-energia-verda\/","title":{"rendered":"L&#8217;alcaldessa de la Bisbal participa en una jornada dedicada a la inversi\u00f3 en creixement, ocupaci\u00f3, innovaci\u00f3 i energia verda"},"content":{"rendered":"<p><a href=\"http:\/\/bisbalpenedes.com\/web\/wp-content\/uploads\/2018\/07\/FEDER-FOTO.jpg\"><img loading=\"lazy\" class=\"aligncenter size-large wp-image-6422\" src=\"http:\/\/bisbalpenedes.com\/web\/wp-content\/uploads\/2018\/07\/FEDER-FOTO-1024x768.jpg\" alt=\"FEDER FOTO\" width=\"630\" height=\"473\" srcset=\"https:\/\/bisbalpenedes.com\/web\/wp-content\/uploads\/2018\/07\/FEDER-FOTO-1024x768.jpg 1024w, https:\/\/bisbalpenedes.com\/web\/wp-content\/uploads\/2018\/07\/FEDER-FOTO-600x450.jpg 600w, https:\/\/bisbalpenedes.com\/web\/wp-content\/uploads\/2018\/07\/FEDER-FOTO-300x225.jpg 300w, https:\/\/bisbalpenedes.com\/web\/wp-content\/uploads\/2018\/07\/FEDER-FOTO-768x576.jpg 768w\" sizes=\"(max-width: 630px) 100vw, 630px\" \/><\/a><\/p>\n<p style=\"text-align: justify;\"><span style=\"color: #000000;\">L&#8217;alcaldessa de la Bisbal del Pened\u00e8s, Agn\u00e8s Ferr\u00e9, ha assistit aquest dijous 12 de juliol a la Jornada l\u00ednies estrat\u00e8giques del FEDER a Catalunya 2014\/2020 als ens locals del Camp de Tarragona. La Trobada s&#8217;ha fet amb l&#8217;objectiu de presentar el programa operatiu d&#8217;inversi\u00f3 en creixement i ocupaci\u00f3 FEDER Catalunya 2014-2020, prioritzant les inversions en els \u00e0mbits de la innovaci\u00f3 i el coneixement, el dinamisme empresarial i l&#8217;economia verda. El Departament de Presid\u00e8ncia posa a l&#8217;abast dels ens locals una segona convocat\u00f2ria de subvencions adre\u00e7ada a la Diputaci\u00f3, els Consells Comarcals i els municipis de m\u00e9s de 20.000 habitants, basades en dos eixos:<\/span><\/p>\n<p style=\"padding-left: 30px; text-align: justify;\"><span style=\"color: #000000;\">-Afavorir el pas a una economia baixa en carboni en tots els sectors<\/span><\/p>\n<p style=\"padding-left: 30px; text-align: justify;\"><span style=\"color: #000000;\">-Conservar i protegir el medi ambient i promoure l&#8217;efici\u00e8ncia de recursos<\/span><\/p>\n<p style=\"text-align: justify;\"><span style=\"color: #000000;\">L&#8217;alcaldessa de la Bisbal ha fet un balan\u00e7 positiu de la jornada, remarcant les idees que n&#8217;ha pogut extreure quant a innovaci\u00f3, dinamisme empresarial o economia verda, que podrien ser aplicables al pol\u00edgon industrial, o els eixos del programa operatiu d&#8217;inversi\u00f3 en creixement i ocupaci\u00f3, que tenen una relaci\u00f3 directa amb la regidoria d&#8217;Ocupaci\u00f3, \u00e0rea de la qual n&#8217;\u00e9s la m\u00e0xima responsable. D&#8217;altra banda tamb\u00e9 ha estat una trobada profitosa com a consellera comarcal, ja que podr\u00e0 aportar els coneixements adquirits a la\u00a0jornada\u00a0en properes reunions amb la resta de consellers i conselleres comarcals.<\/span><\/p>\n<p style=\"text-align: justify;\"><span style=\"color: #000000;\">L&#8217;acte ha estat presidit per la Consellera de Governaci\u00f3, Elsa Artadi; el Director dels Serveis Territorials de Governaci\u00f3 a Tarragona, Baptista Captell; el Secretari d&#8217;Administracions locals i de relacions amb l&#8217;Aran, Miquel \u00c0ngel Escobar; la Directora General d&#8217;Administraci\u00f3 Local, Rosa Vestit i el Subdirector General de Cooperaci\u00f3 local, Jordi Castells. A l&#8217;acte hi han assistit t\u00e8cnics de la Diputaci\u00f3 de Tarragona, t\u00e8cnics de Consells Comarcals del Camp de Tarragona i alcaldes i alcaldesses del Camp de Tarragona. Pel que fa al Baix Pened\u00e8s, l&#8217;acte ha comptat amb la pres\u00e8ncia de la gerent del Consell Comarcal del Baix Pened\u00e8s, Marta Mercad\u00e9; Julio Ramon, regidor de Cunit, en representaci\u00f3 de l&#8217;alcaldessa Montserrat Carreras, i l&#8217;alcaldessa de la Bisbal del Pened\u00e8s, Agn\u00e8s Ferr\u00e9.\u00a0<\/span><\/p>\n<hr \/>\n<p style=\"text-align: justify;\"><span style=\"color: #000000;\"><strong>CASTELLANO<\/strong> | La alcaldesa de la Bisbal del Pened\u00e8s, Agn\u00e8s Ferr\u00e9, ha asistido este jueves 12 de julio a la Jornada l\u00ednies estrat\u00e8giques del <em>FEDER a Catalunya 2014\/2020 als ens locals del Camp de Tarragona<\/em>. El encuentro se ha hecho con el objetivo de presentar el programa operativo de inversi\u00f3n en crecimiento y ocupaci\u00f3n FEDER Catalunya 2014-2020, priorizando las inversiones en los \u00e1mbitos de la innovaci\u00f3n y el conocimiento, el dinamismo empresarial y la econom\u00eda verde. El Departamento de Presidencia pone a disposici\u00f3n de los entes locales una segunda convocatoria de subvenciones dirigida a la Diputaci\u00f3n, los Consells Comarcals\u00a0 y los municipios de m\u00e1s de 20.000 habitantes, basadas en dos ejes:<\/span><\/p>\n<p style=\"padding-left: 30px; text-align: justify;\"><span style=\"color: #000000;\">-Favorecer el paso a una econom\u00eda baja en carbono en todos los sectores<\/span><\/p>\n<p style=\"padding-left: 30px; text-align: justify;\"><span style=\"color: #000000;\">-Conservar y proteger el medio ambiente y promover la eficiencia de recursos.<\/span><\/p>\n<p style=\"text-align: justify;\"><span style=\"color: #000000;\">La alcaldesa de la Bisbal ha hecho un balance positivo de la jornada, remarcando las ideas que ha podido extraer de las \u00e1reas de innovaci\u00f3n, dinamismo empresarial o econom\u00eda verde, que podr\u00edan ser aplicables en el pol\u00edgono industrial, o los ejes del programa operativo de inversi\u00f3n en crecimiento y ocupaci\u00f3n, que tienen una relaci\u00f3n directa con la Regidoria d&#8217;Ocupaci\u00f3, \u00e1rea de la que es la m\u00e1xima responsable. Por otro lado tambi\u00e9n ha sido un encuentro provechoso como consejera comarcal, ya que podr\u00e1 aportar los conocimientos adquiridos en\u00a0la jornada en las pr\u00f3ximas reuniones con el resto de consellers y conselleres comarcals.<\/span><\/p>\n<p style=\"text-align: justify;\"><span style=\"color: #000000;\">El acto ha sido presidido por la Consellera de Governaci\u00f3, Elsa Artadi; el Director de Serveis Territorials de Governaci\u00f3 a Tarragona, Baptista Captell; el Secretari d&#8217;Administracions locals i de relacions amb l&#8217;Aran, Miquel \u00c0ngel Escobar, la Directora General d&#8217;Administraci\u00f3 Local, Rosa Vestit y el Subdirector General de Cooperaci\u00f3 local, Jordi Castells. Al acto han asistido t\u00e9cnicos de la Diputaci\u00f3 de Tarragona, t\u00e9cnicos de Consells Comarcals del Camp de Tarragona y alcaldes y alcaldesas del Camp de Tarragona.\u00a0En cuanto al Baix Pened\u00e8s, el acto ha contado con la presencia de la gerente\u00a0del Consell Comarcal del Baix Pened\u00e8s, Marta Mercad\u00e9; Julio Ramon, regidor de Cunit, en representaci\u00f3n de la alcaldesa Montserrat Carreras, y la alcaldesa de la Bisbal del Pened\u00e8s, Agn\u00e8s Ferr\u00e9.<\/span><\/p>\n","protected":false},"excerpt":{"rendered":"<p>L&#8217;alcaldessa de la Bisbal del Pened\u00e8s, Agn\u00e8s Ferr\u00e9, ha assistit aquest dijous 12 de juliol a la Jornada l\u00ednies estrat\u00e8giques del FEDER a Catalunya 2014\/2020 als ens locals del Camp &hellip; <a href=\"https:\/\/bisbalpenedes.com\/web\/2018\/07\/13\/lalcaldessa-de-la-bisbal-participa-en-una-jornada-dedicada-a-la-inversio-en-creixement-ocupacio-innovacio-i-energia-verda\/\" class=\"more-link\">Read More<\/a><\/p>\n","protected":false},"author":4,"featured_media":6424,"comment_status":"closed","ping_status":"closed","sticky":false,"template":"","format":"standard","meta":[],"categories":[2057],"tags":[2092,2095,396,2094,2097,2093,2096,10,568,446],"_links":{"self":[{"href":"https:\/\/bisbalpenedes.com\/web\/wp-json\/wp\/v2\/posts\/6421"}],"collection":[{"href":"https:\/\/bisbalpenedes.com\/web\/wp-json\/wp\/v2\/posts"}],"about":[{"href":"https:\/\/bisbalpenedes.com\/web\/wp-json\/wp\/v2\/types\/post"}],"author":[{"embeddable":true,"href":"https:\/\/bisbalpenedes.com\/web\/wp-json\/wp\/v2\/users\/4"}],"replies":[{"embeddable":true,"href":"https:\/\/bisbalpenedes.com\/web\/wp-json\/wp\/v2\/comments?post=6421"}],"version-history":[{"count":3,"href":"https:\/\/bisbalpenedes.com\/web\/wp-json\/wp\/v2\/posts\/6421\/revisions"}],"predecessor-version":[{"id":6426,"href":"https:\/\/bisbalpenedes.com\/web\/wp-json\/wp\/v2\/posts\/6421\/revisions\/6426"}],"wp:featuredmedia":[{"embeddable":true,"href":"https:\/\/bisbalpenedes.com\/web\/wp-json\/wp\/v2\/media\/6424"}],"wp:attachment":[{"href":"https:\/\/bisbalpenedes.com\/web\/wp-json\/wp\/v2\/media?parent=6421"}],"wp:term":[{"taxonomy":"category","embeddable":true,"href":"https:\/\/bisbalpenedes.com\/web\/wp-json\/wp\/v2\/categories?post=6421"},{"taxonomy":"post_tag","embeddable":true,"href":"https:\/\/bisbalpenedes.com\/web\/wp-json\/wp\/v2\/tags?post=6421"}],"curies":[{"name":"wp","href":"https:\/\/api.w.org\/{rel}","templated":true}]}}