{"id":6411,"date":"2018-07-13T14:12:21","date_gmt":"2018-07-13T13:12:21","guid":{"rendered":"http:\/\/bisbalpenedes.com\/web\/?p=6411"},"modified":"2018-07-13T14:12:21","modified_gmt":"2018-07-13T13:12:21","slug":"sobre-la-convocatoria-per-demanar-subvencions-sobre-la-quota-liquida-de-libi-per-a-persones-amb-pocs-recursos","status":"publish","type":"post","link":"https:\/\/bisbalpenedes.com\/web\/2018\/07\/13\/sobre-la-convocatoria-per-demanar-subvencions-sobre-la-quota-liquida-de-libi-per-a-persones-amb-pocs-recursos\/","title":{"rendered":"S&#8217;obre la convocat\u00f2ria per demanar subvencions sobre la quota l\u00edquida de l&#8217;IBI per a persones amb pocs recursos"},"content":{"rendered":"<p style=\"text-align: justify;\"><span style=\"color: #000000;\">S&#8217;obre el termini per presentar sol\u00b7lcituds a la convocat\u00f2ria per a la concessi\u00f3 de subvencions sobre la quota l\u00edquida de l&#8217;Impost sobre B\u00e9ns Immobles a persones amb pocs recursos, corresponent al domicili habitual, exercici 2018.<\/span><\/p>\n<p style=\"text-align: justify;\"><span style=\"color: #000000;\">L&#8217;Ajuntament subvencionar\u00e0 el 60% de la quota de l&#8217;IBI, amb un m\u00e0xim de 300\u20ac, als propietaris o llogaters als\u00a0qui se&#8217;ls repercuteix la quota de l&#8217;IBI al rebut de lloguer, que tinguin uns ingressos bruts inferiors als referenciats a l&#8217;IRSC (Indicador de Renda de Sufici\u00e8ncia de Catalunya.).<\/span><\/p>\n<p style=\"text-align: justify;\"><span style=\"color: #000000;\">La finalitat \u00e9s contribuir al sosteniment del col\u00b7lectiu de persones vulnerables al risc de pobresa i d&#8217;exclusi\u00f3 social mitjan\u00e7ant la compensaci\u00f3 parcial de la c\u00e0rrega tribut\u00e0ria municipal associada a l&#8217;habitatge habitual.<\/span><\/p>\n<p style=\"text-align: justify;\"><span style=\"color: #000000;\"><strong>Requisits dels sol\u00b7licitants<\/strong><\/span><\/p>\n<ul style=\"text-align: justify;\">\n<li><span style=\"color: #000000;\">estar empadronat a La Bisbal del Pened\u00e8s, a\u00a0l&#8217;habitatge pel qual se sol\u00b7licita aquesta subvenci\u00f3. Aquest empadronament ha de ser vigent, com a m\u00ednim, des de l\u20191 de gener de 2018 fins a la data de formalitzaci\u00f3 de la sol\u00b7licitud de subvenci\u00f3<\/span><\/li>\n<li><span style=\"color: #000000;\">ser subjecte passiu de l\u2019Impost sobre B\u00e9ns Immobles (IBI) pel seu habitatge habitual com a propietari de l\u2019immoble o que se li repercuteixi la quota en els rebuts de lloguer<\/span><\/li>\n<li><span style=\"color: #000000;\">ser subjecte passiu de l\u2019IBI o tenir l\u2019IBI repercutit al rebut de lloguer en la data de meritaci\u00f3 de la quota subvencionada.<\/span><\/li>\n<li><span style=\"color: #000000;\">no ser propietari d\u2019altres immobles urbans ni la persona sol\u00b7licitant, ni cap persona empadronada que visqui a l\u2019habitatge<\/span><\/li>\n<li><span style=\"color: #000000;\">la persona sol\u00b7licitant i els que estiguin empadronats al mateix habitatge, han de tenir uns ingressos anuals bruts iguals o inferiors al llindar d\u2019ingressos referenciats a l\u2019IRSC<\/span><\/li>\n<li><span style=\"color: #000000;\">estar al corrent de pagament de les obligacions fiscals amb l\u2019Ajuntament, la resta d\u2019Administracions P\u00fabliques i amb la Seguretat Social. La presentaci\u00f3 de declaraci\u00f3 responsable substituir\u00e0 a la presentaci\u00f3 dels certificats de trobar-se al corrent de les obligacions tribut\u00e0ries i amb la Seguretat Social<\/span><\/li>\n<\/ul>\n<p style=\"text-align: justify;\"><span style=\"color: #000000;\">Es poden presentar sol\u00b7licituds fins al divendres 10 d&#8217;agost.<\/span><\/p>\n<p style=\"padding-left: 30px; text-align: justify;\"><span style=\"color: #000000;\"><strong>Bases de la convocat\u00f2ria:\u00a0<a style=\"color: #000000;\" href=\"http:\/\/bisbalpenedes.com\/web\/wp-content\/uploads\/2018\/07\/BASES-SUBVENCIONS-IBI-PER-A-PERSONES-AMB-POCS-RECURSOS.pdf\">BASES SUBVENCIONS IBI PER A PERSONES AMB POCS RECURSOS<\/a><\/strong><\/span><\/p>\n<p style=\"padding-left: 30px; text-align: justify;\"><span style=\"color: #000000;\"><strong>Model de sol\u00b7licitud:\u00a0<a style=\"color: #000000;\" href=\"http:\/\/bisbalpenedes.com\/web\/wp-content\/uploads\/2018\/07\/MODEL-SOL-LICITUD-SUBVENCIONS-QUOTA-IBI-PERSONES-AMB-POCS-RECURSOS.doc.pdf\">MODEL SOL-LICITUD SUBVENCIONS QUOTA IBI PERSONES AMB POCS RECURSOS<\/a><\/strong><\/span><\/p>\n<p style=\"text-align: justify;\"><span style=\"color: #000000;\">L\u2019import\u00a0total que hi ha al pressupost 2018 de l\u2019Ajuntament per aquesta subvenci\u00f3 \u00e9s de 4.000\u20ac.<\/span><\/p>\n<hr \/>\n<p style=\"text-align: justify;\"><span style=\"color: #000000;\"><strong>CASTELLANO<\/strong> | Se abre el plazo para presentar solicitudes a la convocatoria para la concesi\u00f3n de subvenciones sobre la cuota l\u00edquida del Impuesto sobre Bienes Inmuebles para personas con pocos recursos, correspondiente al domicilio habitual, ejercicio 2018.<\/span><\/p>\n<p style=\"text-align: justify;\"><span style=\"color: #000000;\">El Ayuntamiento subvencionar\u00e1 el 60% de la cuota del IBI, con un m\u00e1ximo de 300\u20ac, a los propietarios o arrendatarios a los que se les repercuta la cuota del IBI en el recibo del alquiler, que tengan unos ingresos brutos inferiores a los referenciados en el IRSC (Indicador de Renta de Suficiencia de Catalunya).<\/span><\/p>\n<p style=\"text-align: justify;\"><span style=\"color: #000000;\">La finalidad es contribuir al sostenimiento del colectivo de personas vulnerables al riesgo de pobreza y de exclusi\u00f3n social mediante la compensacion parcial de la carga tributaria municipal asociada a la vivienda habitual.<\/span><\/p>\n<p style=\"text-align: justify;\"><span style=\"color: #000000;\">Requisitos de los solicitantes<\/span><\/p>\n<ul style=\"text-align: justify;\">\n<li><span style=\"color: #000000;\">estar empadronado en la Bisbal del Pened\u00e8s, en la vivienda para la cual se solicita esta subvenci\u00f3n. Este empadronamiento debe ser vigente, como m\u00ednimo, desde el 1 de enero del 2018 hasta la fecha de formalizaci\u00f3n de la solicitud de subvenci\u00f3n.<\/span><\/li>\n<li><span style=\"color: #000000;\">ser sujeto pasivo del Impuesto sobre Bienes Inmuebles (IBI) de su vivienda habitual como propietario del inmueble o que se le repercuta la cuota en los recibos del alquiler.\u00a0<\/span><\/li>\n<li><span style=\"color: #000000;\">ser sujeto pasivo del IBI o tener el IBI repercutido en el alquiler en la fecha de\u00a0devengo\u00a0de la cuota subvencionada<\/span><\/li>\n<li><span style=\"color: #000000;\">no ser propietario de otros inmuebles urbanos ni la persona solicitante, ni ninguna persona empadronada que viva en la vivienda<\/span><\/li>\n<li><span style=\"color: #000000;\">la persona solicitante y los que est\u00e9n empadronados en la misma vivienda, deben tener unos ingresos anuales brutos iguales o inferiores al umbral de ingresos referenciados en el IRSC<\/span><\/li>\n<li><span style=\"color: #000000;\">estar al corriente de pago de las obligaciones fiscales con el Ayuntamiento, el resto de Administraciones P\u00fablicas y la Seguridad Social. La presentaci\u00f3n de declaraci\u00f3n responsable sustituir\u00e1 la presentaci\u00f3n de los certificados si se encuentra al corriente de las obligaciones tributarias y con la Seguridad Social.\u00a0<\/span><\/li>\n<\/ul>\n<p style=\"text-align: justify;\"><span style=\"color: #000000;\">Convocatoria para la concesi\u00f3n de subvenciones sobre la cuota l\u00edquida del\u00a0Impuesto sobre Bienes Inmuebles\u00a0a personas con pocos recursos, correspondiente al domicilio habitual, ejercicio 2018. Se pueden presentar solicitudes hasta el viernes 10 de agosto.<\/span><\/p>\n<p style=\"padding-left: 30px; text-align: justify;\"><span style=\"color: #000000;\"><strong>Bases de la convocatoria\u00a0<a style=\"color: #000000;\" href=\"http:\/\/bisbalpenedes.com\/web\/wp-content\/uploads\/2018\/07\/BASES-SUBVENCIONS-IBI-PER-A-PERSONES-AMB-POCS-RECURSOS.pdf\">BASES SUBVENCIONS IBI PER A PERSONES AMB POCS RECURSOS<\/a><\/strong><\/span><\/p>\n<p style=\"padding-left: 30px; text-align: justify;\"><span style=\"color: #000000;\"><strong>Modelo de solicitud:\u00a0<a style=\"color: #000000;\" href=\"http:\/\/bisbalpenedes.com\/web\/wp-content\/uploads\/2018\/07\/MODEL-SOL-LICITUD-SUBVENCIONS-QUOTA-IBI-PERSONES-AMB-POCS-RECURSOS.doc.pdf\">MODEL SOL-LICITUD SUBVENCIONS QUOTA IBI PERSONES AMB POCS RECURSOS<\/a><\/strong><\/span><\/p>\n<p style=\"text-align: justify;\"><span style=\"color: #000000;\">El importe total que hay en el presupuesto del 2018 del Ayuntamiento de la Bisbal para esta subvenci\u00f3n es de 4.000\u20ac.<\/span><\/p>\n<p style=\"padding-left: 30px;\">\n","protected":false},"excerpt":{"rendered":"<p>S&#8217;obre el termini per presentar sol\u00b7lcituds a la convocat\u00f2ria per a la concessi\u00f3 de subvencions sobre la quota l\u00edquida de l&#8217;Impost sobre B\u00e9ns Immobles a persones amb pocs recursos, corresponent &hellip; <a href=\"https:\/\/bisbalpenedes.com\/web\/2018\/07\/13\/sobre-la-convocatoria-per-demanar-subvencions-sobre-la-quota-liquida-de-libi-per-a-persones-amb-pocs-recursos\/\" class=\"more-link\">Read More<\/a><\/p>\n","protected":false},"author":4,"featured_media":3049,"comment_status":"closed","ping_status":"closed","sticky":false,"template":"","format":"standard","meta":[],"categories":[1628],"tags":[1017,1180,978,2089,102],"_links":{"self":[{"href":"https:\/\/bisbalpenedes.com\/web\/wp-json\/wp\/v2\/posts\/6411"}],"collection":[{"href":"https:\/\/bisbalpenedes.com\/web\/wp-json\/wp\/v2\/posts"}],"about":[{"href":"https:\/\/bisbalpenedes.com\/web\/wp-json\/wp\/v2\/types\/post"}],"author":[{"embeddable":true,"href":"https:\/\/bisbalpenedes.com\/web\/wp-json\/wp\/v2\/users\/4"}],"replies":[{"embeddable":true,"href":"https:\/\/bisbalpenedes.com\/web\/wp-json\/wp\/v2\/comments?post=6411"}],"version-history":[{"count":2,"href":"https:\/\/bisbalpenedes.com\/web\/wp-json\/wp\/v2\/posts\/6411\/revisions"}],"predecessor-version":[{"id":6415,"href":"https:\/\/bisbalpenedes.com\/web\/wp-json\/wp\/v2\/posts\/6411\/revisions\/6415"}],"wp:featuredmedia":[{"embeddable":true,"href":"https:\/\/bisbalpenedes.com\/web\/wp-json\/wp\/v2\/media\/3049"}],"wp:attachment":[{"href":"https:\/\/bisbalpenedes.com\/web\/wp-json\/wp\/v2\/media?parent=6411"}],"wp:term":[{"taxonomy":"category","embeddable":true,"href":"https:\/\/bisbalpenedes.com\/web\/wp-json\/wp\/v2\/categories?post=6411"},{"taxonomy":"post_tag","embeddable":true,"href":"https:\/\/bisbalpenedes.com\/web\/wp-json\/wp\/v2\/tags?post=6411"}],"curies":[{"name":"wp","href":"https:\/\/api.w.org\/{rel}","templated":true}]}}