{"id":6388,"date":"2018-07-13T11:05:25","date_gmt":"2018-07-13T10:05:25","guid":{"rendered":"http:\/\/bisbalpenedes.com\/web\/?p=6388"},"modified":"2018-07-13T11:06:57","modified_gmt":"2018-07-13T10:06:57","slug":"fins-al-31-de-juliol-es-pot-demanar-el-servei-de-bus-del-consell-comarcal-del-baix-penedes-per-a-alumnes-que-viuen-en-urbanitzacions-de-la-bisbal","status":"publish","type":"post","link":"https:\/\/bisbalpenedes.com\/web\/2018\/07\/13\/fins-al-31-de-juliol-es-pot-demanar-el-servei-de-bus-del-consell-comarcal-del-baix-penedes-per-a-alumnes-que-viuen-en-urbanitzacions-de-la-bisbal\/","title":{"rendered":"Fins al 31 de juliol es pot demanar el servei de bus del Consell Comarcal del Baix Pened\u00e8s"},"content":{"rendered":"<p style=\"text-align: justify;\"><span style=\"color: #000000;\">La Regidoria d&#8217;Educaci\u00f3 informa que els alumnes de l&#8217;Escola Ull de Vent que viuen a les urbanitzacions poden sol\u00b7licitar el servei de bus escolar del Consell Comarcal del Baix Pened\u00e8s a l&#8217;Ajuntament de la Bisbal del Pened\u00e8s fins al 31 de juliol de 2018. Us adjuntem els dos documents que cal portar, emplenats, a l&#8217;Ajuntament:<\/span><\/p>\n<p style=\"text-align: justify;\"><span style=\"color: #000000;\"><a style=\"color: #000000;\" href=\"http:\/\/bisbalpenedes.com\/web\/wp-content\/uploads\/2018\/07\/MODEL-12-Sol\u00b7licitud-Transport-Escolar.odt\">MODEL 12 &#8211; Sol\u00b7licitud Transport Escolar<\/a><\/span><\/p>\n<p style=\"text-align: justify;\"><span style=\"color: #000000;\"><a style=\"color: #000000;\" href=\"http:\/\/bisbalpenedes.com\/web\/wp-content\/uploads\/2018\/07\/Domiciliacio-Bancaria-Bus-CCBP.pdf\">Domiciliacio Bancaria Bus CCBP<\/a><\/span><\/p>\n<hr \/>\n<p style=\"text-align: justify;\"><span style=\"color: #000000;\">La Regidoria d&#8217;Educaci\u00f3 informa que l os alumnos de la Escola Ull de Vent que viven en las urbanizaciones pueden solicitar el servicio de bus escolar del Consell Comarcal del Baix Pened\u00e8s en el Ayuntamiento de la Bisbal del Pened\u00e8s hasta el d\u00eda 31 de julio del 2018. Os adjuntamos los dos documentos que hay que traer, cumplimentados, al Ayuntamiento:\u00a0<\/span><\/p>\n<p style=\"text-align: justify;\"><span style=\"color: #000000;\"><a style=\"color: #000000;\" href=\"http:\/\/bisbalpenedes.com\/web\/wp-content\/uploads\/2018\/07\/MODEL-12-Sol\u00b7licitud-Transport-Escolar.odt\">MODEL 12 &#8211; Sol\u00b7licitud Transport Escolar<\/a><\/span><\/p>\n<p style=\"text-align: justify;\"><span style=\"color: #000000;\"><a style=\"color: #000000;\" href=\"http:\/\/bisbalpenedes.com\/web\/wp-content\/uploads\/2018\/07\/Domiciliacio-Bancaria-Bus-CCBP.pdf\">Domiciliacio Bancaria Bus CCBP<\/a><\/span><\/p>\n<p>&nbsp;<\/p>\n","protected":false},"excerpt":{"rendered":"<p>La Regidoria d&#8217;Educaci\u00f3 informa que els alumnes de l&#8217;Escola Ull de Vent que viuen a les urbanitzacions poden sol\u00b7licitar el servei de bus escolar del Consell Comarcal del Baix Pened\u00e8s &hellip; <a href=\"https:\/\/bisbalpenedes.com\/web\/2018\/07\/13\/fins-al-31-de-juliol-es-pot-demanar-el-servei-de-bus-del-consell-comarcal-del-baix-penedes-per-a-alumnes-que-viuen-en-urbanitzacions-de-la-bisbal\/\" class=\"more-link\">Read More<\/a><\/p>\n","protected":false},"author":4,"featured_media":6391,"comment_status":"closed","ping_status":"closed","sticky":false,"template":"","format":"standard","meta":[],"categories":[16],"tags":[2083,396,2084],"_links":{"self":[{"href":"https:\/\/bisbalpenedes.com\/web\/wp-json\/wp\/v2\/posts\/6388"}],"collection":[{"href":"https:\/\/bisbalpenedes.com\/web\/wp-json\/wp\/v2\/posts"}],"about":[{"href":"https:\/\/bisbalpenedes.com\/web\/wp-json\/wp\/v2\/types\/post"}],"author":[{"embeddable":true,"href":"https:\/\/bisbalpenedes.com\/web\/wp-json\/wp\/v2\/users\/4"}],"replies":[{"embeddable":true,"href":"https:\/\/bisbalpenedes.com\/web\/wp-json\/wp\/v2\/comments?post=6388"}],"version-history":[{"count":2,"href":"https:\/\/bisbalpenedes.com\/web\/wp-json\/wp\/v2\/posts\/6388\/revisions"}],"predecessor-version":[{"id":6393,"href":"https:\/\/bisbalpenedes.com\/web\/wp-json\/wp\/v2\/posts\/6388\/revisions\/6393"}],"wp:featuredmedia":[{"embeddable":true,"href":"https:\/\/bisbalpenedes.com\/web\/wp-json\/wp\/v2\/media\/6391"}],"wp:attachment":[{"href":"https:\/\/bisbalpenedes.com\/web\/wp-json\/wp\/v2\/media?parent=6388"}],"wp:term":[{"taxonomy":"category","embeddable":true,"href":"https:\/\/bisbalpenedes.com\/web\/wp-json\/wp\/v2\/categories?post=6388"},{"taxonomy":"post_tag","embeddable":true,"href":"https:\/\/bisbalpenedes.com\/web\/wp-json\/wp\/v2\/tags?post=6388"}],"curies":[{"name":"wp","href":"https:\/\/api.w.org\/{rel}","templated":true}]}}